{"id":9427,"date":"2016-03-31T16:01:35","date_gmt":"2016-03-31T14:01:35","guid":{"rendered":"http:\/\/blog.zeit.de\/herdentrieb\/?p=9427"},"modified":"2016-03-31T21:22:19","modified_gmt":"2016-03-31T19:22:19","slug":"die-wendekanzlerin","status":"publish","type":"post","link":"https:\/\/blog.zeit.de\/herdentrieb\/2016\/03\/31\/die-wendekanzlerin_9427","title":{"rendered":"Die Wendekanzlerin"},"content":{"rendered":"<p>Dies ist ein Beitrag \u00fcber Angela Merkels Fl\u00fcchtlingspolitik. Er beginnt aber mit der Eurokrise. Diese Krise hat die Kanzlerin anfangs bekanntlich als Staatsschuldenkrise verstanden und daraus den Schluss gezogen, dass ihr nur beizukommen sei, wenn in Europa mehr gespart werde. Zu diesem Zweck wurden Fiskalpakt, Stabilit\u00e4tspakt und eine Reihe von anderen Pakten ersonnen beziehungsweise versch\u00e4rft, und unter den deutschen Merkel-Beobachtern hat sich in der Folge die Einsch\u00e4tzung durchgesetzt, dass sie als Siegerin vom Platz gegangen ist: Sie war die Kanzlerin der Austerit\u00e4t.<\/p>\n<p><!--more--><\/p>\n<p>Wenn man sich die Sache einmal n\u00e4her anschaut, stellt man jedoch fest, dass\u00a0es in Europa \u00fcberhaupt keine Austerit\u00e4t mehr gibt \u2013 zumindest, wenn man als Ma\u00dfstab f\u00fcr den Restriktionsgrad der Finanzpolitik die Entwicklung des strukturellen Defizits heranzieht. Dieses wurde bis zum Jahr 2014 zur\u00fcckgef\u00fchrt, steigt aber seither wieder, und ganz allgemein sind Merkels Pakte immer mehr Eurostaaten ziemlich egal (siehe Grafik).<\/p>\n<p><img loading=\"lazy\" decoding=\"async\" class=\"size-full wp-image-9446\" src=\"https:\/\/blog.zeit.de\/herdentrieb\/files\/2016\/03\/EA_strukturelles_Defizit_2012-2017.gif\" alt=\"Grafik: Euroraum strukturelle Defizite 2012-2017\" width=\"561\" height=\"323\" \/><\/p>\n<p>Merkel predigt also zwar weiter Sparsamkeit, aber es h\u00f6rt ihr niemand mehr zu.\u00a0Warum gehe ich darauf ein? Weil dieser Sachverhalt den wenigsten Beobachtern in Deutschland bekannt ist. So kann die Kanzlerin weiter behaupten, sie sei hart geblieben, obwohl das mit der Realit\u00e4t nichts mehr zu tun hat.<\/p>\n<p>Ganz \u00e4hnlich ist es in der Fl\u00fcchtlingskrise, in der Merkel einen der dramatischsten\u00a0Kurswechsel in der Geschichte der Republik hingelegt hat. Von der Aussage \u2013 im Interview mit Anne Will im vergangenen Herbst \u2013, man k\u00f6nne &#8222;die Grenze nicht schlie\u00dfen&#8220;, bis zu den Ergebnissen\u00a0des j\u00fcngsten EU-Gipfels ist es ein sehr weiter Weg.<\/p>\n<p>Es stimmt schon: Niemand hat einen Stacheldraht quer durch die \u00c4g\u00e4is\u00a0gezogen. Es gibt auch keine Obergrenze in Deutschland. Daf\u00fcr kreuzen dort jetzt aber Flottenverb\u00e4nde der Nato. Und wer sich trotzdem auf den Weg nach Griechenland macht, der wird in ein Lager gesteckt und dann in die T\u00fcrkei zur\u00fcckgeschickt.<\/p>\n<p>Im Ergebnis wurden zwei Schutzw\u00e4lle\u00a0um Deutschland gezogen, die f\u00fcr die meisten Fl\u00fcchtlinge un\u00fcberwindbar sind: einer in der \u00c4g\u00e4is und einer an der Grenze zu Mazedonien. Und es geschieht, was eben geschieht, wenn sich ein Land abschottet: Es kommen viel weniger Fl\u00fcchtlinge. Offenbar lassen sich Grenzen also doch ganz gut schlie\u00dfen.<\/p>\n<p>Das kann man nun \u2013 je nach politischer Pr\u00e4ferenz \u2013 gut oder schlecht finden, aber darum geht es mir nicht. Mir geht es vielmehr darum, wie es Merkel gelungen ist, ihren Ruf als Fl\u00fcchtlingskanzlerin zu verteidigen und damit im linken Spektrum zu punkten, obwohl die Fl\u00fcchtlinge auch dank ihrer Politik an der Au\u00dfengrenze Europas abgewiesen werden. Deutschland ist durch diesen Deal wieder in jener angenehmen Mittellage des Dublin-Abkommens: Die Fl\u00fcchtlinge sind das Problem der Italiener und der Griechen, nicht mehr unseres.\u00a0Oder wie es <a href=\"http:\/\/www.tagesspiegel.de\/politik\/angela-merkel-nach-dem-eu-tuerkei-gipfel-die-kanzlerin-uebt-sich-im-spagat\/13343832.html\" target=\"_blank\">Malte Lehming<\/a> so sch\u00f6n im <em>Tagesspiegel<\/em> formuliert hat:<\/p>\n<p style=\"padding-left: 30px;\">&#8222;Das Prinzip der Offenheit bleibt also vor allem deshalb erhalten, weil es keine Konsequenzen mehr hat. Gut zu sein, kostet nichts mehr. Rhetorisch ist Deutschland immer noch Margot K\u00e4\u00dfmann, aber faktisch l\u00e4ngst Horst Seehofer.&#8220;<\/p>\n<p>Vielleicht \u00e4ndert sich an dieser Bewertung noch etwas, zum Beispiel weil die Bundesregierung ein gro\u00dfz\u00fcgiges Kontingent an Fl\u00fcchtlingen direkt aus der T\u00fcrkei aufnimmt.\u00a0Wenn nicht, wird dies eine weitere Krise sein, in der Merkel ihre Position komplett r\u00e4umen musste, ohne dass es jemandem auff\u00e4llt.\u00a0F\u00fcr Merkel selbst ist das nicht das schlechteste aller m\u00f6glichen Ergebnisse.<\/p>\n<p>Update: Wenn sich die Fakten \u00e4ndern, \u00e4ndere ich meine Meinung hat der gro\u00dfe britische \u00d6konom John Maynard Keynes einmal gesagt. Nicht der Kurswechsel ist das Ph\u00e4nomen, sondern dass ihn niemand wahrhaben will.<\/p>\n","protected":false},"excerpt":{"rendered":"<p>Dies ist ein Beitrag \u00fcber Angela Merkels Fl\u00fcchtlingspolitik. Er beginnt aber mit der Eurokrise. Diese Krise hat die Kanzlerin anfangs bekanntlich als Staatsschuldenkrise verstanden und daraus den Schluss gezogen, dass ihr nur beizukommen sei, wenn in Europa mehr gespart werde. Zu diesem Zweck wurden Fiskalpakt, Stabilit\u00e4tspakt und eine Reihe von anderen Pakten ersonnen beziehungsweise versch\u00e4rft, [&hellip;]<\/p>\n","protected":false},"author":215,"featured_media":9438,"comment_status":"open","ping_status":"closed","sticky":false,"template":"","format":"standard","meta":{"_jetpack_memberships_contains_paid_content":false,"footnotes":""},"categories":[3],"tags":[],"class_list":["post-9427","post","type-post","status-publish","format-standard","has-post-thumbnail","hentry","category-der-aktuelle-rand"],"yoast_head":"<!-- This site is optimized with the Yoast SEO plugin v21.0 - https:\/\/yoast.com\/wordpress\/plugins\/seo\/ -->\n<title>Angela Merkel \u2013 die Wendekanzlerin<\/title>\n<meta name=\"description\" content=\"Zweimal musste Angela Merkel in Europa ihre politische Position komplett r\u00e4umen. Zu ihrem Gl\u00fcck hat es fast niemand bemerkt.\" \/>\n<meta name=\"robots\" content=\"index, follow, max-snippet:-1, max-image-preview:large, max-video-preview:-1\" \/>\n<link rel=\"canonical\" href=\"https:\/\/blog.zeit.de\/herdentrieb\/2016\/03\/31\/die-wendekanzlerin_9427\" \/>\n<meta property=\"og:locale\" content=\"de_DE\" \/>\n<meta property=\"og:type\" content=\"article\" \/>\n<meta property=\"og:title\" content=\"Angela Merkel \u2013 die Wendekanzlerin\" \/>\n<meta property=\"og:description\" content=\"Zweimal musste Angela Merkel in Europa ihre politische Position komplett r\u00e4umen. Zu ihrem Gl\u00fcck hat es fast niemand bemerkt.\" \/>\n<meta property=\"og:url\" content=\"https:\/\/blog.zeit.de\/herdentrieb\/2016\/03\/31\/die-wendekanzlerin_9427\" \/>\n<meta property=\"og:site_name\" content=\"Herdentrieb\" \/>\n<meta property=\"article:published_time\" content=\"2016-03-31T14:01:35+00:00\" \/>\n<meta property=\"article:modified_time\" content=\"2016-03-31T19:22:19+00:00\" \/>\n<meta property=\"og:image\" content=\"https:\/\/blog.zeit.de\/herdentrieb\/files\/2016\/03\/RTX27BL1.jpg\" \/>\n\t<meta property=\"og:image:width\" content=\"3500\" \/>\n\t<meta property=\"og:image:height\" content=\"2058\" \/>\n\t<meta property=\"og:image:type\" content=\"image\/jpeg\" \/>\n<meta name=\"author\" content=\"Mark Schieritz\" \/>\n<meta name=\"twitter:card\" content=\"summary_large_image\" \/>\n<meta name=\"twitter:creator\" content=\"@zeitonline\" \/>\n<meta name=\"twitter:site\" content=\"@zeitonline\" \/>\n<meta name=\"twitter:label1\" content=\"Geschrieben von\" \/>\n\t<meta name=\"twitter:data1\" content=\"Mark Schieritz\" \/>\n\t<meta name=\"twitter:label2\" content=\"Gesch\u00e4tzte Lesezeit\" \/>\n\t<meta name=\"twitter:data2\" content=\"3\u00a0Minuten\" \/>\n<script type=\"application\/ld+json\" class=\"yoast-schema-graph\">{\"@context\":\"https:\/\/schema.org\",\"@graph\":[{\"@type\":\"WebPage\",\"@id\":\"https:\/\/blog.zeit.de\/herdentrieb\/2016\/03\/31\/die-wendekanzlerin_9427\",\"url\":\"https:\/\/blog.zeit.de\/herdentrieb\/2016\/03\/31\/die-wendekanzlerin_9427\",\"name\":\"Angela Merkel \u2013 die Wendekanzlerin\",\"isPartOf\":{\"@id\":\"https:\/\/blog.zeit.de\/herdentrieb\/#website\"},\"datePublished\":\"2016-03-31T14:01:35+00:00\",\"dateModified\":\"2016-03-31T19:22:19+00:00\",\"author\":{\"@id\":\"https:\/\/blog.zeit.de\/herdentrieb\/#\/schema\/person\/a2dfa95bbd4de7e06edc88db4e3d3871\"},\"description\":\"Zweimal musste Angela Merkel in Europa ihre politische Position komplett r\u00e4umen. Zu ihrem Gl\u00fcck hat es fast niemand bemerkt.\",\"breadcrumb\":{\"@id\":\"https:\/\/blog.zeit.de\/herdentrieb\/2016\/03\/31\/die-wendekanzlerin_9427#breadcrumb\"},\"inLanguage\":\"de\",\"potentialAction\":[{\"@type\":\"ReadAction\",\"target\":[\"https:\/\/blog.zeit.de\/herdentrieb\/2016\/03\/31\/die-wendekanzlerin_9427\"]}]},{\"@type\":\"BreadcrumbList\",\"@id\":\"https:\/\/blog.zeit.de\/herdentrieb\/2016\/03\/31\/die-wendekanzlerin_9427#breadcrumb\",\"itemListElement\":[{\"@type\":\"ListItem\",\"position\":1,\"name\":\"Startseite\",\"item\":\"https:\/\/blog.zeit.de\/herdentrieb\"},{\"@type\":\"ListItem\",\"position\":2,\"name\":\"Die Wendekanzlerin\"}]},{\"@type\":\"WebSite\",\"@id\":\"https:\/\/blog.zeit.de\/herdentrieb\/#website\",\"url\":\"https:\/\/blog.zeit.de\/herdentrieb\/\",\"name\":\"Herdentrieb\",\"description\":\"So funktioniert Kapitalismus. Ein Blog\",\"potentialAction\":[{\"@type\":\"SearchAction\",\"target\":{\"@type\":\"EntryPoint\",\"urlTemplate\":\"https:\/\/blog.zeit.de\/herdentrieb\/?s={search_term_string}\"},\"query-input\":\"required name=search_term_string\"}],\"inLanguage\":\"de\"},{\"@type\":\"Person\",\"@id\":\"https:\/\/blog.zeit.de\/herdentrieb\/#\/schema\/person\/a2dfa95bbd4de7e06edc88db4e3d3871\",\"name\":\"Mark Schieritz\",\"image\":{\"@type\":\"ImageObject\",\"inLanguage\":\"de\",\"@id\":\"https:\/\/blog.zeit.de\/herdentrieb\/#\/schema\/person\/image\/\",\"url\":\"https:\/\/secure.gravatar.com\/avatar\/66e072b8ecaf6d851921c0577ca78c8c9a24223a3c3cb6df48c5d839d1b622e0?s=96&d=mm&r=g\",\"contentUrl\":\"https:\/\/secure.gravatar.com\/avatar\/66e072b8ecaf6d851921c0577ca78c8c9a24223a3c3cb6df48c5d839d1b622e0?s=96&d=mm&r=g\",\"caption\":\"Mark Schieritz\"},\"url\":\"https:\/\/blog.zeit.de\/herdentrieb\/author\/mark-schieritz\"}]}<\/script>\n<!-- \/ Yoast SEO plugin. -->","yoast_head_json":{"title":"Angela Merkel \u2013 die Wendekanzlerin","description":"Zweimal musste Angela Merkel in Europa ihre politische Position komplett r\u00e4umen. Zu ihrem Gl\u00fcck hat es fast niemand bemerkt.","robots":{"index":"index","follow":"follow","max-snippet":"max-snippet:-1","max-image-preview":"max-image-preview:large","max-video-preview":"max-video-preview:-1"},"canonical":"https:\/\/blog.zeit.de\/herdentrieb\/2016\/03\/31\/die-wendekanzlerin_9427","og_locale":"de_DE","og_type":"article","og_title":"Angela Merkel \u2013 die Wendekanzlerin","og_description":"Zweimal musste Angela Merkel in Europa ihre politische Position komplett r\u00e4umen. Zu ihrem Gl\u00fcck hat es fast niemand bemerkt.","og_url":"https:\/\/blog.zeit.de\/herdentrieb\/2016\/03\/31\/die-wendekanzlerin_9427","og_site_name":"Herdentrieb","article_published_time":"2016-03-31T14:01:35+00:00","article_modified_time":"2016-03-31T19:22:19+00:00","og_image":[{"width":3500,"height":2058,"url":"https:\/\/blog.zeit.de\/herdentrieb\/files\/2016\/03\/RTX27BL1.jpg","type":"image\/jpeg"}],"author":"Mark Schieritz","twitter_card":"summary_large_image","twitter_creator":"@zeitonline","twitter_site":"@zeitonline","twitter_misc":{"Geschrieben von":"Mark Schieritz","Gesch\u00e4tzte Lesezeit":"3\u00a0Minuten"},"schema":{"@context":"https:\/\/schema.org","@graph":[{"@type":"WebPage","@id":"https:\/\/blog.zeit.de\/herdentrieb\/2016\/03\/31\/die-wendekanzlerin_9427","url":"https:\/\/blog.zeit.de\/herdentrieb\/2016\/03\/31\/die-wendekanzlerin_9427","name":"Angela Merkel \u2013 die Wendekanzlerin","isPartOf":{"@id":"https:\/\/blog.zeit.de\/herdentrieb\/#website"},"datePublished":"2016-03-31T14:01:35+00:00","dateModified":"2016-03-31T19:22:19+00:00","author":{"@id":"https:\/\/blog.zeit.de\/herdentrieb\/#\/schema\/person\/a2dfa95bbd4de7e06edc88db4e3d3871"},"description":"Zweimal musste Angela Merkel in Europa ihre politische Position komplett r\u00e4umen. Zu ihrem Gl\u00fcck hat es fast niemand bemerkt.","breadcrumb":{"@id":"https:\/\/blog.zeit.de\/herdentrieb\/2016\/03\/31\/die-wendekanzlerin_9427#breadcrumb"},"inLanguage":"de","potentialAction":[{"@type":"ReadAction","target":["https:\/\/blog.zeit.de\/herdentrieb\/2016\/03\/31\/die-wendekanzlerin_9427"]}]},{"@type":"BreadcrumbList","@id":"https:\/\/blog.zeit.de\/herdentrieb\/2016\/03\/31\/die-wendekanzlerin_9427#breadcrumb","itemListElement":[{"@type":"ListItem","position":1,"name":"Startseite","item":"https:\/\/blog.zeit.de\/herdentrieb"},{"@type":"ListItem","position":2,"name":"Die Wendekanzlerin"}]},{"@type":"WebSite","@id":"https:\/\/blog.zeit.de\/herdentrieb\/#website","url":"https:\/\/blog.zeit.de\/herdentrieb\/","name":"Herdentrieb","description":"So funktioniert Kapitalismus. Ein Blog","potentialAction":[{"@type":"SearchAction","target":{"@type":"EntryPoint","urlTemplate":"https:\/\/blog.zeit.de\/herdentrieb\/?s={search_term_string}"},"query-input":"required name=search_term_string"}],"inLanguage":"de"},{"@type":"Person","@id":"https:\/\/blog.zeit.de\/herdentrieb\/#\/schema\/person\/a2dfa95bbd4de7e06edc88db4e3d3871","name":"Mark Schieritz","image":{"@type":"ImageObject","inLanguage":"de","@id":"https:\/\/blog.zeit.de\/herdentrieb\/#\/schema\/person\/image\/","url":"https:\/\/secure.gravatar.com\/avatar\/66e072b8ecaf6d851921c0577ca78c8c9a24223a3c3cb6df48c5d839d1b622e0?s=96&d=mm&r=g","contentUrl":"https:\/\/secure.gravatar.com\/avatar\/66e072b8ecaf6d851921c0577ca78c8c9a24223a3c3cb6df48c5d839d1b622e0?s=96&d=mm&r=g","caption":"Mark Schieritz"},"url":"https:\/\/blog.zeit.de\/herdentrieb\/author\/mark-schieritz"}]}},"jetpack_featured_media_url":"https:\/\/blog.zeit.de\/herdentrieb\/files\/2016\/03\/RTX27BL1.jpg","jetpack_sharing_enabled":true,"_links":{"self":[{"href":"https:\/\/blog.zeit.de\/herdentrieb\/wp-json\/wp\/v2\/posts\/9427","targetHints":{"allow":["GET"]}}],"collection":[{"href":"https:\/\/blog.zeit.de\/herdentrieb\/wp-json\/wp\/v2\/posts"}],"about":[{"href":"https:\/\/blog.zeit.de\/herdentrieb\/wp-json\/wp\/v2\/types\/post"}],"author":[{"embeddable":true,"href":"https:\/\/blog.zeit.de\/herdentrieb\/wp-json\/wp\/v2\/users\/215"}],"replies":[{"embeddable":true,"href":"https:\/\/blog.zeit.de\/herdentrieb\/wp-json\/wp\/v2\/comments?post=9427"}],"version-history":[{"count":16,"href":"https:\/\/blog.zeit.de\/herdentrieb\/wp-json\/wp\/v2\/posts\/9427\/revisions"}],"predecessor-version":[{"id":9450,"href":"https:\/\/blog.zeit.de\/herdentrieb\/wp-json\/wp\/v2\/posts\/9427\/revisions\/9450"}],"wp:featuredmedia":[{"embeddable":true,"href":"https:\/\/blog.zeit.de\/herdentrieb\/wp-json\/wp\/v2\/media\/9438"}],"wp:attachment":[{"href":"https:\/\/blog.zeit.de\/herdentrieb\/wp-json\/wp\/v2\/media?parent=9427"}],"wp:term":[{"taxonomy":"category","embeddable":true,"href":"https:\/\/blog.zeit.de\/herdentrieb\/wp-json\/wp\/v2\/categories?post=9427"},{"taxonomy":"post_tag","embeddable":true,"href":"https:\/\/blog.zeit.de\/herdentrieb\/wp-json\/wp\/v2\/tags?post=9427"}],"curies":[{"name":"wp","href":"https:\/\/api.w.org\/{rel}","templated":true}]}}