{"id":9835,"date":"2016-09-16T14:27:35","date_gmt":"2016-09-16T12:27:35","guid":{"rendered":"http:\/\/blog.zeit.de\/herdentrieb\/?p=9835"},"modified":"2016-09-19T10:19:10","modified_gmt":"2016-09-19T08:19:10","slug":"wie-das-finanzministerium-sich-die-investitionsquote-schoen-rechnet","status":"publish","type":"post","link":"https:\/\/blog.zeit.de\/herdentrieb\/2016\/09\/16\/wie-das-finanzministerium-sich-die-investitionsquote-schoen-rechnet_9835","title":{"rendered":"Wie das Finanzministerium sich die Investitionsquote sch\u00f6n rechnet"},"content":{"rendered":"<p>Als deutscher Finanzminister hat man es nicht leicht. Es vergeht kaum eine internationale Wirtschaftskonferenz, bei der die Bundesregierung nicht aufgefordert w\u00fcrde, mehr zu tun, um die Investitionen in Deutschland zu st\u00e4rken. Das kann so nicht weitergehen, hat man sich im Bundesfinanzministerium (BMF) ganz offensichtlich gedacht und einen Investitionsbericht erstellt, der den Gegnern den Wind aus den Segeln nehmen soll.<\/p>\n<p>Wie das geht? Ganz einfach: Indem man das Problem einfach wegdefiniert. Aber der Reihe nach.<\/p>\n<p><!--more--><\/p>\n<p>In besagtem Bericht werden die Investitionsquoten verschiedener L\u00e4nder miteinander verglichen. Dabei ergibt sich, dass der private Sektor in Deutschland derzeit vergleichsweise viel investiert (siehe Grafik), was in dem Bericht und in der Berichterstattung dar\u00fcber herausgehoben wird.<\/p>\n<p><img loading=\"lazy\" decoding=\"async\" class=\"aligncenter wp-image-9836 size-full\" src=\"https:\/\/blog.zeit.de\/herdentrieb\/files\/2016\/09\/Bildschirmfoto-2016-09-16-um-13.50.30.png\" alt=\"Das Finanzministerium rechnet sich die Investitionsquote sch\u00f6n\" width=\"697\" height=\"469\" srcset=\"https:\/\/blog.zeit.de\/herdentrieb\/files\/2016\/09\/Bildschirmfoto-2016-09-16-um-13.50.30.png 697w, https:\/\/blog.zeit.de\/herdentrieb\/files\/2016\/09\/Bildschirmfoto-2016-09-16-um-13.50.30-620x417.png 620w\" sizes=\"auto, (max-width: 697px) 100vw, 697px\" \/><\/p>\n<p>Dass sich die privaten Investitionen etwas erholt haben, ist\u00a0nun in der Tat erfreulich, aber wir leben in einer Marktwirtschaft und f\u00fcr die privaten Investitionen ist der Staat nur mittelbar zust\u00e4ndig. Die politische Debatte dreht sich doch nicht darum, ob BMW noch eine neue Maschine in Betrieb nimmt, sondern ob \u2013 Stichwort marode Schulen und Br\u00fccken \u2013 der Staat zum Erhalt der \u00f6ffentlichen Infrastruktur noch ausreichend beitr\u00e4gt.<\/p>\n<p>Das sieht man im BMF offenbar anders. Denn als Fazit steht in dem Bericht:<\/p>\n<p><img loading=\"lazy\" decoding=\"async\" class=\"alignleft size-full wp-image-9837\" src=\"https:\/\/blog.zeit.de\/herdentrieb\/files\/2016\/09\/Bildschirmfoto-2016-09-16-um-13.58.49.png\" alt=\"Bildschirmfoto 2016-09-16 um 13.58.49\" width=\"905\" height=\"161\" srcset=\"https:\/\/blog.zeit.de\/herdentrieb\/files\/2016\/09\/Bildschirmfoto-2016-09-16-um-13.58.49.png 905w, https:\/\/blog.zeit.de\/herdentrieb\/files\/2016\/09\/Bildschirmfoto-2016-09-16-um-13.58.49-620x110.png 620w, https:\/\/blog.zeit.de\/herdentrieb\/files\/2016\/09\/Bildschirmfoto-2016-09-16-um-13.58.49-768x137.png 768w\" sizes=\"auto, (max-width: 905px) 100vw, 905px\" \/><\/p>\n<p>Vielleicht hat es auch damit zu tun, dass die Bilanz bei den \u00f6ffentlichen Investitionen in Deutschland trotz verschiedener Initiativen der Bundesregierung alles andere als gut ist, wie der Bericht auch einr\u00e4umt.<\/p>\n<p><img loading=\"lazy\" decoding=\"async\" class=\"aligncenter wp-image-9838 size-full\" src=\"https:\/\/blog.zeit.de\/herdentrieb\/files\/2016\/09\/Bildschirmfoto-2016-09-16-um-14.01.37.png\" alt=\"Das Finanzministerium rechnet sich die Investitionsquote sch\u00f6n\" width=\"757\" height=\"504\" srcset=\"https:\/\/blog.zeit.de\/herdentrieb\/files\/2016\/09\/Bildschirmfoto-2016-09-16-um-14.01.37.png 757w, https:\/\/blog.zeit.de\/herdentrieb\/files\/2016\/09\/Bildschirmfoto-2016-09-16-um-14.01.37-620x413.png 620w\" sizes=\"auto, (max-width: 757px) 100vw, 757px\" \/><\/p>\n<p>Deutschland ist bei den \u00f6ffentlichen Investitionen also Klassenletzter \u2013 und um diesen Befund zu relativieren, werden im wesentlichen drei\u00a0Argument angebracht: In den USA seien Investitionen auch auf Milit\u00e4rausgaben zur\u00fcckzuf\u00fchren, im Rest des W\u00e4hrungsraums h\u00e4tten die Strukturfonds der EU die Investitionsquote nach oben getrieben und in L\u00e4ndern wie Frankreich sei die Investitionsquote h\u00f6her, weil der Staat mehr Aufgaben \u00fcbernehme als in Deutschland.<\/p>\n<p>Das mag alles sein \u2013 aber ist es wirklich plausibel, dass immer irgendwelche Sonderfaktoren am Werk sind, wenn die Investitionsquote h\u00f6her ist als in Deutschland? Das Bild wird ja nicht besser, wenn man den Kreis der L\u00e4nder erweitert, wie folgende Grafik der OECD zeigt (die den Anteil der staatlichen Investitionen an den Gesamtinvestitionen abbildet).<\/p>\n<p><img loading=\"lazy\" decoding=\"async\" class=\"aligncenter wp-image-9839 size-full\" src=\"https:\/\/blog.zeit.de\/herdentrieb\/files\/2016\/09\/Bildschirmfoto-2016-09-16-um-09.57.36.png\" alt=\"Das Finanzministerium rechnet sich die Investitionsquote sch\u00f6n\" width=\"733\" height=\"501\" srcset=\"https:\/\/blog.zeit.de\/herdentrieb\/files\/2016\/09\/Bildschirmfoto-2016-09-16-um-09.57.36.png 733w, https:\/\/blog.zeit.de\/herdentrieb\/files\/2016\/09\/Bildschirmfoto-2016-09-16-um-09.57.36-620x424.png 620w\" sizes=\"auto, (max-width: 733px) 100vw, 733px\" \/><\/p>\n<p>Auch die Europ\u00e4ische Zentralbank kommt zu einem \u00e4hnlichen Ergebnis (diesmal mit Investitionsquoten als Anteil an der Wirtschaftsleistung).<\/p>\n<p><img loading=\"lazy\" decoding=\"async\" class=\"aligncenter wp-image-9844 size-full\" src=\"https:\/\/blog.zeit.de\/herdentrieb\/files\/2016\/09\/Bildschirmfoto-2016-09-16-um-10.23.29.png\" alt=\"Das Finanzministerium rechnet sich die Investitionsquote sch\u00f6n\" width=\"315\" height=\"358\" \/><\/p>\n<p>Und das ist ja nicht alles, die \u00f6ffentlichen Investitionen sind ja nicht nur im internationalen Vergleich, sondern auch historisch betrachtet sehr niedrig. Ihr Anteil am Bruttoinlandsprodukt ist heute nur noch halb so gro\u00df wie in den siebziger Jahren, wie sich aus dieser Grafik des Sachverst\u00e4ndigenrats ergibt.<\/p>\n<p><img loading=\"lazy\" decoding=\"async\" class=\"size-full wp-image-9842 aligncenter\" src=\"https:\/\/blog.zeit.de\/herdentrieb\/files\/2016\/09\/Bildschirmfoto-2016-09-16-um-13.46.50.png\" alt=\"Bildschirmfoto 2016-09-16 um 13.46.50\" width=\"638\" height=\"381\" srcset=\"https:\/\/blog.zeit.de\/herdentrieb\/files\/2016\/09\/Bildschirmfoto-2016-09-16-um-13.46.50.png 638w, https:\/\/blog.zeit.de\/herdentrieb\/files\/2016\/09\/Bildschirmfoto-2016-09-16-um-13.46.50-620x370.png 620w\" sizes=\"auto, (max-width: 638px) 100vw, 638px\" \/><\/p>\n<p>Nun kann man wiederum argumentieren, dass dies auf Privatisierungen zur\u00fcckzuf\u00fchren sei, aber irgendwann ist diese Ausweichstrategie nicht mehr \u00fcberzeugend.\u00a0Festzuhalten ist doch:\u00a0Der deutsche Staat\u00a0investiert deutlich weniger als fr\u00fcher und weniger als beinahe jedes einigerma\u00dfen entwickelte Land dieser Erde.<\/p>\n<p>F\u00fcr mich sieht es ganz danach aus, als wolle man sich diesen Sachverhalt sch\u00f6n rechnen.<\/p>\n","protected":false},"excerpt":{"rendered":"<p>Als deutscher Finanzminister hat man es nicht leicht. Es vergeht kaum eine internationale Wirtschaftskonferenz, bei der die Bundesregierung nicht aufgefordert w\u00fcrde, mehr zu tun, um die Investitionen in Deutschland zu st\u00e4rken. Das kann so nicht weitergehen, hat man sich im Bundesfinanzministerium (BMF) ganz offensichtlich gedacht und einen Investitionsbericht erstellt, der den Gegnern den Wind aus [&hellip;]<\/p>\n","protected":false},"author":215,"featured_media":9852,"comment_status":"open","ping_status":"closed","sticky":false,"template":"","format":"standard","meta":{"_jetpack_memberships_contains_paid_content":false,"footnotes":""},"categories":[9],"tags":[],"class_list":["post-9835","post","type-post","status-publish","format-standard","has-post-thumbnail","hentry","category-konjunktur-und-wirtschaftspolitik"],"yoast_head":"<!-- This site is optimized with the Yoast SEO plugin v21.0 - https:\/\/yoast.com\/wordpress\/plugins\/seo\/ -->\n<title>Das Finanzministerium rechnet sich die Investitionsquote sch\u00f6n<\/title>\n<meta name=\"description\" content=\"Um die deutsche Investitionsquote ist es nicht besonders gut bestellt. Eine m\u00f6gliche L\u00f6sung: Einfach ein bisschen sch\u00f6nrechnen.\" \/>\n<meta name=\"robots\" content=\"index, follow, max-snippet:-1, max-image-preview:large, max-video-preview:-1\" \/>\n<link rel=\"canonical\" href=\"https:\/\/blog.zeit.de\/herdentrieb\/2016\/09\/16\/wie-das-finanzministerium-sich-die-investitionsquote-schoen-rechnet_9835\" \/>\n<meta property=\"og:locale\" content=\"de_DE\" \/>\n<meta property=\"og:type\" content=\"article\" \/>\n<meta property=\"og:title\" content=\"Das Finanzministerium rechnet sich die Investitionsquote sch\u00f6n\" \/>\n<meta property=\"og:description\" content=\"Um die deutsche Investitionsquote ist es nicht besonders gut bestellt. Eine m\u00f6gliche L\u00f6sung: Einfach ein bisschen sch\u00f6nrechnen.\" \/>\n<meta property=\"og:url\" content=\"https:\/\/blog.zeit.de\/herdentrieb\/2016\/09\/16\/wie-das-finanzministerium-sich-die-investitionsquote-schoen-rechnet_9835\" \/>\n<meta property=\"og:site_name\" content=\"Herdentrieb\" \/>\n<meta property=\"article:published_time\" content=\"2016-09-16T12:27:35+00:00\" \/>\n<meta property=\"article:modified_time\" content=\"2016-09-19T08:19:10+00:00\" \/>\n<meta property=\"og:image\" content=\"https:\/\/blog.zeit.de\/herdentrieb\/files\/2016\/09\/82248639.jpg\" \/>\n\t<meta property=\"og:image:width\" content=\"4743\" \/>\n\t<meta property=\"og:image:height\" content=\"2969\" \/>\n\t<meta property=\"og:image:type\" content=\"image\/jpeg\" \/>\n<meta name=\"author\" content=\"Mark Schieritz\" \/>\n<meta name=\"twitter:card\" content=\"summary_large_image\" \/>\n<meta name=\"twitter:creator\" content=\"@zeitonline\" \/>\n<meta name=\"twitter:site\" content=\"@zeitonline\" \/>\n<meta name=\"twitter:label1\" content=\"Geschrieben von\" \/>\n\t<meta name=\"twitter:data1\" content=\"Mark Schieritz\" \/>\n\t<meta name=\"twitter:label2\" content=\"Gesch\u00e4tzte Lesezeit\" \/>\n\t<meta name=\"twitter:data2\" content=\"2\u00a0Minuten\" \/>\n<script type=\"application\/ld+json\" class=\"yoast-schema-graph\">{\"@context\":\"https:\/\/schema.org\",\"@graph\":[{\"@type\":\"WebPage\",\"@id\":\"https:\/\/blog.zeit.de\/herdentrieb\/2016\/09\/16\/wie-das-finanzministerium-sich-die-investitionsquote-schoen-rechnet_9835\",\"url\":\"https:\/\/blog.zeit.de\/herdentrieb\/2016\/09\/16\/wie-das-finanzministerium-sich-die-investitionsquote-schoen-rechnet_9835\",\"name\":\"Das Finanzministerium rechnet sich die Investitionsquote sch\u00f6n\",\"isPartOf\":{\"@id\":\"https:\/\/blog.zeit.de\/herdentrieb\/#website\"},\"datePublished\":\"2016-09-16T12:27:35+00:00\",\"dateModified\":\"2016-09-19T08:19:10+00:00\",\"author\":{\"@id\":\"https:\/\/blog.zeit.de\/herdentrieb\/#\/schema\/person\/a2dfa95bbd4de7e06edc88db4e3d3871\"},\"description\":\"Um die deutsche Investitionsquote ist es nicht besonders gut bestellt. Eine m\u00f6gliche L\u00f6sung: Einfach ein bisschen sch\u00f6nrechnen.\",\"breadcrumb\":{\"@id\":\"https:\/\/blog.zeit.de\/herdentrieb\/2016\/09\/16\/wie-das-finanzministerium-sich-die-investitionsquote-schoen-rechnet_9835#breadcrumb\"},\"inLanguage\":\"de\",\"potentialAction\":[{\"@type\":\"ReadAction\",\"target\":[\"https:\/\/blog.zeit.de\/herdentrieb\/2016\/09\/16\/wie-das-finanzministerium-sich-die-investitionsquote-schoen-rechnet_9835\"]}]},{\"@type\":\"BreadcrumbList\",\"@id\":\"https:\/\/blog.zeit.de\/herdentrieb\/2016\/09\/16\/wie-das-finanzministerium-sich-die-investitionsquote-schoen-rechnet_9835#breadcrumb\",\"itemListElement\":[{\"@type\":\"ListItem\",\"position\":1,\"name\":\"Startseite\",\"item\":\"https:\/\/blog.zeit.de\/herdentrieb\"},{\"@type\":\"ListItem\",\"position\":2,\"name\":\"Wie das Finanzministerium sich die Investitionsquote sch\u00f6n rechnet\"}]},{\"@type\":\"WebSite\",\"@id\":\"https:\/\/blog.zeit.de\/herdentrieb\/#website\",\"url\":\"https:\/\/blog.zeit.de\/herdentrieb\/\",\"name\":\"Herdentrieb\",\"description\":\"So funktioniert Kapitalismus. Ein Blog\",\"potentialAction\":[{\"@type\":\"SearchAction\",\"target\":{\"@type\":\"EntryPoint\",\"urlTemplate\":\"https:\/\/blog.zeit.de\/herdentrieb\/?s={search_term_string}\"},\"query-input\":\"required name=search_term_string\"}],\"inLanguage\":\"de\"},{\"@type\":\"Person\",\"@id\":\"https:\/\/blog.zeit.de\/herdentrieb\/#\/schema\/person\/a2dfa95bbd4de7e06edc88db4e3d3871\",\"name\":\"Mark Schieritz\",\"image\":{\"@type\":\"ImageObject\",\"inLanguage\":\"de\",\"@id\":\"https:\/\/blog.zeit.de\/herdentrieb\/#\/schema\/person\/image\/\",\"url\":\"https:\/\/secure.gravatar.com\/avatar\/66e072b8ecaf6d851921c0577ca78c8c9a24223a3c3cb6df48c5d839d1b622e0?s=96&d=mm&r=g\",\"contentUrl\":\"https:\/\/secure.gravatar.com\/avatar\/66e072b8ecaf6d851921c0577ca78c8c9a24223a3c3cb6df48c5d839d1b622e0?s=96&d=mm&r=g\",\"caption\":\"Mark Schieritz\"},\"url\":\"https:\/\/blog.zeit.de\/herdentrieb\/author\/mark-schieritz\"}]}<\/script>\n<!-- \/ Yoast SEO plugin. -->","yoast_head_json":{"title":"Das Finanzministerium rechnet sich die Investitionsquote sch\u00f6n","description":"Um die deutsche Investitionsquote ist es nicht besonders gut bestellt. Eine m\u00f6gliche L\u00f6sung: Einfach ein bisschen sch\u00f6nrechnen.","robots":{"index":"index","follow":"follow","max-snippet":"max-snippet:-1","max-image-preview":"max-image-preview:large","max-video-preview":"max-video-preview:-1"},"canonical":"https:\/\/blog.zeit.de\/herdentrieb\/2016\/09\/16\/wie-das-finanzministerium-sich-die-investitionsquote-schoen-rechnet_9835","og_locale":"de_DE","og_type":"article","og_title":"Das Finanzministerium rechnet sich die Investitionsquote sch\u00f6n","og_description":"Um die deutsche Investitionsquote ist es nicht besonders gut bestellt. Eine m\u00f6gliche L\u00f6sung: Einfach ein bisschen sch\u00f6nrechnen.","og_url":"https:\/\/blog.zeit.de\/herdentrieb\/2016\/09\/16\/wie-das-finanzministerium-sich-die-investitionsquote-schoen-rechnet_9835","og_site_name":"Herdentrieb","article_published_time":"2016-09-16T12:27:35+00:00","article_modified_time":"2016-09-19T08:19:10+00:00","og_image":[{"width":4743,"height":2969,"url":"https:\/\/blog.zeit.de\/herdentrieb\/files\/2016\/09\/82248639.jpg","type":"image\/jpeg"}],"author":"Mark Schieritz","twitter_card":"summary_large_image","twitter_creator":"@zeitonline","twitter_site":"@zeitonline","twitter_misc":{"Geschrieben von":"Mark Schieritz","Gesch\u00e4tzte Lesezeit":"2\u00a0Minuten"},"schema":{"@context":"https:\/\/schema.org","@graph":[{"@type":"WebPage","@id":"https:\/\/blog.zeit.de\/herdentrieb\/2016\/09\/16\/wie-das-finanzministerium-sich-die-investitionsquote-schoen-rechnet_9835","url":"https:\/\/blog.zeit.de\/herdentrieb\/2016\/09\/16\/wie-das-finanzministerium-sich-die-investitionsquote-schoen-rechnet_9835","name":"Das Finanzministerium rechnet sich die Investitionsquote sch\u00f6n","isPartOf":{"@id":"https:\/\/blog.zeit.de\/herdentrieb\/#website"},"datePublished":"2016-09-16T12:27:35+00:00","dateModified":"2016-09-19T08:19:10+00:00","author":{"@id":"https:\/\/blog.zeit.de\/herdentrieb\/#\/schema\/person\/a2dfa95bbd4de7e06edc88db4e3d3871"},"description":"Um die deutsche Investitionsquote ist es nicht besonders gut bestellt. Eine m\u00f6gliche L\u00f6sung: Einfach ein bisschen sch\u00f6nrechnen.","breadcrumb":{"@id":"https:\/\/blog.zeit.de\/herdentrieb\/2016\/09\/16\/wie-das-finanzministerium-sich-die-investitionsquote-schoen-rechnet_9835#breadcrumb"},"inLanguage":"de","potentialAction":[{"@type":"ReadAction","target":["https:\/\/blog.zeit.de\/herdentrieb\/2016\/09\/16\/wie-das-finanzministerium-sich-die-investitionsquote-schoen-rechnet_9835"]}]},{"@type":"BreadcrumbList","@id":"https:\/\/blog.zeit.de\/herdentrieb\/2016\/09\/16\/wie-das-finanzministerium-sich-die-investitionsquote-schoen-rechnet_9835#breadcrumb","itemListElement":[{"@type":"ListItem","position":1,"name":"Startseite","item":"https:\/\/blog.zeit.de\/herdentrieb"},{"@type":"ListItem","position":2,"name":"Wie das Finanzministerium sich die Investitionsquote sch\u00f6n rechnet"}]},{"@type":"WebSite","@id":"https:\/\/blog.zeit.de\/herdentrieb\/#website","url":"https:\/\/blog.zeit.de\/herdentrieb\/","name":"Herdentrieb","description":"So funktioniert Kapitalismus. Ein Blog","potentialAction":[{"@type":"SearchAction","target":{"@type":"EntryPoint","urlTemplate":"https:\/\/blog.zeit.de\/herdentrieb\/?s={search_term_string}"},"query-input":"required name=search_term_string"}],"inLanguage":"de"},{"@type":"Person","@id":"https:\/\/blog.zeit.de\/herdentrieb\/#\/schema\/person\/a2dfa95bbd4de7e06edc88db4e3d3871","name":"Mark Schieritz","image":{"@type":"ImageObject","inLanguage":"de","@id":"https:\/\/blog.zeit.de\/herdentrieb\/#\/schema\/person\/image\/","url":"https:\/\/secure.gravatar.com\/avatar\/66e072b8ecaf6d851921c0577ca78c8c9a24223a3c3cb6df48c5d839d1b622e0?s=96&d=mm&r=g","contentUrl":"https:\/\/secure.gravatar.com\/avatar\/66e072b8ecaf6d851921c0577ca78c8c9a24223a3c3cb6df48c5d839d1b622e0?s=96&d=mm&r=g","caption":"Mark Schieritz"},"url":"https:\/\/blog.zeit.de\/herdentrieb\/author\/mark-schieritz"}]}},"jetpack_featured_media_url":"https:\/\/blog.zeit.de\/herdentrieb\/files\/2016\/09\/82248639.jpg","jetpack_sharing_enabled":true,"_links":{"self":[{"href":"https:\/\/blog.zeit.de\/herdentrieb\/wp-json\/wp\/v2\/posts\/9835","targetHints":{"allow":["GET"]}}],"collection":[{"href":"https:\/\/blog.zeit.de\/herdentrieb\/wp-json\/wp\/v2\/posts"}],"about":[{"href":"https:\/\/blog.zeit.de\/herdentrieb\/wp-json\/wp\/v2\/types\/post"}],"author":[{"embeddable":true,"href":"https:\/\/blog.zeit.de\/herdentrieb\/wp-json\/wp\/v2\/users\/215"}],"replies":[{"embeddable":true,"href":"https:\/\/blog.zeit.de\/herdentrieb\/wp-json\/wp\/v2\/comments?post=9835"}],"version-history":[{"count":17,"href":"https:\/\/blog.zeit.de\/herdentrieb\/wp-json\/wp\/v2\/posts\/9835\/revisions"}],"predecessor-version":[{"id":9864,"href":"https:\/\/blog.zeit.de\/herdentrieb\/wp-json\/wp\/v2\/posts\/9835\/revisions\/9864"}],"wp:featuredmedia":[{"embeddable":true,"href":"https:\/\/blog.zeit.de\/herdentrieb\/wp-json\/wp\/v2\/media\/9852"}],"wp:attachment":[{"href":"https:\/\/blog.zeit.de\/herdentrieb\/wp-json\/wp\/v2\/media?parent=9835"}],"wp:term":[{"taxonomy":"category","embeddable":true,"href":"https:\/\/blog.zeit.de\/herdentrieb\/wp-json\/wp\/v2\/categories?post=9835"},{"taxonomy":"post_tag","embeddable":true,"href":"https:\/\/blog.zeit.de\/herdentrieb\/wp-json\/wp\/v2\/tags?post=9835"}],"curies":[{"name":"wp","href":"https:\/\/api.w.org\/{rel}","templated":true}]}}