{"id":1014,"date":"2008-01-31T13:05:13","date_gmt":"2008-01-31T11:05:13","guid":{"rendered":"http:\/\/blog.zeit.de\/joerglau\/2008\/01\/31\/niemand-hat-die-absicht-roland-koch-zu-kritisieren_1014"},"modified":"2008-01-31T13:05:13","modified_gmt":"2008-01-31T11:05:13","slug":"niemand-hat-die-absicht-roland-koch-zu-kritisieren","status":"publish","type":"post","link":"https:\/\/blog.zeit.de\/joerglau\/2008\/01\/31\/niemand-hat-die-absicht-roland-koch-zu-kritisieren_1014","title":{"rendered":"Niemand hat die Absicht, Roland Koch zu kritisieren"},"content":{"rendered":"<p>Die Distanzierung mancher Unterzeichner von dem gestern hier angek\u00fcndigten Brief &#8211; beziehungsweise von der Deutung, es handele sich um eine <a href=\"http:\/\/www.zeit.de\/online\/2008\/06\/koch-kritiker-brief\">Distanzierung f\u00fchrender Unionspolitiker von Roland Koch<\/a> &#8211; ist ein klassisches Beispiel f\u00fcr Bullshit.<br \/>\n\tWas denn sonst soll das wohl sein?<br \/>\n\tWarum steht Ole von Beust an erster Stelle der Unterzeichner? Na klar, weil sein Name  mit B anf\u00e4ngt!<br \/>\n\tOder vielleicht auch deshalb, weil er in Hamburg bald die Gr\u00fcnen zum Regieren brauchen k\u00f6nnte? Die FDP wirds wom\u00f6glich in Hamburg nicht schaffen.<br \/>\n\tDer Brief ist auch ein deutliches Signal in den Hamburg-Wahlkampf hinein: Die Union steht nicht f\u00fcr die Koch-Art des Wahlk\u00e4mpfens. Sie will f\u00fcr die Gr\u00fcnen gespr\u00e4chsf\u00e4hig bleiben.<br \/>\n\tDer <a href=\"https:\/\/blog.zeit.de\/joerglau\/2008\/01\/23\/deutschturken-appellieren-an-die-cdu_990\">urspr\u00fcngliche Appell<\/a> stammt schlie\u00dflich von dem Berliner Gr\u00fcnen \u00d6zcan Mutlu.<br \/>\n\tIch bin nicht davon \u00fcberzeugt, dass die Gr\u00fcnen im Hamburg sich auf Schwarz-Gr\u00fcn einlassen w\u00fcrden. Aber von Beust muss sich diese M\u00f6glichkeit theoretisch offenhalten, um \u00fcberhaupt eine Machtperspektive zu haben.<\/p>\n<p>\tDavon abgesehen ist der Brief ein (sp\u00e4tes!) Lebenszeichen der liberalen Unionisten, die unter dem Koch-Kurs gelitten und ihm den Misserfolg heimlich gew\u00fcnscht haben.<br \/>\n\tSollen andere ihnen ihre taktische Feigheit vorhalten: Ich finde es super, dass sie jetzt wenigstens aus den L\u00f6chern kommen. Deutschland bewegt sich doch.<\/p>\n","protected":false},"excerpt":{"rendered":"<p>Die Distanzierung mancher Unterzeichner von dem gestern hier angek\u00fcndigten Brief &#8211; beziehungsweise von der Deutung, es handele sich um eine Distanzierung f\u00fchrender Unionspolitiker von Roland Koch &#8211; ist ein klassisches Beispiel f\u00fcr Bullshit. Was denn sonst soll das wohl sein? Warum steht Ole von Beust an erster Stelle der Unterzeichner? Na klar, weil sein Name [&hellip;]<\/p>\n","protected":false},"author":54,"featured_media":0,"comment_status":"open","ping_status":"closed","sticky":false,"template":"","format":"standard","meta":{"jetpack_post_was_ever_published":false,"footnotes":""},"categories":[157,163],"tags":[],"class_list":["post-1014","post","type-post","status-publish","format-standard","hentry","category-die-freunde-und-die-feinde-des-islams","category-integration"],"yoast_head":"<!-- This site is optimized with the Yoast SEO plugin v21.0 - https:\/\/yoast.com\/wordpress\/plugins\/seo\/ -->\n<title>Niemand hat die Absicht, Roland Koch zu kritisieren - J\u00f6rg Lau<\/title>\n<meta name=\"robots\" content=\"index, follow, max-snippet:-1, max-image-preview:large, max-video-preview:-1\" \/>\n<link rel=\"canonical\" href=\"https:\/\/blog.zeit.de\/joerglau\/2008\/01\/31\/niemand-hat-die-absicht-roland-koch-zu-kritisieren_1014\" \/>\n<meta property=\"og:locale\" content=\"de_DE\" \/>\n<meta property=\"og:type\" content=\"article\" \/>\n<meta property=\"og:title\" content=\"Niemand hat die Absicht, Roland Koch zu kritisieren - J\u00f6rg Lau\" \/>\n<meta property=\"og:description\" content=\"Die Distanzierung mancher Unterzeichner von dem gestern hier angek\u00fcndigten Brief &#8211; beziehungsweise von der Deutung, es handele sich um eine Distanzierung f\u00fchrender Unionspolitiker von Roland Koch &#8211; ist ein klassisches Beispiel f\u00fcr Bullshit. Was denn sonst soll das wohl sein? Warum steht Ole von Beust an erster Stelle der Unterzeichner? Na klar, weil sein Name [&hellip;]\" \/>\n<meta property=\"og:url\" content=\"https:\/\/blog.zeit.de\/joerglau\/2008\/01\/31\/niemand-hat-die-absicht-roland-koch-zu-kritisieren_1014\" \/>\n<meta property=\"og:site_name\" content=\"J\u00f6rg Lau\" \/>\n<meta property=\"article:published_time\" content=\"2008-01-31T11:05:13+00:00\" \/>\n<meta name=\"author\" content=\"J\u00f6rg Lau\" \/>\n<meta name=\"twitter:card\" content=\"summary_large_image\" \/>\n<meta name=\"twitter:label1\" content=\"Geschrieben von\" \/>\n\t<meta name=\"twitter:data1\" content=\"J\u00f6rg Lau\" \/>\n\t<meta name=\"twitter:label2\" content=\"Gesch\u00e4tzte Lesezeit\" \/>\n\t<meta name=\"twitter:data2\" content=\"1\u00a0Minute\" \/>\n<script type=\"application\/ld+json\" class=\"yoast-schema-graph\">{\"@context\":\"https:\/\/schema.org\",\"@graph\":[{\"@type\":\"WebPage\",\"@id\":\"https:\/\/blog.zeit.de\/joerglau\/2008\/01\/31\/niemand-hat-die-absicht-roland-koch-zu-kritisieren_1014\",\"url\":\"https:\/\/blog.zeit.de\/joerglau\/2008\/01\/31\/niemand-hat-die-absicht-roland-koch-zu-kritisieren_1014\",\"name\":\"Niemand hat die Absicht, Roland Koch zu kritisieren - J\u00f6rg Lau\",\"isPartOf\":{\"@id\":\"https:\/\/blog.zeit.de\/joerglau\/#website\"},\"datePublished\":\"2008-01-31T11:05:13+00:00\",\"dateModified\":\"2008-01-31T11:05:13+00:00\",\"author\":{\"@id\":\"https:\/\/blog.zeit.de\/joerglau\/#\/schema\/person\/55f0be9bfac24815791fbc852b042f57\"},\"breadcrumb\":{\"@id\":\"https:\/\/blog.zeit.de\/joerglau\/2008\/01\/31\/niemand-hat-die-absicht-roland-koch-zu-kritisieren_1014#breadcrumb\"},\"inLanguage\":\"de\",\"potentialAction\":[{\"@type\":\"ReadAction\",\"target\":[\"https:\/\/blog.zeit.de\/joerglau\/2008\/01\/31\/niemand-hat-die-absicht-roland-koch-zu-kritisieren_1014\"]}]},{\"@type\":\"BreadcrumbList\",\"@id\":\"https:\/\/blog.zeit.de\/joerglau\/2008\/01\/31\/niemand-hat-die-absicht-roland-koch-zu-kritisieren_1014#breadcrumb\",\"itemListElement\":[{\"@type\":\"ListItem\",\"position\":1,\"name\":\"Startseite\",\"item\":\"https:\/\/blog.zeit.de\/joerglau\"},{\"@type\":\"ListItem\",\"position\":2,\"name\":\"Niemand hat die Absicht, Roland Koch zu kritisieren\"}]},{\"@type\":\"WebSite\",\"@id\":\"https:\/\/blog.zeit.de\/joerglau\/#website\",\"url\":\"https:\/\/blog.zeit.de\/joerglau\/\",\"name\":\"J\u00f6rg Lau\",\"description\":\"Ein Blog \u00fcber Religion und Politik\",\"potentialAction\":[{\"@type\":\"SearchAction\",\"target\":{\"@type\":\"EntryPoint\",\"urlTemplate\":\"https:\/\/blog.zeit.de\/joerglau\/?s={search_term_string}\"},\"query-input\":\"required name=search_term_string\"}],\"inLanguage\":\"de\"},{\"@type\":\"Person\",\"@id\":\"https:\/\/blog.zeit.de\/joerglau\/#\/schema\/person\/55f0be9bfac24815791fbc852b042f57\",\"name\":\"J\u00f6rg Lau\",\"image\":{\"@type\":\"ImageObject\",\"inLanguage\":\"de\",\"@id\":\"https:\/\/blog.zeit.de\/joerglau\/#\/schema\/person\/image\/\",\"url\":\"https:\/\/secure.gravatar.com\/avatar\/a5fe39bf4f5335b8bac36eefa0b41467221b1598bfea5f05159a0199e391eed0?s=96&d=mm&r=g\",\"contentUrl\":\"https:\/\/secure.gravatar.com\/avatar\/a5fe39bf4f5335b8bac36eefa0b41467221b1598bfea5f05159a0199e391eed0?s=96&d=mm&r=g\",\"caption\":\"J\u00f6rg Lau\"},\"url\":\"https:\/\/blog.zeit.de\/joerglau\/author\/joerg-lau\"}]}<\/script>\n<!-- \/ Yoast SEO plugin. -->","yoast_head_json":{"title":"Niemand hat die Absicht, Roland Koch zu kritisieren - J\u00f6rg Lau","robots":{"index":"index","follow":"follow","max-snippet":"max-snippet:-1","max-image-preview":"max-image-preview:large","max-video-preview":"max-video-preview:-1"},"canonical":"https:\/\/blog.zeit.de\/joerglau\/2008\/01\/31\/niemand-hat-die-absicht-roland-koch-zu-kritisieren_1014","og_locale":"de_DE","og_type":"article","og_title":"Niemand hat die Absicht, Roland Koch zu kritisieren - J\u00f6rg Lau","og_description":"Die Distanzierung mancher Unterzeichner von dem gestern hier angek\u00fcndigten Brief &#8211; beziehungsweise von der Deutung, es handele sich um eine Distanzierung f\u00fchrender Unionspolitiker von Roland Koch &#8211; ist ein klassisches Beispiel f\u00fcr Bullshit. Was denn sonst soll das wohl sein? Warum steht Ole von Beust an erster Stelle der Unterzeichner? Na klar, weil sein Name [&hellip;]","og_url":"https:\/\/blog.zeit.de\/joerglau\/2008\/01\/31\/niemand-hat-die-absicht-roland-koch-zu-kritisieren_1014","og_site_name":"J\u00f6rg Lau","article_published_time":"2008-01-31T11:05:13+00:00","author":"J\u00f6rg Lau","twitter_card":"summary_large_image","twitter_misc":{"Geschrieben von":"J\u00f6rg Lau","Gesch\u00e4tzte Lesezeit":"1\u00a0Minute"},"schema":{"@context":"https:\/\/schema.org","@graph":[{"@type":"WebPage","@id":"https:\/\/blog.zeit.de\/joerglau\/2008\/01\/31\/niemand-hat-die-absicht-roland-koch-zu-kritisieren_1014","url":"https:\/\/blog.zeit.de\/joerglau\/2008\/01\/31\/niemand-hat-die-absicht-roland-koch-zu-kritisieren_1014","name":"Niemand hat die Absicht, Roland Koch zu kritisieren - J\u00f6rg Lau","isPartOf":{"@id":"https:\/\/blog.zeit.de\/joerglau\/#website"},"datePublished":"2008-01-31T11:05:13+00:00","dateModified":"2008-01-31T11:05:13+00:00","author":{"@id":"https:\/\/blog.zeit.de\/joerglau\/#\/schema\/person\/55f0be9bfac24815791fbc852b042f57"},"breadcrumb":{"@id":"https:\/\/blog.zeit.de\/joerglau\/2008\/01\/31\/niemand-hat-die-absicht-roland-koch-zu-kritisieren_1014#breadcrumb"},"inLanguage":"de","potentialAction":[{"@type":"ReadAction","target":["https:\/\/blog.zeit.de\/joerglau\/2008\/01\/31\/niemand-hat-die-absicht-roland-koch-zu-kritisieren_1014"]}]},{"@type":"BreadcrumbList","@id":"https:\/\/blog.zeit.de\/joerglau\/2008\/01\/31\/niemand-hat-die-absicht-roland-koch-zu-kritisieren_1014#breadcrumb","itemListElement":[{"@type":"ListItem","position":1,"name":"Startseite","item":"https:\/\/blog.zeit.de\/joerglau"},{"@type":"ListItem","position":2,"name":"Niemand hat die Absicht, Roland Koch zu kritisieren"}]},{"@type":"WebSite","@id":"https:\/\/blog.zeit.de\/joerglau\/#website","url":"https:\/\/blog.zeit.de\/joerglau\/","name":"J\u00f6rg Lau","description":"Ein Blog \u00fcber Religion und Politik","potentialAction":[{"@type":"SearchAction","target":{"@type":"EntryPoint","urlTemplate":"https:\/\/blog.zeit.de\/joerglau\/?s={search_term_string}"},"query-input":"required name=search_term_string"}],"inLanguage":"de"},{"@type":"Person","@id":"https:\/\/blog.zeit.de\/joerglau\/#\/schema\/person\/55f0be9bfac24815791fbc852b042f57","name":"J\u00f6rg Lau","image":{"@type":"ImageObject","inLanguage":"de","@id":"https:\/\/blog.zeit.de\/joerglau\/#\/schema\/person\/image\/","url":"https:\/\/secure.gravatar.com\/avatar\/a5fe39bf4f5335b8bac36eefa0b41467221b1598bfea5f05159a0199e391eed0?s=96&d=mm&r=g","contentUrl":"https:\/\/secure.gravatar.com\/avatar\/a5fe39bf4f5335b8bac36eefa0b41467221b1598bfea5f05159a0199e391eed0?s=96&d=mm&r=g","caption":"J\u00f6rg Lau"},"url":"https:\/\/blog.zeit.de\/joerglau\/author\/joerg-lau"}]}},"jetpack_featured_media_url":"","jetpack_sharing_enabled":true,"jetpack_shortlink":"https:\/\/wp.me\/pG02W-gm","_links":{"self":[{"href":"https:\/\/blog.zeit.de\/joerglau\/wp-json\/wp\/v2\/posts\/1014","targetHints":{"allow":["GET"]}}],"collection":[{"href":"https:\/\/blog.zeit.de\/joerglau\/wp-json\/wp\/v2\/posts"}],"about":[{"href":"https:\/\/blog.zeit.de\/joerglau\/wp-json\/wp\/v2\/types\/post"}],"author":[{"embeddable":true,"href":"https:\/\/blog.zeit.de\/joerglau\/wp-json\/wp\/v2\/users\/54"}],"replies":[{"embeddable":true,"href":"https:\/\/blog.zeit.de\/joerglau\/wp-json\/wp\/v2\/comments?post=1014"}],"version-history":[{"count":0,"href":"https:\/\/blog.zeit.de\/joerglau\/wp-json\/wp\/v2\/posts\/1014\/revisions"}],"wp:attachment":[{"href":"https:\/\/blog.zeit.de\/joerglau\/wp-json\/wp\/v2\/media?parent=1014"}],"wp:term":[{"taxonomy":"category","embeddable":true,"href":"https:\/\/blog.zeit.de\/joerglau\/wp-json\/wp\/v2\/categories?post=1014"},{"taxonomy":"post_tag","embeddable":true,"href":"https:\/\/blog.zeit.de\/joerglau\/wp-json\/wp\/v2\/tags?post=1014"}],"curies":[{"name":"wp","href":"https:\/\/api.w.org\/{rel}","templated":true}]}}