{"id":1051,"date":"2008-02-19T15:25:27","date_gmt":"2008-02-19T13:25:27","guid":{"rendered":"http:\/\/blog.zeit.de\/joerglau\/2008\/02\/19\/erdogan-turkische-verbande-betreiben-ghettoisierung_1051"},"modified":"2008-02-19T15:25:27","modified_gmt":"2008-02-19T13:25:27","slug":"erdogan-turkische-verbande-betreiben-ghettoisierung","status":"publish","type":"post","link":"https:\/\/blog.zeit.de\/joerglau\/2008\/02\/19\/erdogan-turkische-verbande-betreiben-ghettoisierung_1051","title":{"rendered":"Erdogan: T\u00fcrkische Verb\u00e4nde betreiben &#8222;Ghettoisierung&#8220;"},"content":{"rendered":"<p>Die Debatte geht weiter, auch in den t\u00fcrkischen Medien: \u201eUnsere Verb\u00e4nde betreiben Ghettoisierung\u201c ist heute in gro\u00dfen Lettern auf der Titelseite der H\u00dcRRIYET zu lesen, die damit auf Aussagen des t\u00fcrkischen Ministerpr\u00e4sidenten Erdogan aufmerksam macht. So habe Erdogan in einem Fernsehinterview die t\u00fcrkischst\u00e4mmigen Verb\u00e4nde in Europa beschuldigt, nicht modern genug zu sein und sich gegen\u00fcber der Mehrheitsgesellschaft zu verschlie\u00dfen. Mit diesem Konzept der \u201egeschlossenen Gesellschaft\u201c komme aber weder die t\u00fcrkischst\u00e4mmige Bev\u00f6lkerung noch die Integration in den entsprechenden L\u00e4ndern weiter. Damit erf\u00fcllten die Verb\u00e4nde nicht ihre eigentliche Aufgabe und betreiben mit den Worten Erdogans eine \u201eGhetttoisierung\u201c, so die Zeitung.<\/p>\n<p>\tDas ist ein notwendiges Wort des Ministerpr\u00e4sidenten.<\/p>\n<p>\tAber welches Spiel spielt er in der T\u00fcrkei? Die s\u00e4kulare Elite <a href=\"http:\/\/iht.com\/articles\/2008\/02\/19\/news\/19turkey.php\">macht sich gro\u00dfe Sorgen<\/a>, da\u00df die Freigabe des Kopftuches der Beginn einer Islamisierungskampagne ist. Der <a href=\"http:\/\/www.hurriyet.com.tr\/english\/8094774.asp?gid=74&#038;sz=98783\">H\u00fcrriyet-Kolumnist Mehmet Y. Yilmaz<\/a> berichtet von einem Empfang im Pr\u00e4sidentenpalast Cankaya, bei dem Erdogan demonstrativ nicht die Hand von Hayrunissa G\u00fcl sch\u00fcttelte, der Ehefrau von des Staatspr\u00e4sidenten Abdullah G\u00fcl. Das Kopftuch von Frau G\u00fcl war seinerzeit als Argument gegen die Berufung G\u00fcls zum Staatspr\u00e4sidenten gebracht worden. Es war nicht das erste Mal, dass Erdogan Frau G\u00fcl nicht die Hand reichte. Bei dem Empfang war auch der sudanesische Staatschef Bashir anwesend, dessen Frau das H\u00e4ndesch\u00fctteln ablehnt.<br \/>\n\tMehmet Yilmaz wundert sich:<br \/>\n\t&#8222;What&#8217;s more, we know from experience that Hayrunnisa Gul is not a woman who shies away from handshakes normally. So it must of been Erdogan who decided not to shake. Which is why, the only thing I can make out of this is that Erdogan must of been &#8222;playing to the tribunes&#8220; (since on that evening, Cankaya was hosting Sudanese leader El Beshir, whose wife does not shake the hands of men). If this is the case, it is not behavior acceptable in a leader.&#8220;<\/p>\n<p>\tEs geht hier nicht um Petitessen &#8211; sondern um die Frage, ob der t\u00fcrkische Regierungschef sich vor einem der <a href=\"http:\/\/en.wikipedia.org\/wiki\/Omar_al-Bashir\">schlimmsten Diktatoren<\/a> unserer Tage verneigt, der Sudan den Islamisten \u00fcberantwortet hat und die Verantwortung f\u00fcr den V\u00f6lkermord in Darfur tr\u00e4gt.<\/p>\n","protected":false},"excerpt":{"rendered":"<p>Die Debatte geht weiter, auch in den t\u00fcrkischen Medien: \u201eUnsere Verb\u00e4nde betreiben Ghettoisierung\u201c ist heute in gro\u00dfen Lettern auf der Titelseite der H\u00dcRRIYET zu lesen, die damit auf Aussagen des t\u00fcrkischen Ministerpr\u00e4sidenten Erdogan aufmerksam macht. So habe Erdogan in einem Fernsehinterview die t\u00fcrkischst\u00e4mmigen Verb\u00e4nde in Europa beschuldigt, nicht modern genug zu sein und sich gegen\u00fcber [&hellip;]<\/p>\n","protected":false},"author":54,"featured_media":0,"comment_status":"open","ping_status":"closed","sticky":false,"template":"","format":"standard","meta":{"jetpack_post_was_ever_published":false,"footnotes":""},"categories":[157,117],"tags":[],"class_list":["post-1051","post","type-post","status-publish","format-standard","hentry","category-die-freunde-und-die-feinde-des-islams","category-turkei"],"yoast_head":"<!-- This site is optimized with the Yoast SEO plugin v21.0 - https:\/\/yoast.com\/wordpress\/plugins\/seo\/ -->\n<title>Erdogan: T\u00fcrkische Verb\u00e4nde betreiben &quot;Ghettoisierung&quot; - J\u00f6rg Lau<\/title>\n<meta name=\"robots\" content=\"index, follow, max-snippet:-1, max-image-preview:large, max-video-preview:-1\" \/>\n<link rel=\"canonical\" href=\"https:\/\/blog.zeit.de\/joerglau\/2008\/02\/19\/erdogan-turkische-verbande-betreiben-ghettoisierung_1051\" \/>\n<meta property=\"og:locale\" content=\"de_DE\" \/>\n<meta property=\"og:type\" content=\"article\" \/>\n<meta property=\"og:title\" content=\"Erdogan: T\u00fcrkische Verb\u00e4nde betreiben &quot;Ghettoisierung&quot; - J\u00f6rg Lau\" \/>\n<meta property=\"og:description\" content=\"Die Debatte geht weiter, auch in den t\u00fcrkischen Medien: \u201eUnsere Verb\u00e4nde betreiben Ghettoisierung\u201c ist heute in gro\u00dfen Lettern auf der Titelseite der H\u00dcRRIYET zu lesen, die damit auf Aussagen des t\u00fcrkischen Ministerpr\u00e4sidenten Erdogan aufmerksam macht. So habe Erdogan in einem Fernsehinterview die t\u00fcrkischst\u00e4mmigen Verb\u00e4nde in Europa beschuldigt, nicht modern genug zu sein und sich gegen\u00fcber [&hellip;]\" \/>\n<meta property=\"og:url\" content=\"https:\/\/blog.zeit.de\/joerglau\/2008\/02\/19\/erdogan-turkische-verbande-betreiben-ghettoisierung_1051\" \/>\n<meta property=\"og:site_name\" content=\"J\u00f6rg Lau\" \/>\n<meta property=\"article:published_time\" content=\"2008-02-19T13:25:27+00:00\" \/>\n<meta name=\"author\" content=\"J\u00f6rg Lau\" \/>\n<meta name=\"twitter:card\" content=\"summary_large_image\" \/>\n<meta name=\"twitter:label1\" content=\"Geschrieben von\" \/>\n\t<meta name=\"twitter:data1\" content=\"J\u00f6rg Lau\" \/>\n\t<meta name=\"twitter:label2\" content=\"Gesch\u00e4tzte Lesezeit\" \/>\n\t<meta name=\"twitter:data2\" content=\"2\u00a0Minuten\" \/>\n<script type=\"application\/ld+json\" class=\"yoast-schema-graph\">{\"@context\":\"https:\/\/schema.org\",\"@graph\":[{\"@type\":\"WebPage\",\"@id\":\"https:\/\/blog.zeit.de\/joerglau\/2008\/02\/19\/erdogan-turkische-verbande-betreiben-ghettoisierung_1051\",\"url\":\"https:\/\/blog.zeit.de\/joerglau\/2008\/02\/19\/erdogan-turkische-verbande-betreiben-ghettoisierung_1051\",\"name\":\"Erdogan: T\u00fcrkische Verb\u00e4nde betreiben \\\"Ghettoisierung\\\" - J\u00f6rg Lau\",\"isPartOf\":{\"@id\":\"https:\/\/blog.zeit.de\/joerglau\/#website\"},\"datePublished\":\"2008-02-19T13:25:27+00:00\",\"dateModified\":\"2008-02-19T13:25:27+00:00\",\"author\":{\"@id\":\"https:\/\/blog.zeit.de\/joerglau\/#\/schema\/person\/55f0be9bfac24815791fbc852b042f57\"},\"breadcrumb\":{\"@id\":\"https:\/\/blog.zeit.de\/joerglau\/2008\/02\/19\/erdogan-turkische-verbande-betreiben-ghettoisierung_1051#breadcrumb\"},\"inLanguage\":\"de\",\"potentialAction\":[{\"@type\":\"ReadAction\",\"target\":[\"https:\/\/blog.zeit.de\/joerglau\/2008\/02\/19\/erdogan-turkische-verbande-betreiben-ghettoisierung_1051\"]}]},{\"@type\":\"BreadcrumbList\",\"@id\":\"https:\/\/blog.zeit.de\/joerglau\/2008\/02\/19\/erdogan-turkische-verbande-betreiben-ghettoisierung_1051#breadcrumb\",\"itemListElement\":[{\"@type\":\"ListItem\",\"position\":1,\"name\":\"Startseite\",\"item\":\"https:\/\/blog.zeit.de\/joerglau\"},{\"@type\":\"ListItem\",\"position\":2,\"name\":\"Erdogan: T\u00fcrkische Verb\u00e4nde betreiben &#8222;Ghettoisierung&#8220;\"}]},{\"@type\":\"WebSite\",\"@id\":\"https:\/\/blog.zeit.de\/joerglau\/#website\",\"url\":\"https:\/\/blog.zeit.de\/joerglau\/\",\"name\":\"J\u00f6rg Lau\",\"description\":\"Ein Blog \u00fcber Religion und Politik\",\"potentialAction\":[{\"@type\":\"SearchAction\",\"target\":{\"@type\":\"EntryPoint\",\"urlTemplate\":\"https:\/\/blog.zeit.de\/joerglau\/?s={search_term_string}\"},\"query-input\":\"required name=search_term_string\"}],\"inLanguage\":\"de\"},{\"@type\":\"Person\",\"@id\":\"https:\/\/blog.zeit.de\/joerglau\/#\/schema\/person\/55f0be9bfac24815791fbc852b042f57\",\"name\":\"J\u00f6rg Lau\",\"image\":{\"@type\":\"ImageObject\",\"inLanguage\":\"de\",\"@id\":\"https:\/\/blog.zeit.de\/joerglau\/#\/schema\/person\/image\/\",\"url\":\"https:\/\/secure.gravatar.com\/avatar\/a5fe39bf4f5335b8bac36eefa0b41467221b1598bfea5f05159a0199e391eed0?s=96&d=mm&r=g\",\"contentUrl\":\"https:\/\/secure.gravatar.com\/avatar\/a5fe39bf4f5335b8bac36eefa0b41467221b1598bfea5f05159a0199e391eed0?s=96&d=mm&r=g\",\"caption\":\"J\u00f6rg Lau\"},\"url\":\"https:\/\/blog.zeit.de\/joerglau\/author\/joerg-lau\"}]}<\/script>\n<!-- \/ Yoast SEO plugin. -->","yoast_head_json":{"title":"Erdogan: T\u00fcrkische Verb\u00e4nde betreiben \"Ghettoisierung\" - J\u00f6rg Lau","robots":{"index":"index","follow":"follow","max-snippet":"max-snippet:-1","max-image-preview":"max-image-preview:large","max-video-preview":"max-video-preview:-1"},"canonical":"https:\/\/blog.zeit.de\/joerglau\/2008\/02\/19\/erdogan-turkische-verbande-betreiben-ghettoisierung_1051","og_locale":"de_DE","og_type":"article","og_title":"Erdogan: T\u00fcrkische Verb\u00e4nde betreiben \"Ghettoisierung\" - J\u00f6rg Lau","og_description":"Die Debatte geht weiter, auch in den t\u00fcrkischen Medien: \u201eUnsere Verb\u00e4nde betreiben Ghettoisierung\u201c ist heute in gro\u00dfen Lettern auf der Titelseite der H\u00dcRRIYET zu lesen, die damit auf Aussagen des t\u00fcrkischen Ministerpr\u00e4sidenten Erdogan aufmerksam macht. So habe Erdogan in einem Fernsehinterview die t\u00fcrkischst\u00e4mmigen Verb\u00e4nde in Europa beschuldigt, nicht modern genug zu sein und sich gegen\u00fcber [&hellip;]","og_url":"https:\/\/blog.zeit.de\/joerglau\/2008\/02\/19\/erdogan-turkische-verbande-betreiben-ghettoisierung_1051","og_site_name":"J\u00f6rg Lau","article_published_time":"2008-02-19T13:25:27+00:00","author":"J\u00f6rg Lau","twitter_card":"summary_large_image","twitter_misc":{"Geschrieben von":"J\u00f6rg Lau","Gesch\u00e4tzte Lesezeit":"2\u00a0Minuten"},"schema":{"@context":"https:\/\/schema.org","@graph":[{"@type":"WebPage","@id":"https:\/\/blog.zeit.de\/joerglau\/2008\/02\/19\/erdogan-turkische-verbande-betreiben-ghettoisierung_1051","url":"https:\/\/blog.zeit.de\/joerglau\/2008\/02\/19\/erdogan-turkische-verbande-betreiben-ghettoisierung_1051","name":"Erdogan: T\u00fcrkische Verb\u00e4nde betreiben \"Ghettoisierung\" - J\u00f6rg Lau","isPartOf":{"@id":"https:\/\/blog.zeit.de\/joerglau\/#website"},"datePublished":"2008-02-19T13:25:27+00:00","dateModified":"2008-02-19T13:25:27+00:00","author":{"@id":"https:\/\/blog.zeit.de\/joerglau\/#\/schema\/person\/55f0be9bfac24815791fbc852b042f57"},"breadcrumb":{"@id":"https:\/\/blog.zeit.de\/joerglau\/2008\/02\/19\/erdogan-turkische-verbande-betreiben-ghettoisierung_1051#breadcrumb"},"inLanguage":"de","potentialAction":[{"@type":"ReadAction","target":["https:\/\/blog.zeit.de\/joerglau\/2008\/02\/19\/erdogan-turkische-verbande-betreiben-ghettoisierung_1051"]}]},{"@type":"BreadcrumbList","@id":"https:\/\/blog.zeit.de\/joerglau\/2008\/02\/19\/erdogan-turkische-verbande-betreiben-ghettoisierung_1051#breadcrumb","itemListElement":[{"@type":"ListItem","position":1,"name":"Startseite","item":"https:\/\/blog.zeit.de\/joerglau"},{"@type":"ListItem","position":2,"name":"Erdogan: T\u00fcrkische Verb\u00e4nde betreiben &#8222;Ghettoisierung&#8220;"}]},{"@type":"WebSite","@id":"https:\/\/blog.zeit.de\/joerglau\/#website","url":"https:\/\/blog.zeit.de\/joerglau\/","name":"J\u00f6rg Lau","description":"Ein Blog \u00fcber Religion und Politik","potentialAction":[{"@type":"SearchAction","target":{"@type":"EntryPoint","urlTemplate":"https:\/\/blog.zeit.de\/joerglau\/?s={search_term_string}"},"query-input":"required name=search_term_string"}],"inLanguage":"de"},{"@type":"Person","@id":"https:\/\/blog.zeit.de\/joerglau\/#\/schema\/person\/55f0be9bfac24815791fbc852b042f57","name":"J\u00f6rg Lau","image":{"@type":"ImageObject","inLanguage":"de","@id":"https:\/\/blog.zeit.de\/joerglau\/#\/schema\/person\/image\/","url":"https:\/\/secure.gravatar.com\/avatar\/a5fe39bf4f5335b8bac36eefa0b41467221b1598bfea5f05159a0199e391eed0?s=96&d=mm&r=g","contentUrl":"https:\/\/secure.gravatar.com\/avatar\/a5fe39bf4f5335b8bac36eefa0b41467221b1598bfea5f05159a0199e391eed0?s=96&d=mm&r=g","caption":"J\u00f6rg Lau"},"url":"https:\/\/blog.zeit.de\/joerglau\/author\/joerg-lau"}]}},"jetpack_featured_media_url":"","jetpack_sharing_enabled":true,"jetpack_shortlink":"https:\/\/wp.me\/pG02W-gX","_links":{"self":[{"href":"https:\/\/blog.zeit.de\/joerglau\/wp-json\/wp\/v2\/posts\/1051","targetHints":{"allow":["GET"]}}],"collection":[{"href":"https:\/\/blog.zeit.de\/joerglau\/wp-json\/wp\/v2\/posts"}],"about":[{"href":"https:\/\/blog.zeit.de\/joerglau\/wp-json\/wp\/v2\/types\/post"}],"author":[{"embeddable":true,"href":"https:\/\/blog.zeit.de\/joerglau\/wp-json\/wp\/v2\/users\/54"}],"replies":[{"embeddable":true,"href":"https:\/\/blog.zeit.de\/joerglau\/wp-json\/wp\/v2\/comments?post=1051"}],"version-history":[{"count":0,"href":"https:\/\/blog.zeit.de\/joerglau\/wp-json\/wp\/v2\/posts\/1051\/revisions"}],"wp:attachment":[{"href":"https:\/\/blog.zeit.de\/joerglau\/wp-json\/wp\/v2\/media?parent=1051"}],"wp:term":[{"taxonomy":"category","embeddable":true,"href":"https:\/\/blog.zeit.de\/joerglau\/wp-json\/wp\/v2\/categories?post=1051"},{"taxonomy":"post_tag","embeddable":true,"href":"https:\/\/blog.zeit.de\/joerglau\/wp-json\/wp\/v2\/tags?post=1051"}],"curies":[{"name":"wp","href":"https:\/\/api.w.org\/{rel}","templated":true}]}}