{"id":1056,"date":"2008-02-20T22:17:27","date_gmt":"2008-02-20T20:17:27","guid":{"rendered":"http:\/\/blog.zeit.de\/joerglau\/2008\/02\/20\/unterstutzt-erdogan_1056"},"modified":"2008-02-20T22:17:27","modified_gmt":"2008-02-20T20:17:27","slug":"unterstutzt-erdogan","status":"publish","type":"post","link":"https:\/\/blog.zeit.de\/joerglau\/2008\/02\/20\/unterstutzt-erdogan_1056","title":{"rendered":"&#8222;Unterst\u00fctzt Erdogan&#8220;"},"content":{"rendered":"<p>&#8222;Hi, ich bin ein in Berlin lebender Moslem und T\u00fcrke, der in Deutschland aufwuchs. Auch wenn ich j\u00fcdisch oder ein Christ w\u00e4re, w\u00fcrde ich Erdogan absolut unterst\u00fctzen.<br \/>\n\tSeitdem er das erste Mal gew\u00e4hlt wurde, hat er meinen Glauben an Politik allgemein und in meinem Geburtsland gest\u00e4rkt.<br \/>\n\tMan hat versucht ihm alles anzulasten, ihn zu verwirren, und trotzdem hat er seine Linie verfolgt. Er will nur das beste f\u00fcr die T\u00fcrkei, hat die Wirstschaft befl\u00fcgelt, von Parasiten ges\u00e4ubert, Toleranz gepredigt (Religionen und Gesellschaftsgruppen ). Packt an und quatscht nicht. Man (die Armee) sollte ihn lassen und nicht st\u00e4ndig unter Drohung halten. Er ist ein gl\u00e4ubiger Mensch, und auch wenn er die Thora oder Bibel lesen w\u00fcrde, auch ok. Er klebt nicht am Weltlichen, und dadurch f\u00e4llt es mir einfacher, ihm zu glauben, dass er ein guter Mensch ist. Er steht zu seiner Frau, die ein Kopftuch tr\u00e4gt, mit all den Schwierigkeiten, die es mit sich brachte auf seinem Weg, das zeugt von St\u00e4rke und Glaubw\u00fcrdigkeit. REAL SEIN. Mit der wahren Identit\u00e4t sich dem Westen pr\u00e4sentieren, wodurch er mehr Anerkennung erntet als so manscher Heuchleur der t\u00fcrkischen Politik. &#8230; Support Erdogan, he is a good guy&#8230;&#8220;<\/p>\n","protected":false},"excerpt":{"rendered":"<p>&#8222;Hi, ich bin ein in Berlin lebender Moslem und T\u00fcrke, der in Deutschland aufwuchs. Auch wenn ich j\u00fcdisch oder ein Christ w\u00e4re, w\u00fcrde ich Erdogan absolut unterst\u00fctzen. Seitdem er das erste Mal gew\u00e4hlt wurde, hat er meinen Glauben an Politik allgemein und in meinem Geburtsland gest\u00e4rkt. Man hat versucht ihm alles anzulasten, ihn zu verwirren, [&hellip;]<\/p>\n","protected":false},"author":54,"featured_media":0,"comment_status":"open","ping_status":"closed","sticky":false,"template":"","format":"standard","meta":{"jetpack_post_was_ever_published":false,"footnotes":""},"categories":[158],"tags":[],"class_list":["post-1056","post","type-post","status-publish","format-standard","hentry","category-dissens-des-tages"],"yoast_head":"<!-- This site is optimized with the Yoast SEO plugin v21.0 - https:\/\/yoast.com\/wordpress\/plugins\/seo\/ -->\n<title>&quot;Unterst\u00fctzt Erdogan&quot; - J\u00f6rg Lau<\/title>\n<meta name=\"robots\" content=\"index, follow, max-snippet:-1, max-image-preview:large, max-video-preview:-1\" \/>\n<link rel=\"canonical\" href=\"https:\/\/blog.zeit.de\/joerglau\/2008\/02\/20\/unterstutzt-erdogan_1056\" \/>\n<meta property=\"og:locale\" content=\"de_DE\" \/>\n<meta property=\"og:type\" content=\"article\" \/>\n<meta property=\"og:title\" content=\"&quot;Unterst\u00fctzt Erdogan&quot; - J\u00f6rg Lau\" \/>\n<meta property=\"og:description\" content=\"&#8222;Hi, ich bin ein in Berlin lebender Moslem und T\u00fcrke, der in Deutschland aufwuchs. Auch wenn ich j\u00fcdisch oder ein Christ w\u00e4re, w\u00fcrde ich Erdogan absolut unterst\u00fctzen. Seitdem er das erste Mal gew\u00e4hlt wurde, hat er meinen Glauben an Politik allgemein und in meinem Geburtsland gest\u00e4rkt. Man hat versucht ihm alles anzulasten, ihn zu verwirren, [&hellip;]\" \/>\n<meta property=\"og:url\" content=\"https:\/\/blog.zeit.de\/joerglau\/2008\/02\/20\/unterstutzt-erdogan_1056\" \/>\n<meta property=\"og:site_name\" content=\"J\u00f6rg Lau\" \/>\n<meta property=\"article:published_time\" content=\"2008-02-20T20:17:27+00:00\" \/>\n<meta name=\"author\" content=\"J\u00f6rg Lau\" \/>\n<meta name=\"twitter:card\" content=\"summary_large_image\" \/>\n<meta name=\"twitter:label1\" content=\"Geschrieben von\" \/>\n\t<meta name=\"twitter:data1\" content=\"J\u00f6rg Lau\" \/>\n\t<meta name=\"twitter:label2\" content=\"Gesch\u00e4tzte Lesezeit\" \/>\n\t<meta name=\"twitter:data2\" content=\"1\u00a0Minute\" \/>\n<script type=\"application\/ld+json\" class=\"yoast-schema-graph\">{\"@context\":\"https:\/\/schema.org\",\"@graph\":[{\"@type\":\"WebPage\",\"@id\":\"https:\/\/blog.zeit.de\/joerglau\/2008\/02\/20\/unterstutzt-erdogan_1056\",\"url\":\"https:\/\/blog.zeit.de\/joerglau\/2008\/02\/20\/unterstutzt-erdogan_1056\",\"name\":\"\\\"Unterst\u00fctzt Erdogan\\\" - J\u00f6rg Lau\",\"isPartOf\":{\"@id\":\"https:\/\/blog.zeit.de\/joerglau\/#website\"},\"datePublished\":\"2008-02-20T20:17:27+00:00\",\"dateModified\":\"2008-02-20T20:17:27+00:00\",\"author\":{\"@id\":\"https:\/\/blog.zeit.de\/joerglau\/#\/schema\/person\/55f0be9bfac24815791fbc852b042f57\"},\"breadcrumb\":{\"@id\":\"https:\/\/blog.zeit.de\/joerglau\/2008\/02\/20\/unterstutzt-erdogan_1056#breadcrumb\"},\"inLanguage\":\"de\",\"potentialAction\":[{\"@type\":\"ReadAction\",\"target\":[\"https:\/\/blog.zeit.de\/joerglau\/2008\/02\/20\/unterstutzt-erdogan_1056\"]}]},{\"@type\":\"BreadcrumbList\",\"@id\":\"https:\/\/blog.zeit.de\/joerglau\/2008\/02\/20\/unterstutzt-erdogan_1056#breadcrumb\",\"itemListElement\":[{\"@type\":\"ListItem\",\"position\":1,\"name\":\"Startseite\",\"item\":\"https:\/\/blog.zeit.de\/joerglau\"},{\"@type\":\"ListItem\",\"position\":2,\"name\":\"&#8222;Unterst\u00fctzt Erdogan&#8220;\"}]},{\"@type\":\"WebSite\",\"@id\":\"https:\/\/blog.zeit.de\/joerglau\/#website\",\"url\":\"https:\/\/blog.zeit.de\/joerglau\/\",\"name\":\"J\u00f6rg Lau\",\"description\":\"Ein Blog \u00fcber Religion und Politik\",\"potentialAction\":[{\"@type\":\"SearchAction\",\"target\":{\"@type\":\"EntryPoint\",\"urlTemplate\":\"https:\/\/blog.zeit.de\/joerglau\/?s={search_term_string}\"},\"query-input\":\"required name=search_term_string\"}],\"inLanguage\":\"de\"},{\"@type\":\"Person\",\"@id\":\"https:\/\/blog.zeit.de\/joerglau\/#\/schema\/person\/55f0be9bfac24815791fbc852b042f57\",\"name\":\"J\u00f6rg Lau\",\"image\":{\"@type\":\"ImageObject\",\"inLanguage\":\"de\",\"@id\":\"https:\/\/blog.zeit.de\/joerglau\/#\/schema\/person\/image\/\",\"url\":\"https:\/\/secure.gravatar.com\/avatar\/a5fe39bf4f5335b8bac36eefa0b41467221b1598bfea5f05159a0199e391eed0?s=96&d=mm&r=g\",\"contentUrl\":\"https:\/\/secure.gravatar.com\/avatar\/a5fe39bf4f5335b8bac36eefa0b41467221b1598bfea5f05159a0199e391eed0?s=96&d=mm&r=g\",\"caption\":\"J\u00f6rg Lau\"},\"url\":\"https:\/\/blog.zeit.de\/joerglau\/author\/joerg-lau\"}]}<\/script>\n<!-- \/ Yoast SEO plugin. -->","yoast_head_json":{"title":"\"Unterst\u00fctzt Erdogan\" - J\u00f6rg Lau","robots":{"index":"index","follow":"follow","max-snippet":"max-snippet:-1","max-image-preview":"max-image-preview:large","max-video-preview":"max-video-preview:-1"},"canonical":"https:\/\/blog.zeit.de\/joerglau\/2008\/02\/20\/unterstutzt-erdogan_1056","og_locale":"de_DE","og_type":"article","og_title":"\"Unterst\u00fctzt Erdogan\" - J\u00f6rg Lau","og_description":"&#8222;Hi, ich bin ein in Berlin lebender Moslem und T\u00fcrke, der in Deutschland aufwuchs. Auch wenn ich j\u00fcdisch oder ein Christ w\u00e4re, w\u00fcrde ich Erdogan absolut unterst\u00fctzen. Seitdem er das erste Mal gew\u00e4hlt wurde, hat er meinen Glauben an Politik allgemein und in meinem Geburtsland gest\u00e4rkt. Man hat versucht ihm alles anzulasten, ihn zu verwirren, [&hellip;]","og_url":"https:\/\/blog.zeit.de\/joerglau\/2008\/02\/20\/unterstutzt-erdogan_1056","og_site_name":"J\u00f6rg Lau","article_published_time":"2008-02-20T20:17:27+00:00","author":"J\u00f6rg Lau","twitter_card":"summary_large_image","twitter_misc":{"Geschrieben von":"J\u00f6rg Lau","Gesch\u00e4tzte Lesezeit":"1\u00a0Minute"},"schema":{"@context":"https:\/\/schema.org","@graph":[{"@type":"WebPage","@id":"https:\/\/blog.zeit.de\/joerglau\/2008\/02\/20\/unterstutzt-erdogan_1056","url":"https:\/\/blog.zeit.de\/joerglau\/2008\/02\/20\/unterstutzt-erdogan_1056","name":"\"Unterst\u00fctzt Erdogan\" - J\u00f6rg Lau","isPartOf":{"@id":"https:\/\/blog.zeit.de\/joerglau\/#website"},"datePublished":"2008-02-20T20:17:27+00:00","dateModified":"2008-02-20T20:17:27+00:00","author":{"@id":"https:\/\/blog.zeit.de\/joerglau\/#\/schema\/person\/55f0be9bfac24815791fbc852b042f57"},"breadcrumb":{"@id":"https:\/\/blog.zeit.de\/joerglau\/2008\/02\/20\/unterstutzt-erdogan_1056#breadcrumb"},"inLanguage":"de","potentialAction":[{"@type":"ReadAction","target":["https:\/\/blog.zeit.de\/joerglau\/2008\/02\/20\/unterstutzt-erdogan_1056"]}]},{"@type":"BreadcrumbList","@id":"https:\/\/blog.zeit.de\/joerglau\/2008\/02\/20\/unterstutzt-erdogan_1056#breadcrumb","itemListElement":[{"@type":"ListItem","position":1,"name":"Startseite","item":"https:\/\/blog.zeit.de\/joerglau"},{"@type":"ListItem","position":2,"name":"&#8222;Unterst\u00fctzt Erdogan&#8220;"}]},{"@type":"WebSite","@id":"https:\/\/blog.zeit.de\/joerglau\/#website","url":"https:\/\/blog.zeit.de\/joerglau\/","name":"J\u00f6rg Lau","description":"Ein Blog \u00fcber Religion und Politik","potentialAction":[{"@type":"SearchAction","target":{"@type":"EntryPoint","urlTemplate":"https:\/\/blog.zeit.de\/joerglau\/?s={search_term_string}"},"query-input":"required name=search_term_string"}],"inLanguage":"de"},{"@type":"Person","@id":"https:\/\/blog.zeit.de\/joerglau\/#\/schema\/person\/55f0be9bfac24815791fbc852b042f57","name":"J\u00f6rg Lau","image":{"@type":"ImageObject","inLanguage":"de","@id":"https:\/\/blog.zeit.de\/joerglau\/#\/schema\/person\/image\/","url":"https:\/\/secure.gravatar.com\/avatar\/a5fe39bf4f5335b8bac36eefa0b41467221b1598bfea5f05159a0199e391eed0?s=96&d=mm&r=g","contentUrl":"https:\/\/secure.gravatar.com\/avatar\/a5fe39bf4f5335b8bac36eefa0b41467221b1598bfea5f05159a0199e391eed0?s=96&d=mm&r=g","caption":"J\u00f6rg Lau"},"url":"https:\/\/blog.zeit.de\/joerglau\/author\/joerg-lau"}]}},"jetpack_featured_media_url":"","jetpack_sharing_enabled":true,"jetpack_shortlink":"https:\/\/wp.me\/pG02W-h2","_links":{"self":[{"href":"https:\/\/blog.zeit.de\/joerglau\/wp-json\/wp\/v2\/posts\/1056","targetHints":{"allow":["GET"]}}],"collection":[{"href":"https:\/\/blog.zeit.de\/joerglau\/wp-json\/wp\/v2\/posts"}],"about":[{"href":"https:\/\/blog.zeit.de\/joerglau\/wp-json\/wp\/v2\/types\/post"}],"author":[{"embeddable":true,"href":"https:\/\/blog.zeit.de\/joerglau\/wp-json\/wp\/v2\/users\/54"}],"replies":[{"embeddable":true,"href":"https:\/\/blog.zeit.de\/joerglau\/wp-json\/wp\/v2\/comments?post=1056"}],"version-history":[{"count":0,"href":"https:\/\/blog.zeit.de\/joerglau\/wp-json\/wp\/v2\/posts\/1056\/revisions"}],"wp:attachment":[{"href":"https:\/\/blog.zeit.de\/joerglau\/wp-json\/wp\/v2\/media?parent=1056"}],"wp:term":[{"taxonomy":"category","embeddable":true,"href":"https:\/\/blog.zeit.de\/joerglau\/wp-json\/wp\/v2\/categories?post=1056"},{"taxonomy":"post_tag","embeddable":true,"href":"https:\/\/blog.zeit.de\/joerglau\/wp-json\/wp\/v2\/tags?post=1056"}],"curies":[{"name":"wp","href":"https:\/\/api.w.org\/{rel}","templated":true}]}}