{"id":1058,"date":"2008-02-21T14:59:18","date_gmt":"2008-02-21T12:59:18","guid":{"rendered":"http:\/\/blog.zeit.de\/joerglau\/2008\/02\/21\/hitler-ist-nicht-tot_1058"},"modified":"2008-02-21T14:59:18","modified_gmt":"2008-02-21T12:59:18","slug":"hitler-ist-nicht-tot","status":"publish","type":"post","link":"https:\/\/blog.zeit.de\/joerglau\/2008\/02\/21\/hitler-ist-nicht-tot_1058","title":{"rendered":"&#8222;Hitler ist nicht tot&#8220;"},"content":{"rendered":"<p><a href='https:\/\/blog.zeit.de\/joerglau\/files\/2008\/02\/merkel-hitler.jpg' title='merkel-hitler.jpg'><img src='https:\/\/blog.zeit.de\/joerglau\/files\/2008\/02\/merkel-hitler.jpg' alt='merkel-hitler.jpg' \/><\/a><br \/>\n\tDie rechtsradikal-islamistische t\u00fcrkische Zeitung Vakit greift zu ihrer Lieblingsmasche und zeigt die deutsche Politik im Schatten des Hakenkreuzes. &#8222;Hitler ist doch nicht tot.&#8220;<br \/>\n\tAngesichts mehrerer Br\u00e4nde in Deutschland, denen T\u00fcrken oder t\u00fcrkischst\u00e4mmige Deutsche  zum Opfer gefallen sind, wird das bereits im <a href=\"https:\/\/blog.zeit.de\/joerglau\/index.php?s=merkel+hitler\">September<\/a> benutzte Merkel-Hitler Bild wiederverwertet. VAKIT ist seit 2005 in Deutschland verboten.<br \/>\n\tDavon abgesehen: Die Serie der Br\u00e4nde l\u00f6st auch im vern\u00fcnftigen Teil der t\u00fcrkischen \u00d6ffentlichkeit gro\u00dfe Sorge aus. Das ist verst\u00e4ndlich. Es ist n\u00e4mlich nicht auszuschlie\u00dfen, da\u00df in Dautphetal bei Marburg <a href=\"http:\/\/www.netzeitung.de\/politik\/deutschland\/908458.html\">eine rassistische Straftat<\/a> vorliegt. In Aldingen\/Baden-W\u00fcrttemberg wurde ein <a href=\"http:\/\/www.tagesspiegel.de\/weltspiegel\/Gelsenkirchen-Wohnungsbrand-Aldingen;art1117,2478539\">53j\u00e4hriger Deutscher<\/a> nach einem Brand verhaftet. Er scheint bereits mehrere pyromanische Taten ver\u00fcbt zu haben und psychiatrische Hilfe zu brauchen. In Gelsenkirchen scheinen z\u00fcndelnde Kinder die Ursache eines Brandes zu sein.<\/p>\n","protected":false},"excerpt":{"rendered":"<p>Die rechtsradikal-islamistische t\u00fcrkische Zeitung Vakit greift zu ihrer Lieblingsmasche und zeigt die deutsche Politik im Schatten des Hakenkreuzes. &#8222;Hitler ist doch nicht tot.&#8220; Angesichts mehrerer Br\u00e4nde in Deutschland, denen T\u00fcrken oder t\u00fcrkischst\u00e4mmige Deutsche zum Opfer gefallen sind, wird das bereits im September benutzte Merkel-Hitler Bild wiederverwertet. VAKIT ist seit 2005 in Deutschland verboten. Davon abgesehen: [&hellip;]<\/p>\n","protected":false},"author":54,"featured_media":0,"comment_status":"open","ping_status":"closed","sticky":false,"template":"","format":"standard","meta":{"jetpack_post_was_ever_published":false,"footnotes":""},"categories":[155,117],"tags":[],"class_list":["post-1058","post","type-post","status-publish","format-standard","hentry","category-debatte","category-turkei"],"yoast_head":"<!-- This site is optimized with the Yoast SEO plugin v21.0 - https:\/\/yoast.com\/wordpress\/plugins\/seo\/ -->\n<title>&quot;Hitler ist nicht tot&quot; - J\u00f6rg Lau<\/title>\n<meta name=\"robots\" content=\"index, follow, max-snippet:-1, max-image-preview:large, max-video-preview:-1\" \/>\n<link rel=\"canonical\" href=\"https:\/\/blog.zeit.de\/joerglau\/2008\/02\/21\/hitler-ist-nicht-tot_1058\" \/>\n<meta property=\"og:locale\" content=\"de_DE\" \/>\n<meta property=\"og:type\" content=\"article\" \/>\n<meta property=\"og:title\" content=\"&quot;Hitler ist nicht tot&quot; - J\u00f6rg Lau\" \/>\n<meta property=\"og:description\" content=\"Die rechtsradikal-islamistische t\u00fcrkische Zeitung Vakit greift zu ihrer Lieblingsmasche und zeigt die deutsche Politik im Schatten des Hakenkreuzes. &#8222;Hitler ist doch nicht tot.&#8220; Angesichts mehrerer Br\u00e4nde in Deutschland, denen T\u00fcrken oder t\u00fcrkischst\u00e4mmige Deutsche zum Opfer gefallen sind, wird das bereits im September benutzte Merkel-Hitler Bild wiederverwertet. VAKIT ist seit 2005 in Deutschland verboten. Davon abgesehen: [&hellip;]\" \/>\n<meta property=\"og:url\" content=\"https:\/\/blog.zeit.de\/joerglau\/2008\/02\/21\/hitler-ist-nicht-tot_1058\" \/>\n<meta property=\"og:site_name\" content=\"J\u00f6rg Lau\" \/>\n<meta property=\"article:published_time\" content=\"2008-02-21T12:59:18+00:00\" \/>\n<meta property=\"og:image\" content=\"https:\/\/blog.zeit.de\/joerglau\/files\/2008\/02\/merkel-hitler.jpg\" \/>\n<meta name=\"author\" content=\"J\u00f6rg Lau\" \/>\n<meta name=\"twitter:card\" content=\"summary_large_image\" \/>\n<meta name=\"twitter:label1\" content=\"Geschrieben von\" \/>\n\t<meta name=\"twitter:data1\" content=\"J\u00f6rg Lau\" \/>\n\t<meta name=\"twitter:label2\" content=\"Gesch\u00e4tzte Lesezeit\" \/>\n\t<meta name=\"twitter:data2\" content=\"1\u00a0Minute\" \/>\n<script type=\"application\/ld+json\" class=\"yoast-schema-graph\">{\"@context\":\"https:\/\/schema.org\",\"@graph\":[{\"@type\":\"WebPage\",\"@id\":\"https:\/\/blog.zeit.de\/joerglau\/2008\/02\/21\/hitler-ist-nicht-tot_1058\",\"url\":\"https:\/\/blog.zeit.de\/joerglau\/2008\/02\/21\/hitler-ist-nicht-tot_1058\",\"name\":\"\\\"Hitler ist nicht tot\\\" - J\u00f6rg Lau\",\"isPartOf\":{\"@id\":\"https:\/\/blog.zeit.de\/joerglau\/#website\"},\"datePublished\":\"2008-02-21T12:59:18+00:00\",\"dateModified\":\"2008-02-21T12:59:18+00:00\",\"author\":{\"@id\":\"https:\/\/blog.zeit.de\/joerglau\/#\/schema\/person\/55f0be9bfac24815791fbc852b042f57\"},\"breadcrumb\":{\"@id\":\"https:\/\/blog.zeit.de\/joerglau\/2008\/02\/21\/hitler-ist-nicht-tot_1058#breadcrumb\"},\"inLanguage\":\"de\",\"potentialAction\":[{\"@type\":\"ReadAction\",\"target\":[\"https:\/\/blog.zeit.de\/joerglau\/2008\/02\/21\/hitler-ist-nicht-tot_1058\"]}]},{\"@type\":\"BreadcrumbList\",\"@id\":\"https:\/\/blog.zeit.de\/joerglau\/2008\/02\/21\/hitler-ist-nicht-tot_1058#breadcrumb\",\"itemListElement\":[{\"@type\":\"ListItem\",\"position\":1,\"name\":\"Startseite\",\"item\":\"https:\/\/blog.zeit.de\/joerglau\"},{\"@type\":\"ListItem\",\"position\":2,\"name\":\"&#8222;Hitler ist nicht tot&#8220;\"}]},{\"@type\":\"WebSite\",\"@id\":\"https:\/\/blog.zeit.de\/joerglau\/#website\",\"url\":\"https:\/\/blog.zeit.de\/joerglau\/\",\"name\":\"J\u00f6rg Lau\",\"description\":\"Ein Blog \u00fcber Religion und Politik\",\"potentialAction\":[{\"@type\":\"SearchAction\",\"target\":{\"@type\":\"EntryPoint\",\"urlTemplate\":\"https:\/\/blog.zeit.de\/joerglau\/?s={search_term_string}\"},\"query-input\":\"required name=search_term_string\"}],\"inLanguage\":\"de\"},{\"@type\":\"Person\",\"@id\":\"https:\/\/blog.zeit.de\/joerglau\/#\/schema\/person\/55f0be9bfac24815791fbc852b042f57\",\"name\":\"J\u00f6rg Lau\",\"image\":{\"@type\":\"ImageObject\",\"inLanguage\":\"de\",\"@id\":\"https:\/\/blog.zeit.de\/joerglau\/#\/schema\/person\/image\/\",\"url\":\"https:\/\/secure.gravatar.com\/avatar\/a5fe39bf4f5335b8bac36eefa0b41467221b1598bfea5f05159a0199e391eed0?s=96&d=mm&r=g\",\"contentUrl\":\"https:\/\/secure.gravatar.com\/avatar\/a5fe39bf4f5335b8bac36eefa0b41467221b1598bfea5f05159a0199e391eed0?s=96&d=mm&r=g\",\"caption\":\"J\u00f6rg Lau\"},\"url\":\"https:\/\/blog.zeit.de\/joerglau\/author\/joerg-lau\"}]}<\/script>\n<!-- \/ Yoast SEO plugin. -->","yoast_head_json":{"title":"\"Hitler ist nicht tot\" - J\u00f6rg Lau","robots":{"index":"index","follow":"follow","max-snippet":"max-snippet:-1","max-image-preview":"max-image-preview:large","max-video-preview":"max-video-preview:-1"},"canonical":"https:\/\/blog.zeit.de\/joerglau\/2008\/02\/21\/hitler-ist-nicht-tot_1058","og_locale":"de_DE","og_type":"article","og_title":"\"Hitler ist nicht tot\" - J\u00f6rg Lau","og_description":"Die rechtsradikal-islamistische t\u00fcrkische Zeitung Vakit greift zu ihrer Lieblingsmasche und zeigt die deutsche Politik im Schatten des Hakenkreuzes. &#8222;Hitler ist doch nicht tot.&#8220; Angesichts mehrerer Br\u00e4nde in Deutschland, denen T\u00fcrken oder t\u00fcrkischst\u00e4mmige Deutsche zum Opfer gefallen sind, wird das bereits im September benutzte Merkel-Hitler Bild wiederverwertet. VAKIT ist seit 2005 in Deutschland verboten. Davon abgesehen: [&hellip;]","og_url":"https:\/\/blog.zeit.de\/joerglau\/2008\/02\/21\/hitler-ist-nicht-tot_1058","og_site_name":"J\u00f6rg Lau","article_published_time":"2008-02-21T12:59:18+00:00","og_image":[{"url":"https:\/\/blog.zeit.de\/joerglau\/files\/2008\/02\/merkel-hitler.jpg"}],"author":"J\u00f6rg Lau","twitter_card":"summary_large_image","twitter_misc":{"Geschrieben von":"J\u00f6rg Lau","Gesch\u00e4tzte Lesezeit":"1\u00a0Minute"},"schema":{"@context":"https:\/\/schema.org","@graph":[{"@type":"WebPage","@id":"https:\/\/blog.zeit.de\/joerglau\/2008\/02\/21\/hitler-ist-nicht-tot_1058","url":"https:\/\/blog.zeit.de\/joerglau\/2008\/02\/21\/hitler-ist-nicht-tot_1058","name":"\"Hitler ist nicht tot\" - J\u00f6rg Lau","isPartOf":{"@id":"https:\/\/blog.zeit.de\/joerglau\/#website"},"datePublished":"2008-02-21T12:59:18+00:00","dateModified":"2008-02-21T12:59:18+00:00","author":{"@id":"https:\/\/blog.zeit.de\/joerglau\/#\/schema\/person\/55f0be9bfac24815791fbc852b042f57"},"breadcrumb":{"@id":"https:\/\/blog.zeit.de\/joerglau\/2008\/02\/21\/hitler-ist-nicht-tot_1058#breadcrumb"},"inLanguage":"de","potentialAction":[{"@type":"ReadAction","target":["https:\/\/blog.zeit.de\/joerglau\/2008\/02\/21\/hitler-ist-nicht-tot_1058"]}]},{"@type":"BreadcrumbList","@id":"https:\/\/blog.zeit.de\/joerglau\/2008\/02\/21\/hitler-ist-nicht-tot_1058#breadcrumb","itemListElement":[{"@type":"ListItem","position":1,"name":"Startseite","item":"https:\/\/blog.zeit.de\/joerglau"},{"@type":"ListItem","position":2,"name":"&#8222;Hitler ist nicht tot&#8220;"}]},{"@type":"WebSite","@id":"https:\/\/blog.zeit.de\/joerglau\/#website","url":"https:\/\/blog.zeit.de\/joerglau\/","name":"J\u00f6rg Lau","description":"Ein Blog \u00fcber Religion und Politik","potentialAction":[{"@type":"SearchAction","target":{"@type":"EntryPoint","urlTemplate":"https:\/\/blog.zeit.de\/joerglau\/?s={search_term_string}"},"query-input":"required name=search_term_string"}],"inLanguage":"de"},{"@type":"Person","@id":"https:\/\/blog.zeit.de\/joerglau\/#\/schema\/person\/55f0be9bfac24815791fbc852b042f57","name":"J\u00f6rg Lau","image":{"@type":"ImageObject","inLanguage":"de","@id":"https:\/\/blog.zeit.de\/joerglau\/#\/schema\/person\/image\/","url":"https:\/\/secure.gravatar.com\/avatar\/a5fe39bf4f5335b8bac36eefa0b41467221b1598bfea5f05159a0199e391eed0?s=96&d=mm&r=g","contentUrl":"https:\/\/secure.gravatar.com\/avatar\/a5fe39bf4f5335b8bac36eefa0b41467221b1598bfea5f05159a0199e391eed0?s=96&d=mm&r=g","caption":"J\u00f6rg Lau"},"url":"https:\/\/blog.zeit.de\/joerglau\/author\/joerg-lau"}]}},"jetpack_featured_media_url":"","jetpack_sharing_enabled":true,"jetpack_shortlink":"https:\/\/wp.me\/pG02W-h4","_links":{"self":[{"href":"https:\/\/blog.zeit.de\/joerglau\/wp-json\/wp\/v2\/posts\/1058","targetHints":{"allow":["GET"]}}],"collection":[{"href":"https:\/\/blog.zeit.de\/joerglau\/wp-json\/wp\/v2\/posts"}],"about":[{"href":"https:\/\/blog.zeit.de\/joerglau\/wp-json\/wp\/v2\/types\/post"}],"author":[{"embeddable":true,"href":"https:\/\/blog.zeit.de\/joerglau\/wp-json\/wp\/v2\/users\/54"}],"replies":[{"embeddable":true,"href":"https:\/\/blog.zeit.de\/joerglau\/wp-json\/wp\/v2\/comments?post=1058"}],"version-history":[{"count":0,"href":"https:\/\/blog.zeit.de\/joerglau\/wp-json\/wp\/v2\/posts\/1058\/revisions"}],"wp:attachment":[{"href":"https:\/\/blog.zeit.de\/joerglau\/wp-json\/wp\/v2\/media?parent=1058"}],"wp:term":[{"taxonomy":"category","embeddable":true,"href":"https:\/\/blog.zeit.de\/joerglau\/wp-json\/wp\/v2\/categories?post=1058"},{"taxonomy":"post_tag","embeddable":true,"href":"https:\/\/blog.zeit.de\/joerglau\/wp-json\/wp\/v2\/tags?post=1058"}],"curies":[{"name":"wp","href":"https:\/\/api.w.org\/{rel}","templated":true}]}}