{"id":109,"date":"2007-01-10T18:00:43","date_gmt":"2007-01-10T16:00:43","guid":{"rendered":"http:\/\/blog.zeit.de\/joerglau\/2007\/01\/10\/die-bizarre-trauer-der-araber-um-saddam_109"},"modified":"2007-01-10T18:00:43","modified_gmt":"2007-01-10T16:00:43","slug":"die-bizarre-trauer-der-araber-um-saddam","status":"publish","type":"post","link":"https:\/\/blog.zeit.de\/joerglau\/2007\/01\/10\/die-bizarre-trauer-der-araber-um-saddam_109","title":{"rendered":"Lieben die Araber ihre Diktatoren mehr als sich selbst?"},"content":{"rendered":"<p>Ein Beitrag von Raja Ben Slama, Professorin f\u00fcr arabische Literatur in Tunis und Kairo, auf <a href=\"http:\/\/www.qantara.de\/webcom\/show_article.php\/_c-468\/_nr-664\/i.html\">Qantara.de<\/a>. Sie kritisiert zun\u00e4chst das Verfahren gegen Saddam und seine Exekution, ganz wie auch auf diesem Blog geschehen. Und dann macht sie folgenden Punkt:<a href=\"http:\/\/www.qantara.de\/webcom\/show_article.php\/_c-468\/_nr-664\/i.html\"><br \/>\n<\/a><\/p>\n<blockquote><p>&#8222;Angenommen, das Gerichtsverfahren gegen Saddam Hussein w\u00e4re fair gewesen, die Akten, die die Verstrickung westlicher Staaten in die Verbrechen Saddam Husseins behandeln, w\u00e4ren nicht geschlossen und das Urteil gegen Hussein vorschriftsm\u00e4\u00dfig vollstreckt worden \u2013 w\u00e4ren die arabischen Eliten und V\u00f6lker dann bereit, aus dieser Lektion zu lernen?<\/p>\n<p>Seit der Vollstreckung des Todesurteils gegen Saddam Hussein habe ich zahllose politische Kommuniqu\u00e9s und Gedichte erhalten, in denen er betrauert und beweint wird. <strong>Offenbar lieben die Araber ihre Diktatoren mehr als sich selbst.<\/strong> (In diesem Zusammenhang f\u00e4llt mir Sigmund Freuds Kommentar \u00fcber seine psychisch kranken Patienten ein, der gesagt hat, dass sie ihre Wahnvorstellungen mehr lieben als sich selbst).<\/p>\n<p>Wenn politische Parteien, die sich als demokratisch bezeichnen, darunter auch islamistische, um den &#8218;M\u00e4rtyrer und Helden&#8216; Saddam Hussein trauern, der f\u00fcr das Gesetz des Dschungels und das Fehlen jeglicher Demokratie stand, m\u00fcssen wir uns fragen, welches politische Denken diese Eliten aufweisen und welche politische Zukunft uns noch erwartet.&#8220;<\/p><\/blockquote>\n","protected":false},"excerpt":{"rendered":"<p>Ein Beitrag von Raja Ben Slama, Professorin f\u00fcr arabische Literatur in Tunis und Kairo, auf Qantara.de. Sie kritisiert zun\u00e4chst das Verfahren gegen Saddam und seine Exekution, ganz wie auch auf diesem Blog geschehen. Und dann macht sie folgenden Punkt: &#8222;Angenommen, das Gerichtsverfahren gegen Saddam Hussein w\u00e4re fair gewesen, die Akten, die die Verstrickung westlicher Staaten [&hellip;]<\/p>\n","protected":false},"author":54,"featured_media":0,"comment_status":"open","ping_status":"closed","sticky":false,"template":"","format":"standard","meta":{"jetpack_post_was_ever_published":false,"footnotes":""},"categories":[157],"tags":[],"class_list":["post-109","post","type-post","status-publish","format-standard","hentry","category-die-freunde-und-die-feinde-des-islams"],"yoast_head":"<!-- This site is optimized with the Yoast SEO plugin v21.0 - https:\/\/yoast.com\/wordpress\/plugins\/seo\/ -->\n<title>Lieben die Araber ihre Diktatoren mehr als sich selbst? - J\u00f6rg Lau<\/title>\n<meta name=\"robots\" content=\"index, follow, max-snippet:-1, max-image-preview:large, max-video-preview:-1\" \/>\n<link rel=\"canonical\" href=\"https:\/\/blog.zeit.de\/joerglau\/2007\/01\/10\/die-bizarre-trauer-der-araber-um-saddam_109\" \/>\n<meta property=\"og:locale\" content=\"de_DE\" \/>\n<meta property=\"og:type\" content=\"article\" \/>\n<meta property=\"og:title\" content=\"Lieben die Araber ihre Diktatoren mehr als sich selbst? - J\u00f6rg Lau\" \/>\n<meta property=\"og:description\" content=\"Ein Beitrag von Raja Ben Slama, Professorin f\u00fcr arabische Literatur in Tunis und Kairo, auf Qantara.de. Sie kritisiert zun\u00e4chst das Verfahren gegen Saddam und seine Exekution, ganz wie auch auf diesem Blog geschehen. Und dann macht sie folgenden Punkt: &#8222;Angenommen, das Gerichtsverfahren gegen Saddam Hussein w\u00e4re fair gewesen, die Akten, die die Verstrickung westlicher Staaten [&hellip;]\" \/>\n<meta property=\"og:url\" content=\"https:\/\/blog.zeit.de\/joerglau\/2007\/01\/10\/die-bizarre-trauer-der-araber-um-saddam_109\" \/>\n<meta property=\"og:site_name\" content=\"J\u00f6rg Lau\" \/>\n<meta property=\"article:published_time\" content=\"2007-01-10T16:00:43+00:00\" \/>\n<meta name=\"author\" content=\"J\u00f6rg Lau\" \/>\n<meta name=\"twitter:card\" content=\"summary_large_image\" \/>\n<meta name=\"twitter:label1\" content=\"Geschrieben von\" \/>\n\t<meta name=\"twitter:data1\" content=\"J\u00f6rg Lau\" \/>\n\t<meta name=\"twitter:label2\" content=\"Gesch\u00e4tzte Lesezeit\" \/>\n\t<meta name=\"twitter:data2\" content=\"1\u00a0Minute\" \/>\n<script type=\"application\/ld+json\" class=\"yoast-schema-graph\">{\"@context\":\"https:\/\/schema.org\",\"@graph\":[{\"@type\":\"WebPage\",\"@id\":\"https:\/\/blog.zeit.de\/joerglau\/2007\/01\/10\/die-bizarre-trauer-der-araber-um-saddam_109\",\"url\":\"https:\/\/blog.zeit.de\/joerglau\/2007\/01\/10\/die-bizarre-trauer-der-araber-um-saddam_109\",\"name\":\"Lieben die Araber ihre Diktatoren mehr als sich selbst? - J\u00f6rg Lau\",\"isPartOf\":{\"@id\":\"https:\/\/blog.zeit.de\/joerglau\/#website\"},\"datePublished\":\"2007-01-10T16:00:43+00:00\",\"dateModified\":\"2007-01-10T16:00:43+00:00\",\"author\":{\"@id\":\"https:\/\/blog.zeit.de\/joerglau\/#\/schema\/person\/55f0be9bfac24815791fbc852b042f57\"},\"breadcrumb\":{\"@id\":\"https:\/\/blog.zeit.de\/joerglau\/2007\/01\/10\/die-bizarre-trauer-der-araber-um-saddam_109#breadcrumb\"},\"inLanguage\":\"de\",\"potentialAction\":[{\"@type\":\"ReadAction\",\"target\":[\"https:\/\/blog.zeit.de\/joerglau\/2007\/01\/10\/die-bizarre-trauer-der-araber-um-saddam_109\"]}]},{\"@type\":\"BreadcrumbList\",\"@id\":\"https:\/\/blog.zeit.de\/joerglau\/2007\/01\/10\/die-bizarre-trauer-der-araber-um-saddam_109#breadcrumb\",\"itemListElement\":[{\"@type\":\"ListItem\",\"position\":1,\"name\":\"Startseite\",\"item\":\"https:\/\/blog.zeit.de\/joerglau\"},{\"@type\":\"ListItem\",\"position\":2,\"name\":\"Lieben die Araber ihre Diktatoren mehr als sich selbst?\"}]},{\"@type\":\"WebSite\",\"@id\":\"https:\/\/blog.zeit.de\/joerglau\/#website\",\"url\":\"https:\/\/blog.zeit.de\/joerglau\/\",\"name\":\"J\u00f6rg Lau\",\"description\":\"Ein Blog \u00fcber Religion und Politik\",\"potentialAction\":[{\"@type\":\"SearchAction\",\"target\":{\"@type\":\"EntryPoint\",\"urlTemplate\":\"https:\/\/blog.zeit.de\/joerglau\/?s={search_term_string}\"},\"query-input\":\"required name=search_term_string\"}],\"inLanguage\":\"de\"},{\"@type\":\"Person\",\"@id\":\"https:\/\/blog.zeit.de\/joerglau\/#\/schema\/person\/55f0be9bfac24815791fbc852b042f57\",\"name\":\"J\u00f6rg Lau\",\"image\":{\"@type\":\"ImageObject\",\"inLanguage\":\"de\",\"@id\":\"https:\/\/blog.zeit.de\/joerglau\/#\/schema\/person\/image\/\",\"url\":\"https:\/\/secure.gravatar.com\/avatar\/a5fe39bf4f5335b8bac36eefa0b41467221b1598bfea5f05159a0199e391eed0?s=96&d=mm&r=g\",\"contentUrl\":\"https:\/\/secure.gravatar.com\/avatar\/a5fe39bf4f5335b8bac36eefa0b41467221b1598bfea5f05159a0199e391eed0?s=96&d=mm&r=g\",\"caption\":\"J\u00f6rg Lau\"},\"url\":\"https:\/\/blog.zeit.de\/joerglau\/author\/joerg-lau\"}]}<\/script>\n<!-- \/ Yoast SEO plugin. -->","yoast_head_json":{"title":"Lieben die Araber ihre Diktatoren mehr als sich selbst? - J\u00f6rg Lau","robots":{"index":"index","follow":"follow","max-snippet":"max-snippet:-1","max-image-preview":"max-image-preview:large","max-video-preview":"max-video-preview:-1"},"canonical":"https:\/\/blog.zeit.de\/joerglau\/2007\/01\/10\/die-bizarre-trauer-der-araber-um-saddam_109","og_locale":"de_DE","og_type":"article","og_title":"Lieben die Araber ihre Diktatoren mehr als sich selbst? - J\u00f6rg Lau","og_description":"Ein Beitrag von Raja Ben Slama, Professorin f\u00fcr arabische Literatur in Tunis und Kairo, auf Qantara.de. Sie kritisiert zun\u00e4chst das Verfahren gegen Saddam und seine Exekution, ganz wie auch auf diesem Blog geschehen. Und dann macht sie folgenden Punkt: &#8222;Angenommen, das Gerichtsverfahren gegen Saddam Hussein w\u00e4re fair gewesen, die Akten, die die Verstrickung westlicher Staaten [&hellip;]","og_url":"https:\/\/blog.zeit.de\/joerglau\/2007\/01\/10\/die-bizarre-trauer-der-araber-um-saddam_109","og_site_name":"J\u00f6rg Lau","article_published_time":"2007-01-10T16:00:43+00:00","author":"J\u00f6rg Lau","twitter_card":"summary_large_image","twitter_misc":{"Geschrieben von":"J\u00f6rg Lau","Gesch\u00e4tzte Lesezeit":"1\u00a0Minute"},"schema":{"@context":"https:\/\/schema.org","@graph":[{"@type":"WebPage","@id":"https:\/\/blog.zeit.de\/joerglau\/2007\/01\/10\/die-bizarre-trauer-der-araber-um-saddam_109","url":"https:\/\/blog.zeit.de\/joerglau\/2007\/01\/10\/die-bizarre-trauer-der-araber-um-saddam_109","name":"Lieben die Araber ihre Diktatoren mehr als sich selbst? - J\u00f6rg Lau","isPartOf":{"@id":"https:\/\/blog.zeit.de\/joerglau\/#website"},"datePublished":"2007-01-10T16:00:43+00:00","dateModified":"2007-01-10T16:00:43+00:00","author":{"@id":"https:\/\/blog.zeit.de\/joerglau\/#\/schema\/person\/55f0be9bfac24815791fbc852b042f57"},"breadcrumb":{"@id":"https:\/\/blog.zeit.de\/joerglau\/2007\/01\/10\/die-bizarre-trauer-der-araber-um-saddam_109#breadcrumb"},"inLanguage":"de","potentialAction":[{"@type":"ReadAction","target":["https:\/\/blog.zeit.de\/joerglau\/2007\/01\/10\/die-bizarre-trauer-der-araber-um-saddam_109"]}]},{"@type":"BreadcrumbList","@id":"https:\/\/blog.zeit.de\/joerglau\/2007\/01\/10\/die-bizarre-trauer-der-araber-um-saddam_109#breadcrumb","itemListElement":[{"@type":"ListItem","position":1,"name":"Startseite","item":"https:\/\/blog.zeit.de\/joerglau"},{"@type":"ListItem","position":2,"name":"Lieben die Araber ihre Diktatoren mehr als sich selbst?"}]},{"@type":"WebSite","@id":"https:\/\/blog.zeit.de\/joerglau\/#website","url":"https:\/\/blog.zeit.de\/joerglau\/","name":"J\u00f6rg Lau","description":"Ein Blog \u00fcber Religion und Politik","potentialAction":[{"@type":"SearchAction","target":{"@type":"EntryPoint","urlTemplate":"https:\/\/blog.zeit.de\/joerglau\/?s={search_term_string}"},"query-input":"required name=search_term_string"}],"inLanguage":"de"},{"@type":"Person","@id":"https:\/\/blog.zeit.de\/joerglau\/#\/schema\/person\/55f0be9bfac24815791fbc852b042f57","name":"J\u00f6rg Lau","image":{"@type":"ImageObject","inLanguage":"de","@id":"https:\/\/blog.zeit.de\/joerglau\/#\/schema\/person\/image\/","url":"https:\/\/secure.gravatar.com\/avatar\/a5fe39bf4f5335b8bac36eefa0b41467221b1598bfea5f05159a0199e391eed0?s=96&d=mm&r=g","contentUrl":"https:\/\/secure.gravatar.com\/avatar\/a5fe39bf4f5335b8bac36eefa0b41467221b1598bfea5f05159a0199e391eed0?s=96&d=mm&r=g","caption":"J\u00f6rg Lau"},"url":"https:\/\/blog.zeit.de\/joerglau\/author\/joerg-lau"}]}},"jetpack_featured_media_url":"","jetpack_sharing_enabled":true,"jetpack_shortlink":"https:\/\/wp.me\/pG02W-1L","_links":{"self":[{"href":"https:\/\/blog.zeit.de\/joerglau\/wp-json\/wp\/v2\/posts\/109","targetHints":{"allow":["GET"]}}],"collection":[{"href":"https:\/\/blog.zeit.de\/joerglau\/wp-json\/wp\/v2\/posts"}],"about":[{"href":"https:\/\/blog.zeit.de\/joerglau\/wp-json\/wp\/v2\/types\/post"}],"author":[{"embeddable":true,"href":"https:\/\/blog.zeit.de\/joerglau\/wp-json\/wp\/v2\/users\/54"}],"replies":[{"embeddable":true,"href":"https:\/\/blog.zeit.de\/joerglau\/wp-json\/wp\/v2\/comments?post=109"}],"version-history":[{"count":0,"href":"https:\/\/blog.zeit.de\/joerglau\/wp-json\/wp\/v2\/posts\/109\/revisions"}],"wp:attachment":[{"href":"https:\/\/blog.zeit.de\/joerglau\/wp-json\/wp\/v2\/media?parent=109"}],"wp:term":[{"taxonomy":"category","embeddable":true,"href":"https:\/\/blog.zeit.de\/joerglau\/wp-json\/wp\/v2\/categories?post=109"},{"taxonomy":"post_tag","embeddable":true,"href":"https:\/\/blog.zeit.de\/joerglau\/wp-json\/wp\/v2\/tags?post=109"}],"curies":[{"name":"wp","href":"https:\/\/api.w.org\/{rel}","templated":true}]}}