{"id":1112,"date":"2008-04-01T09:51:49","date_gmt":"2008-04-01T07:51:49","guid":{"rendered":"http:\/\/blog.zeit.de\/joerglau\/2008\/04\/01\/warum-muslime-wilders-film-ernst-nehmen-sollten_1112"},"modified":"2008-04-01T09:51:49","modified_gmt":"2008-04-01T07:51:49","slug":"warum-muslime-wilders-film-ernst-nehmen-sollten","status":"publish","type":"post","link":"https:\/\/blog.zeit.de\/joerglau\/2008\/04\/01\/warum-muslime-wilders-film-ernst-nehmen-sollten_1112","title":{"rendered":"Warum Muslime Wilders&#8216; Film ernst nehmen sollten"},"content":{"rendered":"<p>Dar\u00fcber <a href=\"http:\/\/www.mideastyouth.com\/2008\/03\/31\/fitna-the-movie-and-my-reaction\/\">schreibt D.B.Shobrawy<\/a>, ein mutiger junger <a href=\"http:\/\/whisperofmadness.com\/\">Blogger<\/a> \u00e4gyptischer Herkunft aus Chicago. Er fragt sich, woher die Wut auf den Film sich speist &#8211; nicht nur unter Radikalen, sondern selbst unter seinen moderaten Freunden:<\/p>\n<p>\tFinally I came to another realization, I asked myself, \u201cwhat is it specifically that has made people so angry that they want to kill over it?\u201d Is it\u2026.<\/p>\n<p>\t-The original Mohamed cartoon showing Mohamed and a bomb on his head depicted at the beginning and end of the film?<\/p>\n<p>\t-The listing of verses from the Quran that are seen as shocking from the perspective of non-Muslims?<\/p>\n<p>\t-Clip\u2019s of Sheikh\u2019s, Imam\u2019s and Jihadist\u2019s dedicating themselves to the murder of Christians, Jew\u2019s and all types of Westerners?<\/p>\n<p>\t-The implied illusion of a page being torn out of the Quran in the end?<\/p>\n<p>\t-The comparison of Islamization of Europe to Nazism and communism?<\/p>\n<p>\t-The request that Islamic ideology be \u201cdefeated\u201d?<\/p>\n<p>\t-Or is it simply that a non-muslim has made a movie critical of Islam?<\/p>\n<p>\tI\u2019ll assure you that for the wild and ignorant zombie monkey\u2019s that burn embassies, murder clergy and send death threats to anyone within 100 degrees of separation from the movie itself, its the latter. These people are animals, too simple minded to see that their violent response gives credibility to the criticism posed by the movie in the first place. I\u2019ve browsed fellow bloggers who call themselves moderate or even non-practicing Muslims and found much angrier responses to the movie than I would have expected.<\/p>\n<p>\tInstead of following with a knee jerk reaction or just shouting \u201cislamophob\u201d take the movie for what it is, a fair reflection of how violent, angry and hate filled people have interpreted the Quran and how their perverted interpretations have changed the face of Islam all around the world. How many times have I heard, \u201cthese terrorists do not reflect Islam\u201d, \u201cthis is not the Islam I know\u201d. By simply condemning the movie because you view it as an attack on Muslims and not an attack on a specific ideological interpretation of Islam, then you have let a great opportunity pass you by. The West fears Islam because there aren\u2019t enough Muslims who are willing to publicly condemn the actions of other Muslims. This has been a pivotal problem in the West\u2019s confrontation with Islam. By staying quiet and being angered by criticism aimed at barbaric animals like those featured in Fitna you allow those animals to represent you and Islam.<\/p>\n","protected":false},"excerpt":{"rendered":"<p>Dar\u00fcber schreibt D.B.Shobrawy, ein mutiger junger Blogger \u00e4gyptischer Herkunft aus Chicago. Er fragt sich, woher die Wut auf den Film sich speist &#8211; nicht nur unter Radikalen, sondern selbst unter seinen moderaten Freunden: Finally I came to another realization, I asked myself, \u201cwhat is it specifically that has made people so angry that they want [&hellip;]<\/p>\n","protected":false},"author":54,"featured_media":0,"comment_status":"open","ping_status":"closed","sticky":false,"template":"","format":"standard","meta":{"jetpack_post_was_ever_published":false,"footnotes":""},"categories":[155,157,167],"tags":[],"class_list":["post-1112","post","type-post","status-publish","format-standard","hentry","category-debatte","category-die-freunde-und-die-feinde-des-islams","category-islamismus-und-terror"],"yoast_head":"<!-- This site is optimized with the Yoast SEO plugin v21.0 - https:\/\/yoast.com\/wordpress\/plugins\/seo\/ -->\n<title>Warum Muslime Wilders&#039; Film ernst nehmen sollten - J\u00f6rg Lau<\/title>\n<meta name=\"robots\" content=\"index, follow, max-snippet:-1, max-image-preview:large, max-video-preview:-1\" \/>\n<link rel=\"canonical\" href=\"https:\/\/blog.zeit.de\/joerglau\/2008\/04\/01\/warum-muslime-wilders-film-ernst-nehmen-sollten_1112\" \/>\n<meta property=\"og:locale\" content=\"de_DE\" \/>\n<meta property=\"og:type\" content=\"article\" \/>\n<meta property=\"og:title\" content=\"Warum Muslime Wilders&#039; Film ernst nehmen sollten - J\u00f6rg Lau\" \/>\n<meta property=\"og:description\" content=\"Dar\u00fcber schreibt D.B.Shobrawy, ein mutiger junger Blogger \u00e4gyptischer Herkunft aus Chicago. Er fragt sich, woher die Wut auf den Film sich speist &#8211; nicht nur unter Radikalen, sondern selbst unter seinen moderaten Freunden: Finally I came to another realization, I asked myself, \u201cwhat is it specifically that has made people so angry that they want [&hellip;]\" \/>\n<meta property=\"og:url\" content=\"https:\/\/blog.zeit.de\/joerglau\/2008\/04\/01\/warum-muslime-wilders-film-ernst-nehmen-sollten_1112\" \/>\n<meta property=\"og:site_name\" content=\"J\u00f6rg Lau\" \/>\n<meta property=\"article:published_time\" content=\"2008-04-01T07:51:49+00:00\" \/>\n<meta name=\"author\" content=\"J\u00f6rg Lau\" \/>\n<meta name=\"twitter:card\" content=\"summary_large_image\" \/>\n<meta name=\"twitter:label1\" content=\"Geschrieben von\" \/>\n\t<meta name=\"twitter:data1\" content=\"J\u00f6rg Lau\" \/>\n\t<meta name=\"twitter:label2\" content=\"Gesch\u00e4tzte Lesezeit\" \/>\n\t<meta name=\"twitter:data2\" content=\"2\u00a0Minuten\" \/>\n<script type=\"application\/ld+json\" class=\"yoast-schema-graph\">{\"@context\":\"https:\/\/schema.org\",\"@graph\":[{\"@type\":\"WebPage\",\"@id\":\"https:\/\/blog.zeit.de\/joerglau\/2008\/04\/01\/warum-muslime-wilders-film-ernst-nehmen-sollten_1112\",\"url\":\"https:\/\/blog.zeit.de\/joerglau\/2008\/04\/01\/warum-muslime-wilders-film-ernst-nehmen-sollten_1112\",\"name\":\"Warum Muslime Wilders' Film ernst nehmen sollten - J\u00f6rg Lau\",\"isPartOf\":{\"@id\":\"https:\/\/blog.zeit.de\/joerglau\/#website\"},\"datePublished\":\"2008-04-01T07:51:49+00:00\",\"dateModified\":\"2008-04-01T07:51:49+00:00\",\"author\":{\"@id\":\"https:\/\/blog.zeit.de\/joerglau\/#\/schema\/person\/55f0be9bfac24815791fbc852b042f57\"},\"breadcrumb\":{\"@id\":\"https:\/\/blog.zeit.de\/joerglau\/2008\/04\/01\/warum-muslime-wilders-film-ernst-nehmen-sollten_1112#breadcrumb\"},\"inLanguage\":\"de\",\"potentialAction\":[{\"@type\":\"ReadAction\",\"target\":[\"https:\/\/blog.zeit.de\/joerglau\/2008\/04\/01\/warum-muslime-wilders-film-ernst-nehmen-sollten_1112\"]}]},{\"@type\":\"BreadcrumbList\",\"@id\":\"https:\/\/blog.zeit.de\/joerglau\/2008\/04\/01\/warum-muslime-wilders-film-ernst-nehmen-sollten_1112#breadcrumb\",\"itemListElement\":[{\"@type\":\"ListItem\",\"position\":1,\"name\":\"Startseite\",\"item\":\"https:\/\/blog.zeit.de\/joerglau\"},{\"@type\":\"ListItem\",\"position\":2,\"name\":\"Warum Muslime Wilders&#8216; Film ernst nehmen sollten\"}]},{\"@type\":\"WebSite\",\"@id\":\"https:\/\/blog.zeit.de\/joerglau\/#website\",\"url\":\"https:\/\/blog.zeit.de\/joerglau\/\",\"name\":\"J\u00f6rg Lau\",\"description\":\"Ein Blog \u00fcber Religion und Politik\",\"potentialAction\":[{\"@type\":\"SearchAction\",\"target\":{\"@type\":\"EntryPoint\",\"urlTemplate\":\"https:\/\/blog.zeit.de\/joerglau\/?s={search_term_string}\"},\"query-input\":\"required name=search_term_string\"}],\"inLanguage\":\"de\"},{\"@type\":\"Person\",\"@id\":\"https:\/\/blog.zeit.de\/joerglau\/#\/schema\/person\/55f0be9bfac24815791fbc852b042f57\",\"name\":\"J\u00f6rg Lau\",\"image\":{\"@type\":\"ImageObject\",\"inLanguage\":\"de\",\"@id\":\"https:\/\/blog.zeit.de\/joerglau\/#\/schema\/person\/image\/\",\"url\":\"https:\/\/secure.gravatar.com\/avatar\/a5fe39bf4f5335b8bac36eefa0b41467221b1598bfea5f05159a0199e391eed0?s=96&d=mm&r=g\",\"contentUrl\":\"https:\/\/secure.gravatar.com\/avatar\/a5fe39bf4f5335b8bac36eefa0b41467221b1598bfea5f05159a0199e391eed0?s=96&d=mm&r=g\",\"caption\":\"J\u00f6rg Lau\"},\"url\":\"https:\/\/blog.zeit.de\/joerglau\/author\/joerg-lau\"}]}<\/script>\n<!-- \/ Yoast SEO plugin. -->","yoast_head_json":{"title":"Warum Muslime Wilders' Film ernst nehmen sollten - J\u00f6rg Lau","robots":{"index":"index","follow":"follow","max-snippet":"max-snippet:-1","max-image-preview":"max-image-preview:large","max-video-preview":"max-video-preview:-1"},"canonical":"https:\/\/blog.zeit.de\/joerglau\/2008\/04\/01\/warum-muslime-wilders-film-ernst-nehmen-sollten_1112","og_locale":"de_DE","og_type":"article","og_title":"Warum Muslime Wilders' Film ernst nehmen sollten - J\u00f6rg Lau","og_description":"Dar\u00fcber schreibt D.B.Shobrawy, ein mutiger junger Blogger \u00e4gyptischer Herkunft aus Chicago. Er fragt sich, woher die Wut auf den Film sich speist &#8211; nicht nur unter Radikalen, sondern selbst unter seinen moderaten Freunden: Finally I came to another realization, I asked myself, \u201cwhat is it specifically that has made people so angry that they want [&hellip;]","og_url":"https:\/\/blog.zeit.de\/joerglau\/2008\/04\/01\/warum-muslime-wilders-film-ernst-nehmen-sollten_1112","og_site_name":"J\u00f6rg Lau","article_published_time":"2008-04-01T07:51:49+00:00","author":"J\u00f6rg Lau","twitter_card":"summary_large_image","twitter_misc":{"Geschrieben von":"J\u00f6rg Lau","Gesch\u00e4tzte Lesezeit":"2\u00a0Minuten"},"schema":{"@context":"https:\/\/schema.org","@graph":[{"@type":"WebPage","@id":"https:\/\/blog.zeit.de\/joerglau\/2008\/04\/01\/warum-muslime-wilders-film-ernst-nehmen-sollten_1112","url":"https:\/\/blog.zeit.de\/joerglau\/2008\/04\/01\/warum-muslime-wilders-film-ernst-nehmen-sollten_1112","name":"Warum Muslime Wilders' Film ernst nehmen sollten - J\u00f6rg Lau","isPartOf":{"@id":"https:\/\/blog.zeit.de\/joerglau\/#website"},"datePublished":"2008-04-01T07:51:49+00:00","dateModified":"2008-04-01T07:51:49+00:00","author":{"@id":"https:\/\/blog.zeit.de\/joerglau\/#\/schema\/person\/55f0be9bfac24815791fbc852b042f57"},"breadcrumb":{"@id":"https:\/\/blog.zeit.de\/joerglau\/2008\/04\/01\/warum-muslime-wilders-film-ernst-nehmen-sollten_1112#breadcrumb"},"inLanguage":"de","potentialAction":[{"@type":"ReadAction","target":["https:\/\/blog.zeit.de\/joerglau\/2008\/04\/01\/warum-muslime-wilders-film-ernst-nehmen-sollten_1112"]}]},{"@type":"BreadcrumbList","@id":"https:\/\/blog.zeit.de\/joerglau\/2008\/04\/01\/warum-muslime-wilders-film-ernst-nehmen-sollten_1112#breadcrumb","itemListElement":[{"@type":"ListItem","position":1,"name":"Startseite","item":"https:\/\/blog.zeit.de\/joerglau"},{"@type":"ListItem","position":2,"name":"Warum Muslime Wilders&#8216; Film ernst nehmen sollten"}]},{"@type":"WebSite","@id":"https:\/\/blog.zeit.de\/joerglau\/#website","url":"https:\/\/blog.zeit.de\/joerglau\/","name":"J\u00f6rg Lau","description":"Ein Blog \u00fcber Religion und Politik","potentialAction":[{"@type":"SearchAction","target":{"@type":"EntryPoint","urlTemplate":"https:\/\/blog.zeit.de\/joerglau\/?s={search_term_string}"},"query-input":"required name=search_term_string"}],"inLanguage":"de"},{"@type":"Person","@id":"https:\/\/blog.zeit.de\/joerglau\/#\/schema\/person\/55f0be9bfac24815791fbc852b042f57","name":"J\u00f6rg Lau","image":{"@type":"ImageObject","inLanguage":"de","@id":"https:\/\/blog.zeit.de\/joerglau\/#\/schema\/person\/image\/","url":"https:\/\/secure.gravatar.com\/avatar\/a5fe39bf4f5335b8bac36eefa0b41467221b1598bfea5f05159a0199e391eed0?s=96&d=mm&r=g","contentUrl":"https:\/\/secure.gravatar.com\/avatar\/a5fe39bf4f5335b8bac36eefa0b41467221b1598bfea5f05159a0199e391eed0?s=96&d=mm&r=g","caption":"J\u00f6rg Lau"},"url":"https:\/\/blog.zeit.de\/joerglau\/author\/joerg-lau"}]}},"jetpack_featured_media_url":"","jetpack_sharing_enabled":true,"jetpack_shortlink":"https:\/\/wp.me\/pG02W-hW","_links":{"self":[{"href":"https:\/\/blog.zeit.de\/joerglau\/wp-json\/wp\/v2\/posts\/1112","targetHints":{"allow":["GET"]}}],"collection":[{"href":"https:\/\/blog.zeit.de\/joerglau\/wp-json\/wp\/v2\/posts"}],"about":[{"href":"https:\/\/blog.zeit.de\/joerglau\/wp-json\/wp\/v2\/types\/post"}],"author":[{"embeddable":true,"href":"https:\/\/blog.zeit.de\/joerglau\/wp-json\/wp\/v2\/users\/54"}],"replies":[{"embeddable":true,"href":"https:\/\/blog.zeit.de\/joerglau\/wp-json\/wp\/v2\/comments?post=1112"}],"version-history":[{"count":0,"href":"https:\/\/blog.zeit.de\/joerglau\/wp-json\/wp\/v2\/posts\/1112\/revisions"}],"wp:attachment":[{"href":"https:\/\/blog.zeit.de\/joerglau\/wp-json\/wp\/v2\/media?parent=1112"}],"wp:term":[{"taxonomy":"category","embeddable":true,"href":"https:\/\/blog.zeit.de\/joerglau\/wp-json\/wp\/v2\/categories?post=1112"},{"taxonomy":"post_tag","embeddable":true,"href":"https:\/\/blog.zeit.de\/joerglau\/wp-json\/wp\/v2\/tags?post=1112"}],"curies":[{"name":"wp","href":"https:\/\/api.w.org\/{rel}","templated":true}]}}