{"id":1141,"date":"2008-04-15T19:11:16","date_gmt":"2008-04-15T17:11:16","guid":{"rendered":"http:\/\/blog.zeit.de\/joerglau\/2008\/04\/15\/al-kaida-opfer-aller-lander-vereinigt-euch_1141"},"modified":"2008-04-15T19:11:16","modified_gmt":"2008-04-15T17:11:16","slug":"al-kaida-opfer-aller-lander-vereinigt-euch","status":"publish","type":"post","link":"https:\/\/blog.zeit.de\/joerglau\/2008\/04\/15\/al-kaida-opfer-aller-lander-vereinigt-euch_1141","title":{"rendered":"Al-Kaida-Opfer aller L\u00e4nder, vereinigt Euch!"},"content":{"rendered":"<p>Carrie Lemack, die ihre Mutter bei den Attentaten des 11. September verlor, <a href=\"http:\/\/www.iht.com\/bin\/printfriendly.php?id=11964660\">schreibt in der Herald Tribune<\/a> \u00fcber die unwahrscheinliche Freundschaft, die sie mit einem konservativen Muslim verbindet, der wie sie selbst gegen Al-Kaida k\u00e4mpft:<\/p>\n<p>\t&#8222;I never thought I&#8217;d consider the chairman of the Brixton Mosque a close friend.<\/p>\n<p>\tA devout Muslim, Abdul Haqq Baker lives in Britain and Saudi Arabia with his wife, who chooses to wear a burqa. I am a proud American who chooses to wear tall leather boots and can&#8217;t remember the last time I attended a religious service.<\/p>\n<p>\tSeparately, we have each fought Al Qaeda extremists. Together, we both recognize that terrorists cannot be stopped until we move beyond stereotypes and ignorance, embrace our shared humanity and take away the one thing Al Qaeda and its affiliates exploit &#8211; passive support for their violent tactics.<\/p>\n<p>\t<a href=\"https:\/\/blog.zeit.de\/joerglau\/files\/2008\/04\/lemack.jpg\" title=\"lemack.jpg\"><img decoding=\"async\" src=\"https:\/\/blog.zeit.de\/joerglau\/files\/2008\/04\/lemack.jpg\" alt=\"lemack.jpg\" \/><\/a><br \/>\n\tCarrie Lemack<\/p>\n<p>\t&#8230;<br \/>\n\tUnder the leadership and support of the chairman of the Brixton Mosque, Abdul Haqq Baker&#8230; victims and family members of the July 7 and 9\/11 attacks have and will continue to speak at the\u00a0 Mosque with school children, mothers, fathers and community members about the realities of being a terrorism victim.<\/p>\n<p>\tThe hope is that such discussions will shed light on each group&#8217;s experiences, building understanding and overcoming stereotypes.<\/p>\n<p>\t<a href=\"https:\/\/blog.zeit.de\/joerglau\/files\/2008\/04\/haqq.jpg\" title=\"haqq.jpg\"><img decoding=\"async\" src=\"https:\/\/blog.zeit.de\/joerglau\/files\/2008\/04\/haqq.jpg\" alt=\"haqq.jpg\" \/><\/a><br \/>\n\tAbdul Haqq Baker<\/p>\n<p>\tIf people in the EU and around the globe are serious about stopping the next Al Qaeda attack, we need to look beyond governmental actions and policies and think about what we as global citizens can do.<\/p>\n<p>\tLet&#8217;s reach out to Al Qaeda victims in the Muslim world, where there are, sadly, altogether too many of them.<\/p>\n<p>\tWe must ensure that the voices heard there are not just those that may be sympathetic or indifferent to violence and hatred but rather those that have experienced terrorism&#8217;s suffering firsthand. Those voices can undermine Al Qaeda&#8217;s message better than any government edict or international proclamation.<\/p>\n<p>\tDefeating Al Qaeda and its affiliates requires more than missiles and mandates. It takes unexpected friendships and alliances, much like mine with Abdul Haqq. Today, let&#8217;s honor them, and pledge to grow even more.&#8220;<\/p>\n<p>\tAmen!<\/p>\n<p>\tCarrie Lemack hat die \u00dcberlebenden-Organisation &#8222;<a href=\"http:\/\/www.familiesofseptember11.org\/\">Families of September 11<\/a>&#8220; mitbegr\u00fcndet.<\/p>\n<p>\tAbdul Haqq Baker steht der <a href=\"http:\/\/www.masjidit.co.uk\/\">Brixton Moschee<\/a> vor, in der unter anderem auch der &#8222;Schuhbomber&#8220; <a href=\"http:\/\/news.bbc.co.uk\/2\/hi\/uk_news\/1731568.stm\">Richard Reid<\/a> gebetet hatte.<\/p>\n<p>\t<em><br \/>\n\t<\/em><\/p>\n","protected":false},"excerpt":{"rendered":"<p>Carrie Lemack, die ihre Mutter bei den Attentaten des 11. September verlor, schreibt in der Herald Tribune \u00fcber die unwahrscheinliche Freundschaft, die sie mit einem konservativen Muslim verbindet, der wie sie selbst gegen Al-Kaida k\u00e4mpft: &#8222;I never thought I&#8217;d consider the chairman of the Brixton Mosque a close friend. A devout Muslim, Abdul Haqq Baker [&hellip;]<\/p>\n","protected":false},"author":54,"featured_media":0,"comment_status":"open","ping_status":"closed","sticky":false,"template":"","format":"standard","meta":{"jetpack_post_was_ever_published":false,"footnotes":""},"categories":[157,167],"tags":[],"class_list":["post-1141","post","type-post","status-publish","format-standard","hentry","category-die-freunde-und-die-feinde-des-islams","category-islamismus-und-terror"],"yoast_head":"<!-- This site is optimized with the Yoast SEO plugin v21.0 - https:\/\/yoast.com\/wordpress\/plugins\/seo\/ -->\n<title>Al-Kaida-Opfer aller L\u00e4nder, vereinigt Euch! - J\u00f6rg Lau<\/title>\n<meta name=\"robots\" content=\"index, follow, max-snippet:-1, max-image-preview:large, max-video-preview:-1\" \/>\n<link rel=\"canonical\" href=\"https:\/\/blog.zeit.de\/joerglau\/2008\/04\/15\/al-kaida-opfer-aller-lander-vereinigt-euch_1141\" \/>\n<meta property=\"og:locale\" content=\"de_DE\" \/>\n<meta property=\"og:type\" content=\"article\" \/>\n<meta property=\"og:title\" content=\"Al-Kaida-Opfer aller L\u00e4nder, vereinigt Euch! - J\u00f6rg Lau\" \/>\n<meta property=\"og:description\" content=\"Carrie Lemack, die ihre Mutter bei den Attentaten des 11. September verlor, schreibt in der Herald Tribune \u00fcber die unwahrscheinliche Freundschaft, die sie mit einem konservativen Muslim verbindet, der wie sie selbst gegen Al-Kaida k\u00e4mpft: &#8222;I never thought I&#8217;d consider the chairman of the Brixton Mosque a close friend. A devout Muslim, Abdul Haqq Baker [&hellip;]\" \/>\n<meta property=\"og:url\" content=\"https:\/\/blog.zeit.de\/joerglau\/2008\/04\/15\/al-kaida-opfer-aller-lander-vereinigt-euch_1141\" \/>\n<meta property=\"og:site_name\" content=\"J\u00f6rg Lau\" \/>\n<meta property=\"article:published_time\" content=\"2008-04-15T17:11:16+00:00\" \/>\n<meta property=\"og:image\" content=\"https:\/\/blog.zeit.de\/joerglau\/files\/2008\/04\/lemack.jpg\" \/>\n<meta name=\"author\" content=\"J\u00f6rg Lau\" \/>\n<meta name=\"twitter:card\" content=\"summary_large_image\" \/>\n<meta name=\"twitter:label1\" content=\"Geschrieben von\" \/>\n\t<meta name=\"twitter:data1\" content=\"J\u00f6rg Lau\" \/>\n\t<meta name=\"twitter:label2\" content=\"Gesch\u00e4tzte Lesezeit\" \/>\n\t<meta name=\"twitter:data2\" content=\"2\u00a0Minuten\" \/>\n<script type=\"application\/ld+json\" class=\"yoast-schema-graph\">{\"@context\":\"https:\/\/schema.org\",\"@graph\":[{\"@type\":\"WebPage\",\"@id\":\"https:\/\/blog.zeit.de\/joerglau\/2008\/04\/15\/al-kaida-opfer-aller-lander-vereinigt-euch_1141\",\"url\":\"https:\/\/blog.zeit.de\/joerglau\/2008\/04\/15\/al-kaida-opfer-aller-lander-vereinigt-euch_1141\",\"name\":\"Al-Kaida-Opfer aller L\u00e4nder, vereinigt Euch! - J\u00f6rg Lau\",\"isPartOf\":{\"@id\":\"https:\/\/blog.zeit.de\/joerglau\/#website\"},\"datePublished\":\"2008-04-15T17:11:16+00:00\",\"dateModified\":\"2008-04-15T17:11:16+00:00\",\"author\":{\"@id\":\"https:\/\/blog.zeit.de\/joerglau\/#\/schema\/person\/55f0be9bfac24815791fbc852b042f57\"},\"breadcrumb\":{\"@id\":\"https:\/\/blog.zeit.de\/joerglau\/2008\/04\/15\/al-kaida-opfer-aller-lander-vereinigt-euch_1141#breadcrumb\"},\"inLanguage\":\"de\",\"potentialAction\":[{\"@type\":\"ReadAction\",\"target\":[\"https:\/\/blog.zeit.de\/joerglau\/2008\/04\/15\/al-kaida-opfer-aller-lander-vereinigt-euch_1141\"]}]},{\"@type\":\"BreadcrumbList\",\"@id\":\"https:\/\/blog.zeit.de\/joerglau\/2008\/04\/15\/al-kaida-opfer-aller-lander-vereinigt-euch_1141#breadcrumb\",\"itemListElement\":[{\"@type\":\"ListItem\",\"position\":1,\"name\":\"Startseite\",\"item\":\"https:\/\/blog.zeit.de\/joerglau\"},{\"@type\":\"ListItem\",\"position\":2,\"name\":\"Al-Kaida-Opfer aller L\u00e4nder, vereinigt Euch!\"}]},{\"@type\":\"WebSite\",\"@id\":\"https:\/\/blog.zeit.de\/joerglau\/#website\",\"url\":\"https:\/\/blog.zeit.de\/joerglau\/\",\"name\":\"J\u00f6rg Lau\",\"description\":\"Ein Blog \u00fcber Religion und Politik\",\"potentialAction\":[{\"@type\":\"SearchAction\",\"target\":{\"@type\":\"EntryPoint\",\"urlTemplate\":\"https:\/\/blog.zeit.de\/joerglau\/?s={search_term_string}\"},\"query-input\":\"required name=search_term_string\"}],\"inLanguage\":\"de\"},{\"@type\":\"Person\",\"@id\":\"https:\/\/blog.zeit.de\/joerglau\/#\/schema\/person\/55f0be9bfac24815791fbc852b042f57\",\"name\":\"J\u00f6rg Lau\",\"image\":{\"@type\":\"ImageObject\",\"inLanguage\":\"de\",\"@id\":\"https:\/\/blog.zeit.de\/joerglau\/#\/schema\/person\/image\/\",\"url\":\"https:\/\/secure.gravatar.com\/avatar\/a5fe39bf4f5335b8bac36eefa0b41467221b1598bfea5f05159a0199e391eed0?s=96&d=mm&r=g\",\"contentUrl\":\"https:\/\/secure.gravatar.com\/avatar\/a5fe39bf4f5335b8bac36eefa0b41467221b1598bfea5f05159a0199e391eed0?s=96&d=mm&r=g\",\"caption\":\"J\u00f6rg Lau\"},\"url\":\"https:\/\/blog.zeit.de\/joerglau\/author\/joerg-lau\"}]}<\/script>\n<!-- \/ Yoast SEO plugin. -->","yoast_head_json":{"title":"Al-Kaida-Opfer aller L\u00e4nder, vereinigt Euch! - J\u00f6rg Lau","robots":{"index":"index","follow":"follow","max-snippet":"max-snippet:-1","max-image-preview":"max-image-preview:large","max-video-preview":"max-video-preview:-1"},"canonical":"https:\/\/blog.zeit.de\/joerglau\/2008\/04\/15\/al-kaida-opfer-aller-lander-vereinigt-euch_1141","og_locale":"de_DE","og_type":"article","og_title":"Al-Kaida-Opfer aller L\u00e4nder, vereinigt Euch! - J\u00f6rg Lau","og_description":"Carrie Lemack, die ihre Mutter bei den Attentaten des 11. September verlor, schreibt in der Herald Tribune \u00fcber die unwahrscheinliche Freundschaft, die sie mit einem konservativen Muslim verbindet, der wie sie selbst gegen Al-Kaida k\u00e4mpft: &#8222;I never thought I&#8217;d consider the chairman of the Brixton Mosque a close friend. A devout Muslim, Abdul Haqq Baker [&hellip;]","og_url":"https:\/\/blog.zeit.de\/joerglau\/2008\/04\/15\/al-kaida-opfer-aller-lander-vereinigt-euch_1141","og_site_name":"J\u00f6rg Lau","article_published_time":"2008-04-15T17:11:16+00:00","og_image":[{"url":"https:\/\/blog.zeit.de\/joerglau\/files\/2008\/04\/lemack.jpg"}],"author":"J\u00f6rg Lau","twitter_card":"summary_large_image","twitter_misc":{"Geschrieben von":"J\u00f6rg Lau","Gesch\u00e4tzte Lesezeit":"2\u00a0Minuten"},"schema":{"@context":"https:\/\/schema.org","@graph":[{"@type":"WebPage","@id":"https:\/\/blog.zeit.de\/joerglau\/2008\/04\/15\/al-kaida-opfer-aller-lander-vereinigt-euch_1141","url":"https:\/\/blog.zeit.de\/joerglau\/2008\/04\/15\/al-kaida-opfer-aller-lander-vereinigt-euch_1141","name":"Al-Kaida-Opfer aller L\u00e4nder, vereinigt Euch! - J\u00f6rg Lau","isPartOf":{"@id":"https:\/\/blog.zeit.de\/joerglau\/#website"},"datePublished":"2008-04-15T17:11:16+00:00","dateModified":"2008-04-15T17:11:16+00:00","author":{"@id":"https:\/\/blog.zeit.de\/joerglau\/#\/schema\/person\/55f0be9bfac24815791fbc852b042f57"},"breadcrumb":{"@id":"https:\/\/blog.zeit.de\/joerglau\/2008\/04\/15\/al-kaida-opfer-aller-lander-vereinigt-euch_1141#breadcrumb"},"inLanguage":"de","potentialAction":[{"@type":"ReadAction","target":["https:\/\/blog.zeit.de\/joerglau\/2008\/04\/15\/al-kaida-opfer-aller-lander-vereinigt-euch_1141"]}]},{"@type":"BreadcrumbList","@id":"https:\/\/blog.zeit.de\/joerglau\/2008\/04\/15\/al-kaida-opfer-aller-lander-vereinigt-euch_1141#breadcrumb","itemListElement":[{"@type":"ListItem","position":1,"name":"Startseite","item":"https:\/\/blog.zeit.de\/joerglau"},{"@type":"ListItem","position":2,"name":"Al-Kaida-Opfer aller L\u00e4nder, vereinigt Euch!"}]},{"@type":"WebSite","@id":"https:\/\/blog.zeit.de\/joerglau\/#website","url":"https:\/\/blog.zeit.de\/joerglau\/","name":"J\u00f6rg Lau","description":"Ein Blog \u00fcber Religion und Politik","potentialAction":[{"@type":"SearchAction","target":{"@type":"EntryPoint","urlTemplate":"https:\/\/blog.zeit.de\/joerglau\/?s={search_term_string}"},"query-input":"required name=search_term_string"}],"inLanguage":"de"},{"@type":"Person","@id":"https:\/\/blog.zeit.de\/joerglau\/#\/schema\/person\/55f0be9bfac24815791fbc852b042f57","name":"J\u00f6rg Lau","image":{"@type":"ImageObject","inLanguage":"de","@id":"https:\/\/blog.zeit.de\/joerglau\/#\/schema\/person\/image\/","url":"https:\/\/secure.gravatar.com\/avatar\/a5fe39bf4f5335b8bac36eefa0b41467221b1598bfea5f05159a0199e391eed0?s=96&d=mm&r=g","contentUrl":"https:\/\/secure.gravatar.com\/avatar\/a5fe39bf4f5335b8bac36eefa0b41467221b1598bfea5f05159a0199e391eed0?s=96&d=mm&r=g","caption":"J\u00f6rg Lau"},"url":"https:\/\/blog.zeit.de\/joerglau\/author\/joerg-lau"}]}},"jetpack_featured_media_url":"","jetpack_sharing_enabled":true,"jetpack_shortlink":"https:\/\/wp.me\/pG02W-ip","_links":{"self":[{"href":"https:\/\/blog.zeit.de\/joerglau\/wp-json\/wp\/v2\/posts\/1141","targetHints":{"allow":["GET"]}}],"collection":[{"href":"https:\/\/blog.zeit.de\/joerglau\/wp-json\/wp\/v2\/posts"}],"about":[{"href":"https:\/\/blog.zeit.de\/joerglau\/wp-json\/wp\/v2\/types\/post"}],"author":[{"embeddable":true,"href":"https:\/\/blog.zeit.de\/joerglau\/wp-json\/wp\/v2\/users\/54"}],"replies":[{"embeddable":true,"href":"https:\/\/blog.zeit.de\/joerglau\/wp-json\/wp\/v2\/comments?post=1141"}],"version-history":[{"count":0,"href":"https:\/\/blog.zeit.de\/joerglau\/wp-json\/wp\/v2\/posts\/1141\/revisions"}],"wp:attachment":[{"href":"https:\/\/blog.zeit.de\/joerglau\/wp-json\/wp\/v2\/media?parent=1141"}],"wp:term":[{"taxonomy":"category","embeddable":true,"href":"https:\/\/blog.zeit.de\/joerglau\/wp-json\/wp\/v2\/categories?post=1141"},{"taxonomy":"post_tag","embeddable":true,"href":"https:\/\/blog.zeit.de\/joerglau\/wp-json\/wp\/v2\/tags?post=1141"}],"curies":[{"name":"wp","href":"https:\/\/api.w.org\/{rel}","templated":true}]}}