{"id":118,"date":"2007-01-20T00:50:37","date_gmt":"2007-01-19T22:50:37","guid":{"rendered":"http:\/\/blog.zeit.de\/joerglau\/2007\/01\/20\/turkisch-armenischer-intellektueller-erschossen_118"},"modified":"2007-01-20T00:50:37","modified_gmt":"2007-01-19T22:50:37","slug":"turkisch-armenischer-intellektueller-erschossen","status":"publish","type":"post","link":"https:\/\/blog.zeit.de\/joerglau\/2007\/01\/20\/turkisch-armenischer-intellektueller-erschossen_118","title":{"rendered":"T\u00fcrkisch-armenischer Intellektueller erschossen"},"content":{"rendered":"<p>Der Journalist Hrant Dink wurde am heutigen Freitag, den 19. Januar, in Istanbul vor dem Geb\u00e4ude seiner Zeitschrift AGOS erschossen.<\/p>\n<p><img loading=\"lazy\" decoding=\"async\" width=\"89\" height=\"102\" id=\"image117\" alt=\"dinnky.jpg\" src=\"https:\/\/blog.zeit.de\/joerglau\/files\/2007\/01\/dinnky-150x150.jpg\" \/><img loading=\"lazy\" decoding=\"async\" width=\"130\" height=\"106\" alt=\"nannen_01_500.jpg\" id=\"image119\" src=\"https:\/\/blog.zeit.de\/joerglau\/files\/2007\/01\/nannen_01_500-150x150.jpg\" \/><img loading=\"lazy\" decoding=\"async\" width=\"100\" height=\"107\" id=\"image120\" alt=\"hrantdink.jpg\" src=\"https:\/\/blog.zeit.de\/joerglau\/files\/2007\/01\/hrantdink-150x150.jpg\" \/><\/p>\n<p>Dink war die grosse Hoffnung aller, die darauf setzten, dass die T\u00fcrkei sich (langsam) mit ihrem V\u00f6lkermord-Erbe auseinanderzusetzen versucht. Letztes Jahr erst erhielt er darum den Nannen-Preis in Hamburg.<br \/>\nJetzt haben die Nationalisten dieser Hoffnung ein Ende gesetzt.<\/p>\n<p>Wir gehen in ein finsteres Jahr. Die Verr\u00fcckten, die Fanatiker, die religi\u00f6sen, ethnischen, nationalistischen Extremisten sind \u00fcberall am Dr\u00fccker.<\/p>\n<p>Ein bewegender nachruf und mehrere Texte finden sich hier auf <a href=\"http:\/\/www.opendemocracy.net\/democracy-turkey\/hrant_dink_4266.jsp\">Opendemocracy.net.<\/a><\/p>\n","protected":false},"excerpt":{"rendered":"<p>Der Journalist Hrant Dink wurde am heutigen Freitag, den 19. Januar, in Istanbul vor dem Geb\u00e4ude seiner Zeitschrift AGOS erschossen. Dink war die grosse Hoffnung aller, die darauf setzten, dass die T\u00fcrkei sich (langsam) mit ihrem V\u00f6lkermord-Erbe auseinanderzusetzen versucht. Letztes Jahr erst erhielt er darum den Nannen-Preis in Hamburg. Jetzt haben die Nationalisten dieser Hoffnung [&hellip;]<\/p>\n","protected":false},"author":54,"featured_media":0,"comment_status":"open","ping_status":"closed","sticky":false,"template":"","format":"standard","meta":{"jetpack_post_was_ever_published":false,"footnotes":""},"categories":[170],"tags":[],"class_list":["post-118","post","type-post","status-publish","format-standard","hentry","category-menschenrechte"],"yoast_head":"<!-- This site is optimized with the Yoast SEO plugin v21.0 - https:\/\/yoast.com\/wordpress\/plugins\/seo\/ -->\n<title>T\u00fcrkisch-armenischer Intellektueller erschossen - J\u00f6rg Lau<\/title>\n<meta name=\"robots\" content=\"index, follow, max-snippet:-1, max-image-preview:large, max-video-preview:-1\" \/>\n<link rel=\"canonical\" href=\"https:\/\/blog.zeit.de\/joerglau\/2007\/01\/20\/turkisch-armenischer-intellektueller-erschossen_118\" \/>\n<meta property=\"og:locale\" content=\"de_DE\" \/>\n<meta property=\"og:type\" content=\"article\" \/>\n<meta property=\"og:title\" content=\"T\u00fcrkisch-armenischer Intellektueller erschossen - J\u00f6rg Lau\" \/>\n<meta property=\"og:description\" content=\"Der Journalist Hrant Dink wurde am heutigen Freitag, den 19. Januar, in Istanbul vor dem Geb\u00e4ude seiner Zeitschrift AGOS erschossen. Dink war die grosse Hoffnung aller, die darauf setzten, dass die T\u00fcrkei sich (langsam) mit ihrem V\u00f6lkermord-Erbe auseinanderzusetzen versucht. Letztes Jahr erst erhielt er darum den Nannen-Preis in Hamburg. Jetzt haben die Nationalisten dieser Hoffnung [&hellip;]\" \/>\n<meta property=\"og:url\" content=\"https:\/\/blog.zeit.de\/joerglau\/2007\/01\/20\/turkisch-armenischer-intellektueller-erschossen_118\" \/>\n<meta property=\"og:site_name\" content=\"J\u00f6rg Lau\" \/>\n<meta property=\"article:published_time\" content=\"2007-01-19T22:50:37+00:00\" \/>\n<meta property=\"og:image\" content=\"https:\/\/blog.zeit.de\/joerglau\/files\/2007\/01\/dinnky-150x150.jpg\" \/>\n<meta name=\"author\" content=\"J\u00f6rg Lau\" \/>\n<meta name=\"twitter:card\" content=\"summary_large_image\" \/>\n<meta name=\"twitter:label1\" content=\"Geschrieben von\" \/>\n\t<meta name=\"twitter:data1\" content=\"J\u00f6rg Lau\" \/>\n<script type=\"application\/ld+json\" class=\"yoast-schema-graph\">{\"@context\":\"https:\/\/schema.org\",\"@graph\":[{\"@type\":\"WebPage\",\"@id\":\"https:\/\/blog.zeit.de\/joerglau\/2007\/01\/20\/turkisch-armenischer-intellektueller-erschossen_118\",\"url\":\"https:\/\/blog.zeit.de\/joerglau\/2007\/01\/20\/turkisch-armenischer-intellektueller-erschossen_118\",\"name\":\"T\u00fcrkisch-armenischer Intellektueller erschossen - J\u00f6rg Lau\",\"isPartOf\":{\"@id\":\"https:\/\/blog.zeit.de\/joerglau\/#website\"},\"datePublished\":\"2007-01-19T22:50:37+00:00\",\"dateModified\":\"2007-01-19T22:50:37+00:00\",\"author\":{\"@id\":\"https:\/\/blog.zeit.de\/joerglau\/#\/schema\/person\/55f0be9bfac24815791fbc852b042f57\"},\"breadcrumb\":{\"@id\":\"https:\/\/blog.zeit.de\/joerglau\/2007\/01\/20\/turkisch-armenischer-intellektueller-erschossen_118#breadcrumb\"},\"inLanguage\":\"de\",\"potentialAction\":[{\"@type\":\"ReadAction\",\"target\":[\"https:\/\/blog.zeit.de\/joerglau\/2007\/01\/20\/turkisch-armenischer-intellektueller-erschossen_118\"]}]},{\"@type\":\"BreadcrumbList\",\"@id\":\"https:\/\/blog.zeit.de\/joerglau\/2007\/01\/20\/turkisch-armenischer-intellektueller-erschossen_118#breadcrumb\",\"itemListElement\":[{\"@type\":\"ListItem\",\"position\":1,\"name\":\"Startseite\",\"item\":\"https:\/\/blog.zeit.de\/joerglau\"},{\"@type\":\"ListItem\",\"position\":2,\"name\":\"T\u00fcrkisch-armenischer Intellektueller erschossen\"}]},{\"@type\":\"WebSite\",\"@id\":\"https:\/\/blog.zeit.de\/joerglau\/#website\",\"url\":\"https:\/\/blog.zeit.de\/joerglau\/\",\"name\":\"J\u00f6rg Lau\",\"description\":\"Ein Blog \u00fcber Religion und Politik\",\"potentialAction\":[{\"@type\":\"SearchAction\",\"target\":{\"@type\":\"EntryPoint\",\"urlTemplate\":\"https:\/\/blog.zeit.de\/joerglau\/?s={search_term_string}\"},\"query-input\":\"required name=search_term_string\"}],\"inLanguage\":\"de\"},{\"@type\":\"Person\",\"@id\":\"https:\/\/blog.zeit.de\/joerglau\/#\/schema\/person\/55f0be9bfac24815791fbc852b042f57\",\"name\":\"J\u00f6rg Lau\",\"image\":{\"@type\":\"ImageObject\",\"inLanguage\":\"de\",\"@id\":\"https:\/\/blog.zeit.de\/joerglau\/#\/schema\/person\/image\/\",\"url\":\"https:\/\/secure.gravatar.com\/avatar\/a5fe39bf4f5335b8bac36eefa0b41467221b1598bfea5f05159a0199e391eed0?s=96&d=mm&r=g\",\"contentUrl\":\"https:\/\/secure.gravatar.com\/avatar\/a5fe39bf4f5335b8bac36eefa0b41467221b1598bfea5f05159a0199e391eed0?s=96&d=mm&r=g\",\"caption\":\"J\u00f6rg Lau\"},\"url\":\"https:\/\/blog.zeit.de\/joerglau\/author\/joerg-lau\"}]}<\/script>\n<!-- \/ Yoast SEO plugin. -->","yoast_head_json":{"title":"T\u00fcrkisch-armenischer Intellektueller erschossen - J\u00f6rg Lau","robots":{"index":"index","follow":"follow","max-snippet":"max-snippet:-1","max-image-preview":"max-image-preview:large","max-video-preview":"max-video-preview:-1"},"canonical":"https:\/\/blog.zeit.de\/joerglau\/2007\/01\/20\/turkisch-armenischer-intellektueller-erschossen_118","og_locale":"de_DE","og_type":"article","og_title":"T\u00fcrkisch-armenischer Intellektueller erschossen - J\u00f6rg Lau","og_description":"Der Journalist Hrant Dink wurde am heutigen Freitag, den 19. Januar, in Istanbul vor dem Geb\u00e4ude seiner Zeitschrift AGOS erschossen. Dink war die grosse Hoffnung aller, die darauf setzten, dass die T\u00fcrkei sich (langsam) mit ihrem V\u00f6lkermord-Erbe auseinanderzusetzen versucht. Letztes Jahr erst erhielt er darum den Nannen-Preis in Hamburg. Jetzt haben die Nationalisten dieser Hoffnung [&hellip;]","og_url":"https:\/\/blog.zeit.de\/joerglau\/2007\/01\/20\/turkisch-armenischer-intellektueller-erschossen_118","og_site_name":"J\u00f6rg Lau","article_published_time":"2007-01-19T22:50:37+00:00","og_image":[{"url":"https:\/\/blog.zeit.de\/joerglau\/files\/2007\/01\/dinnky-150x150.jpg"}],"author":"J\u00f6rg Lau","twitter_card":"summary_large_image","twitter_misc":{"Geschrieben von":"J\u00f6rg Lau"},"schema":{"@context":"https:\/\/schema.org","@graph":[{"@type":"WebPage","@id":"https:\/\/blog.zeit.de\/joerglau\/2007\/01\/20\/turkisch-armenischer-intellektueller-erschossen_118","url":"https:\/\/blog.zeit.de\/joerglau\/2007\/01\/20\/turkisch-armenischer-intellektueller-erschossen_118","name":"T\u00fcrkisch-armenischer Intellektueller erschossen - J\u00f6rg Lau","isPartOf":{"@id":"https:\/\/blog.zeit.de\/joerglau\/#website"},"datePublished":"2007-01-19T22:50:37+00:00","dateModified":"2007-01-19T22:50:37+00:00","author":{"@id":"https:\/\/blog.zeit.de\/joerglau\/#\/schema\/person\/55f0be9bfac24815791fbc852b042f57"},"breadcrumb":{"@id":"https:\/\/blog.zeit.de\/joerglau\/2007\/01\/20\/turkisch-armenischer-intellektueller-erschossen_118#breadcrumb"},"inLanguage":"de","potentialAction":[{"@type":"ReadAction","target":["https:\/\/blog.zeit.de\/joerglau\/2007\/01\/20\/turkisch-armenischer-intellektueller-erschossen_118"]}]},{"@type":"BreadcrumbList","@id":"https:\/\/blog.zeit.de\/joerglau\/2007\/01\/20\/turkisch-armenischer-intellektueller-erschossen_118#breadcrumb","itemListElement":[{"@type":"ListItem","position":1,"name":"Startseite","item":"https:\/\/blog.zeit.de\/joerglau"},{"@type":"ListItem","position":2,"name":"T\u00fcrkisch-armenischer Intellektueller erschossen"}]},{"@type":"WebSite","@id":"https:\/\/blog.zeit.de\/joerglau\/#website","url":"https:\/\/blog.zeit.de\/joerglau\/","name":"J\u00f6rg Lau","description":"Ein Blog \u00fcber Religion und Politik","potentialAction":[{"@type":"SearchAction","target":{"@type":"EntryPoint","urlTemplate":"https:\/\/blog.zeit.de\/joerglau\/?s={search_term_string}"},"query-input":"required name=search_term_string"}],"inLanguage":"de"},{"@type":"Person","@id":"https:\/\/blog.zeit.de\/joerglau\/#\/schema\/person\/55f0be9bfac24815791fbc852b042f57","name":"J\u00f6rg Lau","image":{"@type":"ImageObject","inLanguage":"de","@id":"https:\/\/blog.zeit.de\/joerglau\/#\/schema\/person\/image\/","url":"https:\/\/secure.gravatar.com\/avatar\/a5fe39bf4f5335b8bac36eefa0b41467221b1598bfea5f05159a0199e391eed0?s=96&d=mm&r=g","contentUrl":"https:\/\/secure.gravatar.com\/avatar\/a5fe39bf4f5335b8bac36eefa0b41467221b1598bfea5f05159a0199e391eed0?s=96&d=mm&r=g","caption":"J\u00f6rg Lau"},"url":"https:\/\/blog.zeit.de\/joerglau\/author\/joerg-lau"}]}},"jetpack_featured_media_url":"","jetpack_sharing_enabled":true,"jetpack_shortlink":"https:\/\/wp.me\/pG02W-1U","_links":{"self":[{"href":"https:\/\/blog.zeit.de\/joerglau\/wp-json\/wp\/v2\/posts\/118","targetHints":{"allow":["GET"]}}],"collection":[{"href":"https:\/\/blog.zeit.de\/joerglau\/wp-json\/wp\/v2\/posts"}],"about":[{"href":"https:\/\/blog.zeit.de\/joerglau\/wp-json\/wp\/v2\/types\/post"}],"author":[{"embeddable":true,"href":"https:\/\/blog.zeit.de\/joerglau\/wp-json\/wp\/v2\/users\/54"}],"replies":[{"embeddable":true,"href":"https:\/\/blog.zeit.de\/joerglau\/wp-json\/wp\/v2\/comments?post=118"}],"version-history":[{"count":0,"href":"https:\/\/blog.zeit.de\/joerglau\/wp-json\/wp\/v2\/posts\/118\/revisions"}],"wp:attachment":[{"href":"https:\/\/blog.zeit.de\/joerglau\/wp-json\/wp\/v2\/media?parent=118"}],"wp:term":[{"taxonomy":"category","embeddable":true,"href":"https:\/\/blog.zeit.de\/joerglau\/wp-json\/wp\/v2\/categories?post=118"},{"taxonomy":"post_tag","embeddable":true,"href":"https:\/\/blog.zeit.de\/joerglau\/wp-json\/wp\/v2\/tags?post=118"}],"curies":[{"name":"wp","href":"https:\/\/api.w.org\/{rel}","templated":true}]}}