{"id":122,"date":"2007-01-23T17:42:25","date_gmt":"2007-01-23T15:42:25","guid":{"rendered":"http:\/\/blog.zeit.de\/joerglau\/2007\/01\/23\/richard-perle-bush-wird-iran-angreifen_122"},"modified":"2007-01-23T17:42:25","modified_gmt":"2007-01-23T15:42:25","slug":"richard-perle-bush-wird-iran-angreifen","status":"publish","type":"post","link":"https:\/\/blog.zeit.de\/joerglau\/2007\/01\/23\/richard-perle-bush-wird-iran-angreifen_122","title":{"rendered":"Richard Perle: Bush wird Iran angreifen"},"content":{"rendered":"<p>Der prominente Neokonservative hat am Sonntag bei der Sicherheitskonferenz im israelischen Herzliya gesagt, Pr\u00e4sident Bush werde den Iran angreifen, wenn es &#8222;ihm deutlich scheine&#8220;, dass das Land atomare Waffen erwerbe.<\/p>\n<p><img loading=\"lazy\" decoding=\"async\" width=\"210\" height=\"272\" alt=\"perle.gif\" id=\"image127\" src=\"https:\/\/blog.zeit.de\/joerglau\/files\/2007\/01\/perle.gif\" \/><br \/>\nDie israelische Zeitung <a href=\"http:\/\/www.haaretz.com\/hasen\/spages\/816046.html\">Haaretz<\/a> gibt Pearle so wieder:<\/p>\n<blockquote><p>&#8222;President George Bush will order an attack on Iran if it becomes clear to him that Iran is set to acquire nuclear weapons capabilities while he is still in office, Richard Perle told the Herzliya Conference on Sunday. Perle is close to the Bush administration, particularly to Vice President Richard Cheney.<\/p>\n<p>The leading neoconservative and fellow at the American Enterprise Institute addressed the session on Iran&#8217;s nuclear program. He said that the present policy of attempting to impose sanctions on Iran will not cause it to abandon its nuclear aspirations, and unless stopped the country will become a nuclear power.&#8220;<\/p><\/blockquote>\n<p>Das klingt schon sehr wie eine Ank\u00fcndigung. Spricht Pearle als <a href=\"http:\/\/www.tpmcafe.com\/blog\/coffeehouse\/2007\/jan\/21\/richard_perle_bush_will_bomb_iran\">Emiss\u00e4r des Pr\u00e4sidenten<\/a>? Will Bush seine Amtszeit mit einem dritten Krieg beenden, statt mit einem schm\u00e4hlichen R\u00fcckzug?<\/p>\n","protected":false},"excerpt":{"rendered":"<p>Der prominente Neokonservative hat am Sonntag bei der Sicherheitskonferenz im israelischen Herzliya gesagt, Pr\u00e4sident Bush werde den Iran angreifen, wenn es &#8222;ihm deutlich scheine&#8220;, dass das Land atomare Waffen erwerbe. Die israelische Zeitung Haaretz gibt Pearle so wieder: &#8222;President George Bush will order an attack on Iran if it becomes clear to him that Iran [&hellip;]<\/p>\n","protected":false},"author":54,"featured_media":0,"comment_status":"open","ping_status":"closed","sticky":false,"template":"","format":"standard","meta":{"jetpack_post_was_ever_published":false,"footnotes":""},"categories":[166,171],"tags":[],"class_list":["post-122","post","type-post","status-publish","format-standard","hentry","category-iran","category-neocons"],"yoast_head":"<!-- This site is optimized with the Yoast SEO plugin v21.0 - https:\/\/yoast.com\/wordpress\/plugins\/seo\/ -->\n<title>Richard Perle: Bush wird Iran angreifen - J\u00f6rg Lau<\/title>\n<meta name=\"robots\" content=\"index, follow, max-snippet:-1, max-image-preview:large, max-video-preview:-1\" \/>\n<link rel=\"canonical\" href=\"https:\/\/blog.zeit.de\/joerglau\/2007\/01\/23\/richard-perle-bush-wird-iran-angreifen_122\" \/>\n<meta property=\"og:locale\" content=\"de_DE\" \/>\n<meta property=\"og:type\" content=\"article\" \/>\n<meta property=\"og:title\" content=\"Richard Perle: Bush wird Iran angreifen - J\u00f6rg Lau\" \/>\n<meta property=\"og:description\" content=\"Der prominente Neokonservative hat am Sonntag bei der Sicherheitskonferenz im israelischen Herzliya gesagt, Pr\u00e4sident Bush werde den Iran angreifen, wenn es &#8222;ihm deutlich scheine&#8220;, dass das Land atomare Waffen erwerbe. Die israelische Zeitung Haaretz gibt Pearle so wieder: &#8222;President George Bush will order an attack on Iran if it becomes clear to him that Iran [&hellip;]\" \/>\n<meta property=\"og:url\" content=\"https:\/\/blog.zeit.de\/joerglau\/2007\/01\/23\/richard-perle-bush-wird-iran-angreifen_122\" \/>\n<meta property=\"og:site_name\" content=\"J\u00f6rg Lau\" \/>\n<meta property=\"article:published_time\" content=\"2007-01-23T15:42:25+00:00\" \/>\n<meta property=\"og:image\" content=\"https:\/\/blog.zeit.de\/joerglau\/files\/2007\/01\/perle.gif\" \/>\n<meta name=\"author\" content=\"J\u00f6rg Lau\" \/>\n<meta name=\"twitter:card\" content=\"summary_large_image\" \/>\n<meta name=\"twitter:label1\" content=\"Geschrieben von\" \/>\n\t<meta name=\"twitter:data1\" content=\"J\u00f6rg Lau\" \/>\n\t<meta name=\"twitter:label2\" content=\"Gesch\u00e4tzte Lesezeit\" \/>\n\t<meta name=\"twitter:data2\" content=\"1\u00a0Minute\" \/>\n<script type=\"application\/ld+json\" class=\"yoast-schema-graph\">{\"@context\":\"https:\/\/schema.org\",\"@graph\":[{\"@type\":\"WebPage\",\"@id\":\"https:\/\/blog.zeit.de\/joerglau\/2007\/01\/23\/richard-perle-bush-wird-iran-angreifen_122\",\"url\":\"https:\/\/blog.zeit.de\/joerglau\/2007\/01\/23\/richard-perle-bush-wird-iran-angreifen_122\",\"name\":\"Richard Perle: Bush wird Iran angreifen - J\u00f6rg Lau\",\"isPartOf\":{\"@id\":\"https:\/\/blog.zeit.de\/joerglau\/#website\"},\"datePublished\":\"2007-01-23T15:42:25+00:00\",\"dateModified\":\"2007-01-23T15:42:25+00:00\",\"author\":{\"@id\":\"https:\/\/blog.zeit.de\/joerglau\/#\/schema\/person\/55f0be9bfac24815791fbc852b042f57\"},\"breadcrumb\":{\"@id\":\"https:\/\/blog.zeit.de\/joerglau\/2007\/01\/23\/richard-perle-bush-wird-iran-angreifen_122#breadcrumb\"},\"inLanguage\":\"de\",\"potentialAction\":[{\"@type\":\"ReadAction\",\"target\":[\"https:\/\/blog.zeit.de\/joerglau\/2007\/01\/23\/richard-perle-bush-wird-iran-angreifen_122\"]}]},{\"@type\":\"BreadcrumbList\",\"@id\":\"https:\/\/blog.zeit.de\/joerglau\/2007\/01\/23\/richard-perle-bush-wird-iran-angreifen_122#breadcrumb\",\"itemListElement\":[{\"@type\":\"ListItem\",\"position\":1,\"name\":\"Startseite\",\"item\":\"https:\/\/blog.zeit.de\/joerglau\"},{\"@type\":\"ListItem\",\"position\":2,\"name\":\"Richard Perle: Bush wird Iran angreifen\"}]},{\"@type\":\"WebSite\",\"@id\":\"https:\/\/blog.zeit.de\/joerglau\/#website\",\"url\":\"https:\/\/blog.zeit.de\/joerglau\/\",\"name\":\"J\u00f6rg Lau\",\"description\":\"Ein Blog \u00fcber Religion und Politik\",\"potentialAction\":[{\"@type\":\"SearchAction\",\"target\":{\"@type\":\"EntryPoint\",\"urlTemplate\":\"https:\/\/blog.zeit.de\/joerglau\/?s={search_term_string}\"},\"query-input\":\"required name=search_term_string\"}],\"inLanguage\":\"de\"},{\"@type\":\"Person\",\"@id\":\"https:\/\/blog.zeit.de\/joerglau\/#\/schema\/person\/55f0be9bfac24815791fbc852b042f57\",\"name\":\"J\u00f6rg Lau\",\"image\":{\"@type\":\"ImageObject\",\"inLanguage\":\"de\",\"@id\":\"https:\/\/blog.zeit.de\/joerglau\/#\/schema\/person\/image\/\",\"url\":\"https:\/\/secure.gravatar.com\/avatar\/a5fe39bf4f5335b8bac36eefa0b41467221b1598bfea5f05159a0199e391eed0?s=96&d=mm&r=g\",\"contentUrl\":\"https:\/\/secure.gravatar.com\/avatar\/a5fe39bf4f5335b8bac36eefa0b41467221b1598bfea5f05159a0199e391eed0?s=96&d=mm&r=g\",\"caption\":\"J\u00f6rg Lau\"},\"url\":\"https:\/\/blog.zeit.de\/joerglau\/author\/joerg-lau\"}]}<\/script>\n<!-- \/ Yoast SEO plugin. -->","yoast_head_json":{"title":"Richard Perle: Bush wird Iran angreifen - J\u00f6rg Lau","robots":{"index":"index","follow":"follow","max-snippet":"max-snippet:-1","max-image-preview":"max-image-preview:large","max-video-preview":"max-video-preview:-1"},"canonical":"https:\/\/blog.zeit.de\/joerglau\/2007\/01\/23\/richard-perle-bush-wird-iran-angreifen_122","og_locale":"de_DE","og_type":"article","og_title":"Richard Perle: Bush wird Iran angreifen - J\u00f6rg Lau","og_description":"Der prominente Neokonservative hat am Sonntag bei der Sicherheitskonferenz im israelischen Herzliya gesagt, Pr\u00e4sident Bush werde den Iran angreifen, wenn es &#8222;ihm deutlich scheine&#8220;, dass das Land atomare Waffen erwerbe. Die israelische Zeitung Haaretz gibt Pearle so wieder: &#8222;President George Bush will order an attack on Iran if it becomes clear to him that Iran [&hellip;]","og_url":"https:\/\/blog.zeit.de\/joerglau\/2007\/01\/23\/richard-perle-bush-wird-iran-angreifen_122","og_site_name":"J\u00f6rg Lau","article_published_time":"2007-01-23T15:42:25+00:00","og_image":[{"url":"https:\/\/blog.zeit.de\/joerglau\/files\/2007\/01\/perle.gif"}],"author":"J\u00f6rg Lau","twitter_card":"summary_large_image","twitter_misc":{"Geschrieben von":"J\u00f6rg Lau","Gesch\u00e4tzte Lesezeit":"1\u00a0Minute"},"schema":{"@context":"https:\/\/schema.org","@graph":[{"@type":"WebPage","@id":"https:\/\/blog.zeit.de\/joerglau\/2007\/01\/23\/richard-perle-bush-wird-iran-angreifen_122","url":"https:\/\/blog.zeit.de\/joerglau\/2007\/01\/23\/richard-perle-bush-wird-iran-angreifen_122","name":"Richard Perle: Bush wird Iran angreifen - J\u00f6rg Lau","isPartOf":{"@id":"https:\/\/blog.zeit.de\/joerglau\/#website"},"datePublished":"2007-01-23T15:42:25+00:00","dateModified":"2007-01-23T15:42:25+00:00","author":{"@id":"https:\/\/blog.zeit.de\/joerglau\/#\/schema\/person\/55f0be9bfac24815791fbc852b042f57"},"breadcrumb":{"@id":"https:\/\/blog.zeit.de\/joerglau\/2007\/01\/23\/richard-perle-bush-wird-iran-angreifen_122#breadcrumb"},"inLanguage":"de","potentialAction":[{"@type":"ReadAction","target":["https:\/\/blog.zeit.de\/joerglau\/2007\/01\/23\/richard-perle-bush-wird-iran-angreifen_122"]}]},{"@type":"BreadcrumbList","@id":"https:\/\/blog.zeit.de\/joerglau\/2007\/01\/23\/richard-perle-bush-wird-iran-angreifen_122#breadcrumb","itemListElement":[{"@type":"ListItem","position":1,"name":"Startseite","item":"https:\/\/blog.zeit.de\/joerglau"},{"@type":"ListItem","position":2,"name":"Richard Perle: Bush wird Iran angreifen"}]},{"@type":"WebSite","@id":"https:\/\/blog.zeit.de\/joerglau\/#website","url":"https:\/\/blog.zeit.de\/joerglau\/","name":"J\u00f6rg Lau","description":"Ein Blog \u00fcber Religion und Politik","potentialAction":[{"@type":"SearchAction","target":{"@type":"EntryPoint","urlTemplate":"https:\/\/blog.zeit.de\/joerglau\/?s={search_term_string}"},"query-input":"required name=search_term_string"}],"inLanguage":"de"},{"@type":"Person","@id":"https:\/\/blog.zeit.de\/joerglau\/#\/schema\/person\/55f0be9bfac24815791fbc852b042f57","name":"J\u00f6rg Lau","image":{"@type":"ImageObject","inLanguage":"de","@id":"https:\/\/blog.zeit.de\/joerglau\/#\/schema\/person\/image\/","url":"https:\/\/secure.gravatar.com\/avatar\/a5fe39bf4f5335b8bac36eefa0b41467221b1598bfea5f05159a0199e391eed0?s=96&d=mm&r=g","contentUrl":"https:\/\/secure.gravatar.com\/avatar\/a5fe39bf4f5335b8bac36eefa0b41467221b1598bfea5f05159a0199e391eed0?s=96&d=mm&r=g","caption":"J\u00f6rg Lau"},"url":"https:\/\/blog.zeit.de\/joerglau\/author\/joerg-lau"}]}},"jetpack_featured_media_url":"","jetpack_sharing_enabled":true,"jetpack_shortlink":"https:\/\/wp.me\/pG02W-1Y","_links":{"self":[{"href":"https:\/\/blog.zeit.de\/joerglau\/wp-json\/wp\/v2\/posts\/122","targetHints":{"allow":["GET"]}}],"collection":[{"href":"https:\/\/blog.zeit.de\/joerglau\/wp-json\/wp\/v2\/posts"}],"about":[{"href":"https:\/\/blog.zeit.de\/joerglau\/wp-json\/wp\/v2\/types\/post"}],"author":[{"embeddable":true,"href":"https:\/\/blog.zeit.de\/joerglau\/wp-json\/wp\/v2\/users\/54"}],"replies":[{"embeddable":true,"href":"https:\/\/blog.zeit.de\/joerglau\/wp-json\/wp\/v2\/comments?post=122"}],"version-history":[{"count":0,"href":"https:\/\/blog.zeit.de\/joerglau\/wp-json\/wp\/v2\/posts\/122\/revisions"}],"wp:attachment":[{"href":"https:\/\/blog.zeit.de\/joerglau\/wp-json\/wp\/v2\/media?parent=122"}],"wp:term":[{"taxonomy":"category","embeddable":true,"href":"https:\/\/blog.zeit.de\/joerglau\/wp-json\/wp\/v2\/categories?post=122"},{"taxonomy":"post_tag","embeddable":true,"href":"https:\/\/blog.zeit.de\/joerglau\/wp-json\/wp\/v2\/tags?post=122"}],"curies":[{"name":"wp","href":"https:\/\/api.w.org\/{rel}","templated":true}]}}