{"id":129,"date":"2007-01-25T16:01:32","date_gmt":"2007-01-25T14:01:32","guid":{"rendered":"http:\/\/blog.zeit.de\/joerglau\/2007\/01\/25\/iraner-demonstrieren-in-berlin-gegen-holocaustleugnung_129"},"modified":"2007-01-25T16:01:32","modified_gmt":"2007-01-25T14:01:32","slug":"iraner-demonstrieren-in-berlin-gegen-holocaustleugnung","status":"publish","type":"post","link":"https:\/\/blog.zeit.de\/joerglau\/2007\/01\/25\/iraner-demonstrieren-in-berlin-gegen-holocaustleugnung_129","title":{"rendered":"Iraner demonstrieren in Berlin gegen Holocaustleugnung"},"content":{"rendered":"<p>Auch diese Stimmen gibt es:<\/p>\n<p>&#8222;Der Iranische Dialogkreis Berlin ruft iranischst\u00e4mmige Berlinerinnen und Berliner zu einer gemeinsamen Gedenkveranstaltung anl\u00e4sslich des Holocaust-Gedenktags am 27. Januar 2007, 11.30 Uhr, am Denkmal f\u00fcr die ermordeten Juden Europas in Berlin-Mitte auf. Die Veranstaltung findet an der Hannah-Arendt-Stra\u00dfe statt.<\/p>\n<p>Die aggressive Leugnung des Holocaust durch die iranische Regierung bereitet vielen hier lebenden Iranerinnen und Iranern gro\u00dfe Sorge. Wir sind nicht nur der Meinung, dass durch eine derartige Haltung die Ehre und W\u00fcrde der Opfer und \u00dcberlebenden des Holocaust beschmutzt wird, sondern sehen darin auch einen langfristigen Schaden f\u00fcr das Ansehen von uns Iranerinnen und Iraner weltweit.<\/p>\n<p>Wir wollen deshalb \u00f6ffentlich deutlich machen, dass die hasserf\u00fcllte Einstellung der iranischen Regierung nicht die Meinung der Mehrheit der Iranerinnen und Iraner repr\u00e4sentiert.<\/p>\n<p>Wir fordern die iranische Regierung auf, sch\u00e4ndliche Aktivit\u00e4ten, wie die Abhaltung pseudowissenschaftlicher Konferenzen und Aufrufe zur Vernichtung Israels zu unterlassen und stattdessen endlich den Holocaust als singul\u00e4re historische Realit\u00e4t anzuerkennen und die Bem\u00fchungen f\u00fcr eine friedliche und gerechte Zweistaatenl\u00f6sung zwischen Israelis und Pal\u00e4stinensern nicht zu torpedieren.<\/p>\n<p>Wir freuen uns Ihnen mitzuteilen, dass die Bundestagsabgeordneten Marie-Luise Beck (B\u00fcndnis 90\/Die Gr\u00fcnen), Gitta Connemann (CDU) und Hellmut K\u00f6ngishaus (FDP) sowie Ralf F\u00fccks, Vorstand der Heinrich-B\u00f6ll-Stiftung, ihre Teilnahme an unserer Gedenkveranstaltung zugesagt haben.&#8220;<\/p>\n","protected":false},"excerpt":{"rendered":"<p>Auch diese Stimmen gibt es: &#8222;Der Iranische Dialogkreis Berlin ruft iranischst\u00e4mmige Berlinerinnen und Berliner zu einer gemeinsamen Gedenkveranstaltung anl\u00e4sslich des Holocaust-Gedenktags am 27. Januar 2007, 11.30 Uhr, am Denkmal f\u00fcr die ermordeten Juden Europas in Berlin-Mitte auf. Die Veranstaltung findet an der Hannah-Arendt-Stra\u00dfe statt. Die aggressive Leugnung des Holocaust durch die iranische Regierung bereitet vielen [&hellip;]<\/p>\n","protected":false},"author":54,"featured_media":0,"comment_status":"open","ping_status":"closed","sticky":false,"template":"","format":"standard","meta":{"jetpack_post_was_ever_published":false,"footnotes":""},"categories":[166],"tags":[],"class_list":["post-129","post","type-post","status-publish","format-standard","hentry","category-iran"],"yoast_head":"<!-- This site is optimized with the Yoast SEO plugin v21.0 - https:\/\/yoast.com\/wordpress\/plugins\/seo\/ -->\n<title>Iraner demonstrieren in Berlin gegen Holocaustleugnung - J\u00f6rg Lau<\/title>\n<meta name=\"robots\" content=\"index, follow, max-snippet:-1, max-image-preview:large, max-video-preview:-1\" \/>\n<link rel=\"canonical\" href=\"https:\/\/blog.zeit.de\/joerglau\/2007\/01\/25\/iraner-demonstrieren-in-berlin-gegen-holocaustleugnung_129\" \/>\n<meta property=\"og:locale\" content=\"de_DE\" \/>\n<meta property=\"og:type\" content=\"article\" \/>\n<meta property=\"og:title\" content=\"Iraner demonstrieren in Berlin gegen Holocaustleugnung - J\u00f6rg Lau\" \/>\n<meta property=\"og:description\" content=\"Auch diese Stimmen gibt es: &#8222;Der Iranische Dialogkreis Berlin ruft iranischst\u00e4mmige Berlinerinnen und Berliner zu einer gemeinsamen Gedenkveranstaltung anl\u00e4sslich des Holocaust-Gedenktags am 27. Januar 2007, 11.30 Uhr, am Denkmal f\u00fcr die ermordeten Juden Europas in Berlin-Mitte auf. Die Veranstaltung findet an der Hannah-Arendt-Stra\u00dfe statt. Die aggressive Leugnung des Holocaust durch die iranische Regierung bereitet vielen [&hellip;]\" \/>\n<meta property=\"og:url\" content=\"https:\/\/blog.zeit.de\/joerglau\/2007\/01\/25\/iraner-demonstrieren-in-berlin-gegen-holocaustleugnung_129\" \/>\n<meta property=\"og:site_name\" content=\"J\u00f6rg Lau\" \/>\n<meta property=\"article:published_time\" content=\"2007-01-25T14:01:32+00:00\" \/>\n<meta name=\"author\" content=\"J\u00f6rg Lau\" \/>\n<meta name=\"twitter:card\" content=\"summary_large_image\" \/>\n<meta name=\"twitter:label1\" content=\"Geschrieben von\" \/>\n\t<meta name=\"twitter:data1\" content=\"J\u00f6rg Lau\" \/>\n\t<meta name=\"twitter:label2\" content=\"Gesch\u00e4tzte Lesezeit\" \/>\n\t<meta name=\"twitter:data2\" content=\"1\u00a0Minute\" \/>\n<script type=\"application\/ld+json\" class=\"yoast-schema-graph\">{\"@context\":\"https:\/\/schema.org\",\"@graph\":[{\"@type\":\"WebPage\",\"@id\":\"https:\/\/blog.zeit.de\/joerglau\/2007\/01\/25\/iraner-demonstrieren-in-berlin-gegen-holocaustleugnung_129\",\"url\":\"https:\/\/blog.zeit.de\/joerglau\/2007\/01\/25\/iraner-demonstrieren-in-berlin-gegen-holocaustleugnung_129\",\"name\":\"Iraner demonstrieren in Berlin gegen Holocaustleugnung - J\u00f6rg Lau\",\"isPartOf\":{\"@id\":\"https:\/\/blog.zeit.de\/joerglau\/#website\"},\"datePublished\":\"2007-01-25T14:01:32+00:00\",\"dateModified\":\"2007-01-25T14:01:32+00:00\",\"author\":{\"@id\":\"https:\/\/blog.zeit.de\/joerglau\/#\/schema\/person\/55f0be9bfac24815791fbc852b042f57\"},\"breadcrumb\":{\"@id\":\"https:\/\/blog.zeit.de\/joerglau\/2007\/01\/25\/iraner-demonstrieren-in-berlin-gegen-holocaustleugnung_129#breadcrumb\"},\"inLanguage\":\"de\",\"potentialAction\":[{\"@type\":\"ReadAction\",\"target\":[\"https:\/\/blog.zeit.de\/joerglau\/2007\/01\/25\/iraner-demonstrieren-in-berlin-gegen-holocaustleugnung_129\"]}]},{\"@type\":\"BreadcrumbList\",\"@id\":\"https:\/\/blog.zeit.de\/joerglau\/2007\/01\/25\/iraner-demonstrieren-in-berlin-gegen-holocaustleugnung_129#breadcrumb\",\"itemListElement\":[{\"@type\":\"ListItem\",\"position\":1,\"name\":\"Startseite\",\"item\":\"https:\/\/blog.zeit.de\/joerglau\"},{\"@type\":\"ListItem\",\"position\":2,\"name\":\"Iraner demonstrieren in Berlin gegen Holocaustleugnung\"}]},{\"@type\":\"WebSite\",\"@id\":\"https:\/\/blog.zeit.de\/joerglau\/#website\",\"url\":\"https:\/\/blog.zeit.de\/joerglau\/\",\"name\":\"J\u00f6rg Lau\",\"description\":\"Ein Blog \u00fcber Religion und Politik\",\"potentialAction\":[{\"@type\":\"SearchAction\",\"target\":{\"@type\":\"EntryPoint\",\"urlTemplate\":\"https:\/\/blog.zeit.de\/joerglau\/?s={search_term_string}\"},\"query-input\":\"required name=search_term_string\"}],\"inLanguage\":\"de\"},{\"@type\":\"Person\",\"@id\":\"https:\/\/blog.zeit.de\/joerglau\/#\/schema\/person\/55f0be9bfac24815791fbc852b042f57\",\"name\":\"J\u00f6rg Lau\",\"image\":{\"@type\":\"ImageObject\",\"inLanguage\":\"de\",\"@id\":\"https:\/\/blog.zeit.de\/joerglau\/#\/schema\/person\/image\/\",\"url\":\"https:\/\/secure.gravatar.com\/avatar\/a5fe39bf4f5335b8bac36eefa0b41467221b1598bfea5f05159a0199e391eed0?s=96&d=mm&r=g\",\"contentUrl\":\"https:\/\/secure.gravatar.com\/avatar\/a5fe39bf4f5335b8bac36eefa0b41467221b1598bfea5f05159a0199e391eed0?s=96&d=mm&r=g\",\"caption\":\"J\u00f6rg Lau\"},\"url\":\"https:\/\/blog.zeit.de\/joerglau\/author\/joerg-lau\"}]}<\/script>\n<!-- \/ Yoast SEO plugin. -->","yoast_head_json":{"title":"Iraner demonstrieren in Berlin gegen Holocaustleugnung - J\u00f6rg Lau","robots":{"index":"index","follow":"follow","max-snippet":"max-snippet:-1","max-image-preview":"max-image-preview:large","max-video-preview":"max-video-preview:-1"},"canonical":"https:\/\/blog.zeit.de\/joerglau\/2007\/01\/25\/iraner-demonstrieren-in-berlin-gegen-holocaustleugnung_129","og_locale":"de_DE","og_type":"article","og_title":"Iraner demonstrieren in Berlin gegen Holocaustleugnung - J\u00f6rg Lau","og_description":"Auch diese Stimmen gibt es: &#8222;Der Iranische Dialogkreis Berlin ruft iranischst\u00e4mmige Berlinerinnen und Berliner zu einer gemeinsamen Gedenkveranstaltung anl\u00e4sslich des Holocaust-Gedenktags am 27. Januar 2007, 11.30 Uhr, am Denkmal f\u00fcr die ermordeten Juden Europas in Berlin-Mitte auf. Die Veranstaltung findet an der Hannah-Arendt-Stra\u00dfe statt. Die aggressive Leugnung des Holocaust durch die iranische Regierung bereitet vielen [&hellip;]","og_url":"https:\/\/blog.zeit.de\/joerglau\/2007\/01\/25\/iraner-demonstrieren-in-berlin-gegen-holocaustleugnung_129","og_site_name":"J\u00f6rg Lau","article_published_time":"2007-01-25T14:01:32+00:00","author":"J\u00f6rg Lau","twitter_card":"summary_large_image","twitter_misc":{"Geschrieben von":"J\u00f6rg Lau","Gesch\u00e4tzte Lesezeit":"1\u00a0Minute"},"schema":{"@context":"https:\/\/schema.org","@graph":[{"@type":"WebPage","@id":"https:\/\/blog.zeit.de\/joerglau\/2007\/01\/25\/iraner-demonstrieren-in-berlin-gegen-holocaustleugnung_129","url":"https:\/\/blog.zeit.de\/joerglau\/2007\/01\/25\/iraner-demonstrieren-in-berlin-gegen-holocaustleugnung_129","name":"Iraner demonstrieren in Berlin gegen Holocaustleugnung - J\u00f6rg Lau","isPartOf":{"@id":"https:\/\/blog.zeit.de\/joerglau\/#website"},"datePublished":"2007-01-25T14:01:32+00:00","dateModified":"2007-01-25T14:01:32+00:00","author":{"@id":"https:\/\/blog.zeit.de\/joerglau\/#\/schema\/person\/55f0be9bfac24815791fbc852b042f57"},"breadcrumb":{"@id":"https:\/\/blog.zeit.de\/joerglau\/2007\/01\/25\/iraner-demonstrieren-in-berlin-gegen-holocaustleugnung_129#breadcrumb"},"inLanguage":"de","potentialAction":[{"@type":"ReadAction","target":["https:\/\/blog.zeit.de\/joerglau\/2007\/01\/25\/iraner-demonstrieren-in-berlin-gegen-holocaustleugnung_129"]}]},{"@type":"BreadcrumbList","@id":"https:\/\/blog.zeit.de\/joerglau\/2007\/01\/25\/iraner-demonstrieren-in-berlin-gegen-holocaustleugnung_129#breadcrumb","itemListElement":[{"@type":"ListItem","position":1,"name":"Startseite","item":"https:\/\/blog.zeit.de\/joerglau"},{"@type":"ListItem","position":2,"name":"Iraner demonstrieren in Berlin gegen Holocaustleugnung"}]},{"@type":"WebSite","@id":"https:\/\/blog.zeit.de\/joerglau\/#website","url":"https:\/\/blog.zeit.de\/joerglau\/","name":"J\u00f6rg Lau","description":"Ein Blog \u00fcber Religion und Politik","potentialAction":[{"@type":"SearchAction","target":{"@type":"EntryPoint","urlTemplate":"https:\/\/blog.zeit.de\/joerglau\/?s={search_term_string}"},"query-input":"required name=search_term_string"}],"inLanguage":"de"},{"@type":"Person","@id":"https:\/\/blog.zeit.de\/joerglau\/#\/schema\/person\/55f0be9bfac24815791fbc852b042f57","name":"J\u00f6rg Lau","image":{"@type":"ImageObject","inLanguage":"de","@id":"https:\/\/blog.zeit.de\/joerglau\/#\/schema\/person\/image\/","url":"https:\/\/secure.gravatar.com\/avatar\/a5fe39bf4f5335b8bac36eefa0b41467221b1598bfea5f05159a0199e391eed0?s=96&d=mm&r=g","contentUrl":"https:\/\/secure.gravatar.com\/avatar\/a5fe39bf4f5335b8bac36eefa0b41467221b1598bfea5f05159a0199e391eed0?s=96&d=mm&r=g","caption":"J\u00f6rg Lau"},"url":"https:\/\/blog.zeit.de\/joerglau\/author\/joerg-lau"}]}},"jetpack_featured_media_url":"","jetpack_sharing_enabled":true,"jetpack_shortlink":"https:\/\/wp.me\/pG02W-25","_links":{"self":[{"href":"https:\/\/blog.zeit.de\/joerglau\/wp-json\/wp\/v2\/posts\/129","targetHints":{"allow":["GET"]}}],"collection":[{"href":"https:\/\/blog.zeit.de\/joerglau\/wp-json\/wp\/v2\/posts"}],"about":[{"href":"https:\/\/blog.zeit.de\/joerglau\/wp-json\/wp\/v2\/types\/post"}],"author":[{"embeddable":true,"href":"https:\/\/blog.zeit.de\/joerglau\/wp-json\/wp\/v2\/users\/54"}],"replies":[{"embeddable":true,"href":"https:\/\/blog.zeit.de\/joerglau\/wp-json\/wp\/v2\/comments?post=129"}],"version-history":[{"count":0,"href":"https:\/\/blog.zeit.de\/joerglau\/wp-json\/wp\/v2\/posts\/129\/revisions"}],"wp:attachment":[{"href":"https:\/\/blog.zeit.de\/joerglau\/wp-json\/wp\/v2\/media?parent=129"}],"wp:term":[{"taxonomy":"category","embeddable":true,"href":"https:\/\/blog.zeit.de\/joerglau\/wp-json\/wp\/v2\/categories?post=129"},{"taxonomy":"post_tag","embeddable":true,"href":"https:\/\/blog.zeit.de\/joerglau\/wp-json\/wp\/v2\/tags?post=129"}],"curies":[{"name":"wp","href":"https:\/\/api.w.org\/{rel}","templated":true}]}}