{"id":152,"date":"2007-01-30T17:30:38","date_gmt":"2007-01-30T15:30:38","guid":{"rendered":"http:\/\/blog.zeit.de\/joerglau\/2007\/01\/30\/muslime-umarmen-den-papst_152"},"modified":"2007-01-30T17:30:38","modified_gmt":"2007-01-30T15:30:38","slug":"muslime-umarmen-den-papst","status":"publish","type":"post","link":"https:\/\/blog.zeit.de\/joerglau\/2007\/01\/30\/muslime-umarmen-den-papst_152","title":{"rendered":"Muslime umarmen den Papst"},"content":{"rendered":"<p>In <a href=\"http:\/\/www.vatican.va\/holy_father\/benedict_xvi\/speeches\/2006\/september\/documents\/hf_ben-xvi_spe_20060912_university-regensburg_ge.html\">Regensburg<\/a>, nicht in Rom, hat das Pontifikat von Benedikt XVI. begonnen. Dass es den Professor Ratzinger nicht mehr gibt,\u00a0 hat der Papst nach seiner Rede in der dortigen Universit\u00e4t schmerzhaft zu sp\u00fcren bekommen.<\/p>\n<p>Ein Papst kann sich nicht einfach den Professorenhut wieder aufsetzen. Die gewaltt\u00e4tigen Reaktionen auf die Regensburger Rede haben Benedikt gezeigt, dass er in einem anderen Sprachspiel angekommen ist, in dem man mit h\u00f6heren Eins\u00e4tzen spielt.<\/p>\n<p>Sein <a href=\"https:\/\/blog.zeit.de\/joerglau\/2006\/11\/30\/papaturka_61\">T\u00fcrkeibesuch<\/a> wenige Wochen sp\u00e4ter zeigte, wie schnell dieser Papst in seine neue Rolle als Br\u00fcckenbauer im globalen Kulturkampf wachsen musste.<br \/>\nIn Regensburg hat ein Lernprozess mit offenem Ausgang begonnen. Es ist ein Prozess auf Gegenseitigkeit, wie eine Aufsehen erregende neue Ver\u00f6ffentlichung zeigt.<\/p>\n<p><img loading=\"lazy\" decoding=\"async\" width=\"128\" height=\"12\" alt=\"issue16-header_logo.gif\" id=\"image151\" src=\"https:\/\/blog.zeit.de\/joerglau\/files\/2007\/01\/issue16-header_logo-150x53.gif\" \/><\/p>\n<p>Im Oktober bereits hatte das amerikanische Magazin <a href=\"https:\/\/blog.zeit.de\/joerglau\/2006\/10\/16\/muslimische-gelehrte-antworten-dem-papst-und-verurteilen-gewaltsame-reaktionen-auf-seine-regensburger-rede_34\">Islamica<\/a> einen Brief von 38 muslimischen Gelehrten an den Papst ver\u00f6ffentlicht. In seiner soeben erschienenen neuen Nummer legt Islamica nun noch einmal nach: Das <a href=\"http:\/\/www.islamicamagazine.com\/home\/index.html\">neue Heft<\/a> bringt einen ausf\u00fchrlichen Kommentar der Papst-Vorlesung und eine wohl informierte Analyse \u00fcber Benedikts Verh\u00e4ltnis zum Islam.<\/p>\n<p>Die beiden gro\u00dfen Texte sind gepr\u00e4gt von einem fairen Ton, der\u00a0 Eifer und Retourkutschenlogik meidet. Es geht hier wirklich um einen \u201eehrlichen Dialog\u201c, wie das Editorial betont.<br \/>\nUnd mehr als das: Die beiden islamischen Gelehrten suchen bei aller Kritik im Detail die Allianz mit der r\u00f6mischen Kirche. Welch eine erstaunliche Wendung: Papst Benedikt, vor Monaten noch als \u201eKreuzritter\u201c\u00a0 gescholten, sieht sich nun wiederholt von islamischen Gelehrten umarmt.<br \/>\nAref Nayed, ein fr\u00fcherer Professor des \u201eP\u00e4pstlichen Instituts f\u00fcr arabische und islamische Studien\u201c in Rom, ruft die Muslime auf, die positiven Z\u00fcge der Vorlesung zur Kenntnis zu nehmen. Der Papst sei zu r\u00fchmen f\u00fcr seine Betonung \u201eder Notwendigkeit, den Begriff der westlichen Vernunft so zu erweitern, dass der Beitrag der Offenbarungsreligion gew\u00fcrdigt werden kann. Die anti-positivistische Kritik des westlichen Vernunftbegriffs kann und muss von vielen Muslimen gesch\u00e4tzt werden.\u201c<\/p>\n<p>Nayed kritisiert den Papst, er werte die\u00a0 koranische Verpflichtung zur Gewaltlosigkeit (\u201ekein Zwang im Glauben\u201c) ab, indem er sie als historisches Produkt der anf\u00e4nglichen Machtlosigkeit Mohammeds und seiner Anh\u00e4nger betrachte: \u201eStatt diese Regel zu preisen und die Muslime aufzurufen, ihr gerecht zu werden, tut der Papst eine wichtige koranische Quelle der Vernunft ab, indem er sie als eine islamische Verstellung sieht.\u201c<br \/>\nNayed verweist zu recht auf die Gewaltgeschichte des Christentums mit den unter der Folter erzwungenen Konversionen und Gest\u00e4ndnissen zu Zeiten der Inquisition. Und er analysiert sehr scharfsinnig den \u201eHegelianismus\u201c der Papst-Rede, der den katholischen Glauben als geschichtsphilosophische Synthese aus Christentum und griechischer Vernunft entwickelt, die alle anderen Synthesen f\u00fcr unm\u00f6glich oder unwert erkl\u00e4rt.<\/p>\n<p>Nicht nur f\u00fcr die muslimisch-hellenistische Vernunft fr\u00fcher Theologen wie al-Farabi und Avicenna streitet Nayed, sondern bemerkenswerter Weise auch f\u00fcr das j\u00fcdisch-hellenistische Denken des Philo von Alexandia \u2013 als zwei andere Wege, Glaube und Vernunft zu vers\u00f6hnen.<\/p>\n<p>Aref Nayed weist Benedikts Vision des katholischen Kern-Europa als eines reinen Produkts\u00a0 griechisch-christlicher Synthese zur\u00fcck. Nicht aus Christenfeindlichkeit und Anti-Europ\u00e4ertum, sondern weil er f\u00fcr einen Platz des Islam im europ\u00e4ischen Erbe k\u00e4mpft. Nayeds Islam will sich nicht auf die Position des ganz anderen\u00a0 verweisen lassen, sondern verlangt nach Anerkennung.<\/p>\n<p>Dass Gott im islamischen Verst\u00e4ndnis als transzendentes Wesen nicht durch die Vernunft gebunden sei, bedeute nicht den \u201eWillk\u00fcr-Gott\u201c, wie Benedikt behaupte. Gott ergebe sich vielmehr freiwillig in die Grenzen der Vernunft und beglaubige mit dieser Gnade, wie sehr er die Vern\u00fcnftigkeit im Glauben sch\u00e4tze und den Gl\u00e4ubigen empfehle.<br \/>\nIn einem gro\u00dfen Essay \u00fcber die Islampolitik Benedikts empfiehlt Abdal Hakim Murad von der Universit\u00e4t Cambridge eine Allianz der Muslime mit der katholischen Kirche. Die wirkliche Gefahr f\u00fcr die Muslime Europas komme von gottlosen Rechtspopulisten, nicht von dem erneuerten Konservatismus des Papstes Benedikt, der in seinem Kampf gegen den modernen Relativismus, f\u00fcr traditionelle Werte und die Heiligkeit des Lebens den meisten Muslimen aus der Seele spreche:<\/p>\n<p>&#8222;It is necessary to convince Muslim communities that despite the rise in Christian rhetoric\u00a0 in far-right circles, it is <strong>conservatives, not liberals, who are our most natural partners in the great task of guiding Europe back to God<\/strong>, and that Razinger&#8217;s criticisms are grounded in respect, perhaps even in something approaching envy; not in any kind of racism, or populist chauvinism.&#8220;<\/p>\n<p>Es mag sein, dass die Regensburger Rede, statt den Kulturkampf anzufeuern, wie es zun\u00e4chst schien, am Ende die erstaunlichsten Allianzen schafft.<\/p>\n<p>Einem liberalen Protestanten kann bei diesen Aussichten allerdings recht mulmig werden.<\/p>\n","protected":false},"excerpt":{"rendered":"<p>In Regensburg, nicht in Rom, hat das Pontifikat von Benedikt XVI. begonnen. Dass es den Professor Ratzinger nicht mehr gibt,\u00a0 hat der Papst nach seiner Rede in der dortigen Universit\u00e4t schmerzhaft zu sp\u00fcren bekommen. Ein Papst kann sich nicht einfach den Professorenhut wieder aufsetzen. Die gewaltt\u00e4tigen Reaktionen auf die Regensburger Rede haben Benedikt gezeigt, dass [&hellip;]<\/p>\n","protected":false},"author":54,"featured_media":0,"comment_status":"open","ping_status":"closed","sticky":false,"template":"","format":"standard","meta":{"jetpack_post_was_ever_published":false,"footnotes":""},"categories":[157],"tags":[],"class_list":["post-152","post","type-post","status-publish","format-standard","hentry","category-die-freunde-und-die-feinde-des-islams"],"yoast_head":"<!-- This site is optimized with the Yoast SEO plugin v21.0 - https:\/\/yoast.com\/wordpress\/plugins\/seo\/ -->\n<title>Muslime umarmen den Papst - J\u00f6rg Lau<\/title>\n<meta name=\"robots\" content=\"index, follow, max-snippet:-1, max-image-preview:large, max-video-preview:-1\" \/>\n<link rel=\"canonical\" href=\"https:\/\/blog.zeit.de\/joerglau\/2007\/01\/30\/muslime-umarmen-den-papst_152\" \/>\n<meta property=\"og:locale\" content=\"de_DE\" \/>\n<meta property=\"og:type\" content=\"article\" \/>\n<meta property=\"og:title\" content=\"Muslime umarmen den Papst - J\u00f6rg Lau\" \/>\n<meta property=\"og:description\" content=\"In Regensburg, nicht in Rom, hat das Pontifikat von Benedikt XVI. begonnen. Dass es den Professor Ratzinger nicht mehr gibt,\u00a0 hat der Papst nach seiner Rede in der dortigen Universit\u00e4t schmerzhaft zu sp\u00fcren bekommen. Ein Papst kann sich nicht einfach den Professorenhut wieder aufsetzen. Die gewaltt\u00e4tigen Reaktionen auf die Regensburger Rede haben Benedikt gezeigt, dass [&hellip;]\" \/>\n<meta property=\"og:url\" content=\"https:\/\/blog.zeit.de\/joerglau\/2007\/01\/30\/muslime-umarmen-den-papst_152\" \/>\n<meta property=\"og:site_name\" content=\"J\u00f6rg Lau\" \/>\n<meta property=\"article:published_time\" content=\"2007-01-30T15:30:38+00:00\" \/>\n<meta property=\"og:image\" content=\"https:\/\/blog.zeit.de\/joerglau\/files\/2007\/01\/issue16-header_logo-150x53.gif\" \/>\n<meta name=\"author\" content=\"J\u00f6rg Lau\" \/>\n<meta name=\"twitter:card\" content=\"summary_large_image\" \/>\n<meta name=\"twitter:label1\" content=\"Geschrieben von\" \/>\n\t<meta name=\"twitter:data1\" content=\"J\u00f6rg Lau\" \/>\n\t<meta name=\"twitter:label2\" content=\"Gesch\u00e4tzte Lesezeit\" \/>\n\t<meta name=\"twitter:data2\" content=\"4\u00a0Minuten\" \/>\n<script type=\"application\/ld+json\" class=\"yoast-schema-graph\">{\"@context\":\"https:\/\/schema.org\",\"@graph\":[{\"@type\":\"WebPage\",\"@id\":\"https:\/\/blog.zeit.de\/joerglau\/2007\/01\/30\/muslime-umarmen-den-papst_152\",\"url\":\"https:\/\/blog.zeit.de\/joerglau\/2007\/01\/30\/muslime-umarmen-den-papst_152\",\"name\":\"Muslime umarmen den Papst - J\u00f6rg Lau\",\"isPartOf\":{\"@id\":\"https:\/\/blog.zeit.de\/joerglau\/#website\"},\"datePublished\":\"2007-01-30T15:30:38+00:00\",\"dateModified\":\"2007-01-30T15:30:38+00:00\",\"author\":{\"@id\":\"https:\/\/blog.zeit.de\/joerglau\/#\/schema\/person\/55f0be9bfac24815791fbc852b042f57\"},\"breadcrumb\":{\"@id\":\"https:\/\/blog.zeit.de\/joerglau\/2007\/01\/30\/muslime-umarmen-den-papst_152#breadcrumb\"},\"inLanguage\":\"de\",\"potentialAction\":[{\"@type\":\"ReadAction\",\"target\":[\"https:\/\/blog.zeit.de\/joerglau\/2007\/01\/30\/muslime-umarmen-den-papst_152\"]}]},{\"@type\":\"BreadcrumbList\",\"@id\":\"https:\/\/blog.zeit.de\/joerglau\/2007\/01\/30\/muslime-umarmen-den-papst_152#breadcrumb\",\"itemListElement\":[{\"@type\":\"ListItem\",\"position\":1,\"name\":\"Startseite\",\"item\":\"https:\/\/blog.zeit.de\/joerglau\"},{\"@type\":\"ListItem\",\"position\":2,\"name\":\"Muslime umarmen den Papst\"}]},{\"@type\":\"WebSite\",\"@id\":\"https:\/\/blog.zeit.de\/joerglau\/#website\",\"url\":\"https:\/\/blog.zeit.de\/joerglau\/\",\"name\":\"J\u00f6rg Lau\",\"description\":\"Ein Blog \u00fcber Religion und Politik\",\"potentialAction\":[{\"@type\":\"SearchAction\",\"target\":{\"@type\":\"EntryPoint\",\"urlTemplate\":\"https:\/\/blog.zeit.de\/joerglau\/?s={search_term_string}\"},\"query-input\":\"required name=search_term_string\"}],\"inLanguage\":\"de\"},{\"@type\":\"Person\",\"@id\":\"https:\/\/blog.zeit.de\/joerglau\/#\/schema\/person\/55f0be9bfac24815791fbc852b042f57\",\"name\":\"J\u00f6rg Lau\",\"image\":{\"@type\":\"ImageObject\",\"inLanguage\":\"de\",\"@id\":\"https:\/\/blog.zeit.de\/joerglau\/#\/schema\/person\/image\/\",\"url\":\"https:\/\/secure.gravatar.com\/avatar\/a5fe39bf4f5335b8bac36eefa0b41467221b1598bfea5f05159a0199e391eed0?s=96&d=mm&r=g\",\"contentUrl\":\"https:\/\/secure.gravatar.com\/avatar\/a5fe39bf4f5335b8bac36eefa0b41467221b1598bfea5f05159a0199e391eed0?s=96&d=mm&r=g\",\"caption\":\"J\u00f6rg Lau\"},\"url\":\"https:\/\/blog.zeit.de\/joerglau\/author\/joerg-lau\"}]}<\/script>\n<!-- \/ Yoast SEO plugin. -->","yoast_head_json":{"title":"Muslime umarmen den Papst - J\u00f6rg Lau","robots":{"index":"index","follow":"follow","max-snippet":"max-snippet:-1","max-image-preview":"max-image-preview:large","max-video-preview":"max-video-preview:-1"},"canonical":"https:\/\/blog.zeit.de\/joerglau\/2007\/01\/30\/muslime-umarmen-den-papst_152","og_locale":"de_DE","og_type":"article","og_title":"Muslime umarmen den Papst - J\u00f6rg Lau","og_description":"In Regensburg, nicht in Rom, hat das Pontifikat von Benedikt XVI. begonnen. Dass es den Professor Ratzinger nicht mehr gibt,\u00a0 hat der Papst nach seiner Rede in der dortigen Universit\u00e4t schmerzhaft zu sp\u00fcren bekommen. Ein Papst kann sich nicht einfach den Professorenhut wieder aufsetzen. Die gewaltt\u00e4tigen Reaktionen auf die Regensburger Rede haben Benedikt gezeigt, dass [&hellip;]","og_url":"https:\/\/blog.zeit.de\/joerglau\/2007\/01\/30\/muslime-umarmen-den-papst_152","og_site_name":"J\u00f6rg Lau","article_published_time":"2007-01-30T15:30:38+00:00","og_image":[{"url":"https:\/\/blog.zeit.de\/joerglau\/files\/2007\/01\/issue16-header_logo-150x53.gif"}],"author":"J\u00f6rg Lau","twitter_card":"summary_large_image","twitter_misc":{"Geschrieben von":"J\u00f6rg Lau","Gesch\u00e4tzte Lesezeit":"4\u00a0Minuten"},"schema":{"@context":"https:\/\/schema.org","@graph":[{"@type":"WebPage","@id":"https:\/\/blog.zeit.de\/joerglau\/2007\/01\/30\/muslime-umarmen-den-papst_152","url":"https:\/\/blog.zeit.de\/joerglau\/2007\/01\/30\/muslime-umarmen-den-papst_152","name":"Muslime umarmen den Papst - J\u00f6rg Lau","isPartOf":{"@id":"https:\/\/blog.zeit.de\/joerglau\/#website"},"datePublished":"2007-01-30T15:30:38+00:00","dateModified":"2007-01-30T15:30:38+00:00","author":{"@id":"https:\/\/blog.zeit.de\/joerglau\/#\/schema\/person\/55f0be9bfac24815791fbc852b042f57"},"breadcrumb":{"@id":"https:\/\/blog.zeit.de\/joerglau\/2007\/01\/30\/muslime-umarmen-den-papst_152#breadcrumb"},"inLanguage":"de","potentialAction":[{"@type":"ReadAction","target":["https:\/\/blog.zeit.de\/joerglau\/2007\/01\/30\/muslime-umarmen-den-papst_152"]}]},{"@type":"BreadcrumbList","@id":"https:\/\/blog.zeit.de\/joerglau\/2007\/01\/30\/muslime-umarmen-den-papst_152#breadcrumb","itemListElement":[{"@type":"ListItem","position":1,"name":"Startseite","item":"https:\/\/blog.zeit.de\/joerglau"},{"@type":"ListItem","position":2,"name":"Muslime umarmen den Papst"}]},{"@type":"WebSite","@id":"https:\/\/blog.zeit.de\/joerglau\/#website","url":"https:\/\/blog.zeit.de\/joerglau\/","name":"J\u00f6rg Lau","description":"Ein Blog \u00fcber Religion und Politik","potentialAction":[{"@type":"SearchAction","target":{"@type":"EntryPoint","urlTemplate":"https:\/\/blog.zeit.de\/joerglau\/?s={search_term_string}"},"query-input":"required name=search_term_string"}],"inLanguage":"de"},{"@type":"Person","@id":"https:\/\/blog.zeit.de\/joerglau\/#\/schema\/person\/55f0be9bfac24815791fbc852b042f57","name":"J\u00f6rg Lau","image":{"@type":"ImageObject","inLanguage":"de","@id":"https:\/\/blog.zeit.de\/joerglau\/#\/schema\/person\/image\/","url":"https:\/\/secure.gravatar.com\/avatar\/a5fe39bf4f5335b8bac36eefa0b41467221b1598bfea5f05159a0199e391eed0?s=96&d=mm&r=g","contentUrl":"https:\/\/secure.gravatar.com\/avatar\/a5fe39bf4f5335b8bac36eefa0b41467221b1598bfea5f05159a0199e391eed0?s=96&d=mm&r=g","caption":"J\u00f6rg Lau"},"url":"https:\/\/blog.zeit.de\/joerglau\/author\/joerg-lau"}]}},"jetpack_featured_media_url":"","jetpack_sharing_enabled":true,"jetpack_shortlink":"https:\/\/wp.me\/pG02W-2s","_links":{"self":[{"href":"https:\/\/blog.zeit.de\/joerglau\/wp-json\/wp\/v2\/posts\/152","targetHints":{"allow":["GET"]}}],"collection":[{"href":"https:\/\/blog.zeit.de\/joerglau\/wp-json\/wp\/v2\/posts"}],"about":[{"href":"https:\/\/blog.zeit.de\/joerglau\/wp-json\/wp\/v2\/types\/post"}],"author":[{"embeddable":true,"href":"https:\/\/blog.zeit.de\/joerglau\/wp-json\/wp\/v2\/users\/54"}],"replies":[{"embeddable":true,"href":"https:\/\/blog.zeit.de\/joerglau\/wp-json\/wp\/v2\/comments?post=152"}],"version-history":[{"count":0,"href":"https:\/\/blog.zeit.de\/joerglau\/wp-json\/wp\/v2\/posts\/152\/revisions"}],"wp:attachment":[{"href":"https:\/\/blog.zeit.de\/joerglau\/wp-json\/wp\/v2\/media?parent=152"}],"wp:term":[{"taxonomy":"category","embeddable":true,"href":"https:\/\/blog.zeit.de\/joerglau\/wp-json\/wp\/v2\/categories?post=152"},{"taxonomy":"post_tag","embeddable":true,"href":"https:\/\/blog.zeit.de\/joerglau\/wp-json\/wp\/v2\/tags?post=152"}],"curies":[{"name":"wp","href":"https:\/\/api.w.org\/{rel}","templated":true}]}}