{"id":153,"date":"2007-01-30T19:00:43","date_gmt":"2007-01-30T17:00:43","guid":{"rendered":"http:\/\/blog.zeit.de\/joerglau\/2007\/01\/30\/britische-konservative-justieren-gesellschaftliches-leitbild_153"},"modified":"2007-01-30T19:00:43","modified_gmt":"2007-01-30T17:00:43","slug":"britische-konservative-justieren-gesellschaftliches-leitbild","status":"publish","type":"post","link":"https:\/\/blog.zeit.de\/joerglau\/2007\/01\/30\/britische-konservative-justieren-gesellschaftliches-leitbild_153","title":{"rendered":"Britische Konservative justieren gesellschaftliches Leitbild"},"content":{"rendered":"<p>Eine <a href=\"http:\/\/www.conservatives.com\/tile.do?def=news.story.page&#038;obj_id=134759\">sehr gute Rede<\/a> des neuen Vorsitzenden der britischen Konservativen, David Cameron, \u00fcber Multikulturalismus, gesellschaftlichen Zusammenhalt, Patriotismus und Extremismus.<\/p>\n<p><img decoding=\"async\" alt=\"cameron.jpg\" id=\"image154\" style=\"width: 235px; height: 154px\" src=\"https:\/\/blog.zeit.de\/joerglau\/files\/2007\/01\/cameron.jpg\" \/><\/p>\n<p>Irgendwie schafft er es, die Verwechslung der Kopftuchfrage mit der Terrorismusabwehr zu gei\u00dfeln, den falschen britischen Multikulturalismus anzuprangern, der die Gesellschaft spaltet, die Unterdr\u00fcckung muslimischer M\u00e4dchen zu kritisieren und zugleich die Anti-Moslem-Stimmung als unbritisch zu beklagen: &#8222;Let&#8217;s not pretend we can bully people into feeling british. We have to inspire them.&#8220;<\/p>\n<p>Und die radikalen Muslime, die die jungen M\u00e4nner zum Hass auf ihre Heimat erziehen, verdammt er in einem Atemzug mit den Neonazis der BNP.<\/p>\n<p>England f\u00fchrt eine immer interessantere <a href=\"\/\/blog.zeit.de\/joerglau\/2006\/12\/10\/tony-blair-bestimmt-integration-und-multikulturalismus-neu_66\">Debatte<\/a> \u00fcber die Frage &#8222;Wer sind wir&#8220;. Gut zu wissen, denn die Zukunft des Islam in Europa wird sich auf der Insel entscheiden.<\/p>\n<p>Wie weit der Weg ist, hier zu einem neuen Verst\u00e4ndnis zu kommen, zeigt die reflexhafte <a href=\"http:\/\/www.mcb.org.uk\/article_detail.php?article=announcement-620\">Reaktion des Muslim Council of Britain<\/a>, der die massvollen Bemerkungen &#8222;zutiefst entt\u00e4uscht&#8220; zur\u00fcckweist und als &#8222;neokonservativ&#8220; abtut. Das ist schlicht falsch: Cameron distanziert sich doch gerade von jeder kulturk\u00e4mpferischen Pose. Aber das ist auch wieder nicht recht. Im Vergleich zu den Briten geht es uns mit den organisierten Muslimen in Deutschland noch Gold.<\/p>\n","protected":false},"excerpt":{"rendered":"<p>Eine sehr gute Rede des neuen Vorsitzenden der britischen Konservativen, David Cameron, \u00fcber Multikulturalismus, gesellschaftlichen Zusammenhalt, Patriotismus und Extremismus. Irgendwie schafft er es, die Verwechslung der Kopftuchfrage mit der Terrorismusabwehr zu gei\u00dfeln, den falschen britischen Multikulturalismus anzuprangern, der die Gesellschaft spaltet, die Unterdr\u00fcckung muslimischer M\u00e4dchen zu kritisieren und zugleich die Anti-Moslem-Stimmung als unbritisch zu beklagen: [&hellip;]<\/p>\n","protected":false},"author":54,"featured_media":0,"comment_status":"open","ping_status":"closed","sticky":false,"template":"","format":"standard","meta":{"jetpack_post_was_ever_published":false,"footnotes":""},"categories":[163],"tags":[],"class_list":["post-153","post","type-post","status-publish","format-standard","hentry","category-integration"],"yoast_head":"<!-- This site is optimized with the Yoast SEO plugin v21.0 - https:\/\/yoast.com\/wordpress\/plugins\/seo\/ -->\n<title>Britische Konservative justieren gesellschaftliches Leitbild - J\u00f6rg Lau<\/title>\n<meta name=\"robots\" content=\"index, follow, max-snippet:-1, max-image-preview:large, max-video-preview:-1\" \/>\n<link rel=\"canonical\" href=\"https:\/\/blog.zeit.de\/joerglau\/2007\/01\/30\/britische-konservative-justieren-gesellschaftliches-leitbild_153\" \/>\n<meta property=\"og:locale\" content=\"de_DE\" \/>\n<meta property=\"og:type\" content=\"article\" \/>\n<meta property=\"og:title\" content=\"Britische Konservative justieren gesellschaftliches Leitbild - J\u00f6rg Lau\" \/>\n<meta property=\"og:description\" content=\"Eine sehr gute Rede des neuen Vorsitzenden der britischen Konservativen, David Cameron, \u00fcber Multikulturalismus, gesellschaftlichen Zusammenhalt, Patriotismus und Extremismus. Irgendwie schafft er es, die Verwechslung der Kopftuchfrage mit der Terrorismusabwehr zu gei\u00dfeln, den falschen britischen Multikulturalismus anzuprangern, der die Gesellschaft spaltet, die Unterdr\u00fcckung muslimischer M\u00e4dchen zu kritisieren und zugleich die Anti-Moslem-Stimmung als unbritisch zu beklagen: [&hellip;]\" \/>\n<meta property=\"og:url\" content=\"https:\/\/blog.zeit.de\/joerglau\/2007\/01\/30\/britische-konservative-justieren-gesellschaftliches-leitbild_153\" \/>\n<meta property=\"og:site_name\" content=\"J\u00f6rg Lau\" \/>\n<meta property=\"article:published_time\" content=\"2007-01-30T17:00:43+00:00\" \/>\n<meta property=\"og:image\" content=\"https:\/\/blog.zeit.de\/joerglau\/files\/2007\/01\/cameron.jpg\" \/>\n<meta name=\"author\" content=\"J\u00f6rg Lau\" \/>\n<meta name=\"twitter:card\" content=\"summary_large_image\" \/>\n<meta name=\"twitter:label1\" content=\"Geschrieben von\" \/>\n\t<meta name=\"twitter:data1\" content=\"J\u00f6rg Lau\" \/>\n\t<meta name=\"twitter:label2\" content=\"Gesch\u00e4tzte Lesezeit\" \/>\n\t<meta name=\"twitter:data2\" content=\"1\u00a0Minute\" \/>\n<script type=\"application\/ld+json\" class=\"yoast-schema-graph\">{\"@context\":\"https:\/\/schema.org\",\"@graph\":[{\"@type\":\"WebPage\",\"@id\":\"https:\/\/blog.zeit.de\/joerglau\/2007\/01\/30\/britische-konservative-justieren-gesellschaftliches-leitbild_153\",\"url\":\"https:\/\/blog.zeit.de\/joerglau\/2007\/01\/30\/britische-konservative-justieren-gesellschaftliches-leitbild_153\",\"name\":\"Britische Konservative justieren gesellschaftliches Leitbild - J\u00f6rg Lau\",\"isPartOf\":{\"@id\":\"https:\/\/blog.zeit.de\/joerglau\/#website\"},\"datePublished\":\"2007-01-30T17:00:43+00:00\",\"dateModified\":\"2007-01-30T17:00:43+00:00\",\"author\":{\"@id\":\"https:\/\/blog.zeit.de\/joerglau\/#\/schema\/person\/55f0be9bfac24815791fbc852b042f57\"},\"breadcrumb\":{\"@id\":\"https:\/\/blog.zeit.de\/joerglau\/2007\/01\/30\/britische-konservative-justieren-gesellschaftliches-leitbild_153#breadcrumb\"},\"inLanguage\":\"de\",\"potentialAction\":[{\"@type\":\"ReadAction\",\"target\":[\"https:\/\/blog.zeit.de\/joerglau\/2007\/01\/30\/britische-konservative-justieren-gesellschaftliches-leitbild_153\"]}]},{\"@type\":\"BreadcrumbList\",\"@id\":\"https:\/\/blog.zeit.de\/joerglau\/2007\/01\/30\/britische-konservative-justieren-gesellschaftliches-leitbild_153#breadcrumb\",\"itemListElement\":[{\"@type\":\"ListItem\",\"position\":1,\"name\":\"Startseite\",\"item\":\"https:\/\/blog.zeit.de\/joerglau\"},{\"@type\":\"ListItem\",\"position\":2,\"name\":\"Britische Konservative justieren gesellschaftliches Leitbild\"}]},{\"@type\":\"WebSite\",\"@id\":\"https:\/\/blog.zeit.de\/joerglau\/#website\",\"url\":\"https:\/\/blog.zeit.de\/joerglau\/\",\"name\":\"J\u00f6rg Lau\",\"description\":\"Ein Blog \u00fcber Religion und Politik\",\"potentialAction\":[{\"@type\":\"SearchAction\",\"target\":{\"@type\":\"EntryPoint\",\"urlTemplate\":\"https:\/\/blog.zeit.de\/joerglau\/?s={search_term_string}\"},\"query-input\":\"required name=search_term_string\"}],\"inLanguage\":\"de\"},{\"@type\":\"Person\",\"@id\":\"https:\/\/blog.zeit.de\/joerglau\/#\/schema\/person\/55f0be9bfac24815791fbc852b042f57\",\"name\":\"J\u00f6rg Lau\",\"image\":{\"@type\":\"ImageObject\",\"inLanguage\":\"de\",\"@id\":\"https:\/\/blog.zeit.de\/joerglau\/#\/schema\/person\/image\/\",\"url\":\"https:\/\/secure.gravatar.com\/avatar\/a5fe39bf4f5335b8bac36eefa0b41467221b1598bfea5f05159a0199e391eed0?s=96&d=mm&r=g\",\"contentUrl\":\"https:\/\/secure.gravatar.com\/avatar\/a5fe39bf4f5335b8bac36eefa0b41467221b1598bfea5f05159a0199e391eed0?s=96&d=mm&r=g\",\"caption\":\"J\u00f6rg Lau\"},\"url\":\"https:\/\/blog.zeit.de\/joerglau\/author\/joerg-lau\"}]}<\/script>\n<!-- \/ Yoast SEO plugin. -->","yoast_head_json":{"title":"Britische Konservative justieren gesellschaftliches Leitbild - J\u00f6rg Lau","robots":{"index":"index","follow":"follow","max-snippet":"max-snippet:-1","max-image-preview":"max-image-preview:large","max-video-preview":"max-video-preview:-1"},"canonical":"https:\/\/blog.zeit.de\/joerglau\/2007\/01\/30\/britische-konservative-justieren-gesellschaftliches-leitbild_153","og_locale":"de_DE","og_type":"article","og_title":"Britische Konservative justieren gesellschaftliches Leitbild - J\u00f6rg Lau","og_description":"Eine sehr gute Rede des neuen Vorsitzenden der britischen Konservativen, David Cameron, \u00fcber Multikulturalismus, gesellschaftlichen Zusammenhalt, Patriotismus und Extremismus. Irgendwie schafft er es, die Verwechslung der Kopftuchfrage mit der Terrorismusabwehr zu gei\u00dfeln, den falschen britischen Multikulturalismus anzuprangern, der die Gesellschaft spaltet, die Unterdr\u00fcckung muslimischer M\u00e4dchen zu kritisieren und zugleich die Anti-Moslem-Stimmung als unbritisch zu beklagen: [&hellip;]","og_url":"https:\/\/blog.zeit.de\/joerglau\/2007\/01\/30\/britische-konservative-justieren-gesellschaftliches-leitbild_153","og_site_name":"J\u00f6rg Lau","article_published_time":"2007-01-30T17:00:43+00:00","og_image":[{"url":"https:\/\/blog.zeit.de\/joerglau\/files\/2007\/01\/cameron.jpg"}],"author":"J\u00f6rg Lau","twitter_card":"summary_large_image","twitter_misc":{"Geschrieben von":"J\u00f6rg Lau","Gesch\u00e4tzte Lesezeit":"1\u00a0Minute"},"schema":{"@context":"https:\/\/schema.org","@graph":[{"@type":"WebPage","@id":"https:\/\/blog.zeit.de\/joerglau\/2007\/01\/30\/britische-konservative-justieren-gesellschaftliches-leitbild_153","url":"https:\/\/blog.zeit.de\/joerglau\/2007\/01\/30\/britische-konservative-justieren-gesellschaftliches-leitbild_153","name":"Britische Konservative justieren gesellschaftliches Leitbild - J\u00f6rg Lau","isPartOf":{"@id":"https:\/\/blog.zeit.de\/joerglau\/#website"},"datePublished":"2007-01-30T17:00:43+00:00","dateModified":"2007-01-30T17:00:43+00:00","author":{"@id":"https:\/\/blog.zeit.de\/joerglau\/#\/schema\/person\/55f0be9bfac24815791fbc852b042f57"},"breadcrumb":{"@id":"https:\/\/blog.zeit.de\/joerglau\/2007\/01\/30\/britische-konservative-justieren-gesellschaftliches-leitbild_153#breadcrumb"},"inLanguage":"de","potentialAction":[{"@type":"ReadAction","target":["https:\/\/blog.zeit.de\/joerglau\/2007\/01\/30\/britische-konservative-justieren-gesellschaftliches-leitbild_153"]}]},{"@type":"BreadcrumbList","@id":"https:\/\/blog.zeit.de\/joerglau\/2007\/01\/30\/britische-konservative-justieren-gesellschaftliches-leitbild_153#breadcrumb","itemListElement":[{"@type":"ListItem","position":1,"name":"Startseite","item":"https:\/\/blog.zeit.de\/joerglau"},{"@type":"ListItem","position":2,"name":"Britische Konservative justieren gesellschaftliches Leitbild"}]},{"@type":"WebSite","@id":"https:\/\/blog.zeit.de\/joerglau\/#website","url":"https:\/\/blog.zeit.de\/joerglau\/","name":"J\u00f6rg Lau","description":"Ein Blog \u00fcber Religion und Politik","potentialAction":[{"@type":"SearchAction","target":{"@type":"EntryPoint","urlTemplate":"https:\/\/blog.zeit.de\/joerglau\/?s={search_term_string}"},"query-input":"required name=search_term_string"}],"inLanguage":"de"},{"@type":"Person","@id":"https:\/\/blog.zeit.de\/joerglau\/#\/schema\/person\/55f0be9bfac24815791fbc852b042f57","name":"J\u00f6rg Lau","image":{"@type":"ImageObject","inLanguage":"de","@id":"https:\/\/blog.zeit.de\/joerglau\/#\/schema\/person\/image\/","url":"https:\/\/secure.gravatar.com\/avatar\/a5fe39bf4f5335b8bac36eefa0b41467221b1598bfea5f05159a0199e391eed0?s=96&d=mm&r=g","contentUrl":"https:\/\/secure.gravatar.com\/avatar\/a5fe39bf4f5335b8bac36eefa0b41467221b1598bfea5f05159a0199e391eed0?s=96&d=mm&r=g","caption":"J\u00f6rg Lau"},"url":"https:\/\/blog.zeit.de\/joerglau\/author\/joerg-lau"}]}},"jetpack_featured_media_url":"","jetpack_sharing_enabled":true,"jetpack_shortlink":"https:\/\/wp.me\/pG02W-2t","_links":{"self":[{"href":"https:\/\/blog.zeit.de\/joerglau\/wp-json\/wp\/v2\/posts\/153","targetHints":{"allow":["GET"]}}],"collection":[{"href":"https:\/\/blog.zeit.de\/joerglau\/wp-json\/wp\/v2\/posts"}],"about":[{"href":"https:\/\/blog.zeit.de\/joerglau\/wp-json\/wp\/v2\/types\/post"}],"author":[{"embeddable":true,"href":"https:\/\/blog.zeit.de\/joerglau\/wp-json\/wp\/v2\/users\/54"}],"replies":[{"embeddable":true,"href":"https:\/\/blog.zeit.de\/joerglau\/wp-json\/wp\/v2\/comments?post=153"}],"version-history":[{"count":0,"href":"https:\/\/blog.zeit.de\/joerglau\/wp-json\/wp\/v2\/posts\/153\/revisions"}],"wp:attachment":[{"href":"https:\/\/blog.zeit.de\/joerglau\/wp-json\/wp\/v2\/media?parent=153"}],"wp:term":[{"taxonomy":"category","embeddable":true,"href":"https:\/\/blog.zeit.de\/joerglau\/wp-json\/wp\/v2\/categories?post=153"},{"taxonomy":"post_tag","embeddable":true,"href":"https:\/\/blog.zeit.de\/joerglau\/wp-json\/wp\/v2\/tags?post=153"}],"curies":[{"name":"wp","href":"https:\/\/api.w.org\/{rel}","templated":true}]}}