{"id":163,"date":"2007-01-31T23:37:52","date_gmt":"2007-01-31T21:37:52","guid":{"rendered":"http:\/\/blog.zeit.de\/joerglau\/2007\/01\/31\/david-byrne-uber-unseren-angeborenen-hang-zur-gottsuche_163"},"modified":"2007-01-31T23:37:52","modified_gmt":"2007-01-31T21:37:52","slug":"david-byrne-uber-unseren-angeborenen-hang-zur-gottsuche","status":"publish","type":"post","link":"https:\/\/blog.zeit.de\/joerglau\/2007\/01\/31\/david-byrne-uber-unseren-angeborenen-hang-zur-gottsuche_163","title":{"rendered":"David Byrne \u00fcber unseren angeborenen Hang zur Gottsuche"},"content":{"rendered":"<p><img loading=\"lazy\" decoding=\"async\" width=\"388\" height=\"344\" alt=\"davidbyrne_cover.jpg\" id=\"image162\" src=\"https:\/\/blog.zeit.de\/joerglau\/files\/2007\/01\/davidbyrne_cover.jpg\" \/><\/p>\n<p>Einer der grossen Helden der Pop-Musik &#8211; und einer ihrer grossen Intellektuellen &#8211; n\u00e4mlich David Byrne (Talking Heads), schreibt ein erstaunliches <a href=\"http:\/\/journal.davidbyrne.com\/2006\/11\/112006.html\">Blog<\/a>. Ich entnehme seiner Ausgabe vom 20. November diese Stelle \u00fcber die menschliche Neigung zur Religion, die mich frappiert hat. Ich w\u00fcrde sie gerne \u00fcbersetzen, aber mir fehlt die Zeit:<br \/>\n&#8230;<\/p>\n<blockquote><p>This is why intelligent people can be religious. That\u2019s an arrogant statement \u2014 it presumes that religion and intelligence are incompatible, that anyone with any sense wouldn\u2019t believe in unproven supernatural faith-based scenarios. But of course that is not the case. I personally might believe (believe!) that many religious beliefs are irrational and verge on lunacy \u2014 but I can both see their efficacy \u2014 their attraction and usefulness \u2014 and sense their beauty. One does not have to be a Catholic to stand in awe of the Sistine Chapel ceiling; be Muslim to hear the lure of the soulful cry of the muezzin and sense the power of the mass dance of the faithful in prayer; be Hindu or Jewish to read and enjoy a text that is often chock full of amazing and surprising metaphors and analogies. These dances, music, images, metaphors are, I sense, deep-rooted \u2014 they are like the neural propensities for grammatical structures that Chomsky goes on about \u2014 and are therefore similarly genetically inheritable. The dance that is religion has evolved within us, to be released and expressed in a thousand different forms, none of which make logical sense, and all of which, if looked at literally, require a large helping of denial. God is in the wiring, bequeathed by the genes.<\/p>\n<p>To me, this is why the current (tiny) wave of atheism \u2014 the recent books by Dawkins, Dennett and Harris, for example \u2014 are also in denial. They deny that this propensity for people to believe is innate. Yes, they admit that religion offers many comforts and assurances, security and community \u2014 very attractive and seductive \u2014 but they stop short at admitting that we are genetically predisposed to believe, that it is in our very nature, a part of what it means to be human. Maybe an illogical part, but that all our innate evolved characteristics are not practical forever (context changes, the world changes) or even rational, from some points of view (does the peacock\u2019s tail have to be THAT big? Isn\u2019t all that just a wee bit of a wasteful allocation of resources?)<\/p>\n<p>Rationalism can never win on pure sense and logic alone. Granted, religions are regularly used to justify horrors and despicable behavior, throughout history and this will never change \u2014 and rational thinking tells us these kinds of beliefs need to be wiped out \u2014 judged from the POV of the society or world at large at least these religiously justified behaviors are simply evil, counter to the survival of the species and commonly accepted morals \u2014 and in those cases maybe yes, religion needs to be smacked down. But what if the benign effects of religion are intimately tied to the dark side? What if you can\u2019t have the good without the bad? What if the shared sense of community, for example, is tied to the belief that God has given this community a personal mandate, a moral rightness above all others? Is it even possible to mold and deconstruct the religious impulse so that only the socially and personally beneficial effects result?<\/p><\/blockquote>\n","protected":false},"excerpt":{"rendered":"<p>Einer der grossen Helden der Pop-Musik &#8211; und einer ihrer grossen Intellektuellen &#8211; n\u00e4mlich David Byrne (Talking Heads), schreibt ein erstaunliches Blog. Ich entnehme seiner Ausgabe vom 20. November diese Stelle \u00fcber die menschliche Neigung zur Religion, die mich frappiert hat. Ich w\u00fcrde sie gerne \u00fcbersetzen, aber mir fehlt die Zeit: &#8230; This is why [&hellip;]<\/p>\n","protected":false},"author":54,"featured_media":0,"comment_status":"open","ping_status":"closed","sticky":false,"template":"","format":"standard","meta":{"jetpack_post_was_ever_published":false,"footnotes":""},"categories":[175],"tags":[],"class_list":["post-163","post","type-post","status-publish","format-standard","hentry","category-religionen-und-rituale"],"yoast_head":"<!-- This site is optimized with the Yoast SEO plugin v21.0 - https:\/\/yoast.com\/wordpress\/plugins\/seo\/ -->\n<title>David Byrne \u00fcber unseren angeborenen Hang zur Gottsuche - J\u00f6rg Lau<\/title>\n<meta name=\"robots\" content=\"index, follow, max-snippet:-1, max-image-preview:large, max-video-preview:-1\" \/>\n<link rel=\"canonical\" href=\"https:\/\/blog.zeit.de\/joerglau\/2007\/01\/31\/david-byrne-uber-unseren-angeborenen-hang-zur-gottsuche_163\" \/>\n<meta property=\"og:locale\" content=\"de_DE\" \/>\n<meta property=\"og:type\" content=\"article\" \/>\n<meta property=\"og:title\" content=\"David Byrne \u00fcber unseren angeborenen Hang zur Gottsuche - J\u00f6rg Lau\" \/>\n<meta property=\"og:description\" content=\"Einer der grossen Helden der Pop-Musik &#8211; und einer ihrer grossen Intellektuellen &#8211; n\u00e4mlich David Byrne (Talking Heads), schreibt ein erstaunliches Blog. Ich entnehme seiner Ausgabe vom 20. November diese Stelle \u00fcber die menschliche Neigung zur Religion, die mich frappiert hat. Ich w\u00fcrde sie gerne \u00fcbersetzen, aber mir fehlt die Zeit: &#8230; This is why [&hellip;]\" \/>\n<meta property=\"og:url\" content=\"https:\/\/blog.zeit.de\/joerglau\/2007\/01\/31\/david-byrne-uber-unseren-angeborenen-hang-zur-gottsuche_163\" \/>\n<meta property=\"og:site_name\" content=\"J\u00f6rg Lau\" \/>\n<meta property=\"article:published_time\" content=\"2007-01-31T21:37:52+00:00\" \/>\n<meta property=\"og:image\" content=\"https:\/\/blog.zeit.de\/joerglau\/files\/2007\/01\/davidbyrne_cover.jpg\" \/>\n<meta name=\"author\" content=\"J\u00f6rg Lau\" \/>\n<meta name=\"twitter:card\" content=\"summary_large_image\" \/>\n<meta name=\"twitter:label1\" content=\"Geschrieben von\" \/>\n\t<meta name=\"twitter:data1\" content=\"J\u00f6rg Lau\" \/>\n\t<meta name=\"twitter:label2\" content=\"Gesch\u00e4tzte Lesezeit\" \/>\n\t<meta name=\"twitter:data2\" content=\"3\u00a0Minuten\" \/>\n<script type=\"application\/ld+json\" class=\"yoast-schema-graph\">{\"@context\":\"https:\/\/schema.org\",\"@graph\":[{\"@type\":\"WebPage\",\"@id\":\"https:\/\/blog.zeit.de\/joerglau\/2007\/01\/31\/david-byrne-uber-unseren-angeborenen-hang-zur-gottsuche_163\",\"url\":\"https:\/\/blog.zeit.de\/joerglau\/2007\/01\/31\/david-byrne-uber-unseren-angeborenen-hang-zur-gottsuche_163\",\"name\":\"David Byrne \u00fcber unseren angeborenen Hang zur Gottsuche - J\u00f6rg Lau\",\"isPartOf\":{\"@id\":\"https:\/\/blog.zeit.de\/joerglau\/#website\"},\"datePublished\":\"2007-01-31T21:37:52+00:00\",\"dateModified\":\"2007-01-31T21:37:52+00:00\",\"author\":{\"@id\":\"https:\/\/blog.zeit.de\/joerglau\/#\/schema\/person\/55f0be9bfac24815791fbc852b042f57\"},\"breadcrumb\":{\"@id\":\"https:\/\/blog.zeit.de\/joerglau\/2007\/01\/31\/david-byrne-uber-unseren-angeborenen-hang-zur-gottsuche_163#breadcrumb\"},\"inLanguage\":\"de\",\"potentialAction\":[{\"@type\":\"ReadAction\",\"target\":[\"https:\/\/blog.zeit.de\/joerglau\/2007\/01\/31\/david-byrne-uber-unseren-angeborenen-hang-zur-gottsuche_163\"]}]},{\"@type\":\"BreadcrumbList\",\"@id\":\"https:\/\/blog.zeit.de\/joerglau\/2007\/01\/31\/david-byrne-uber-unseren-angeborenen-hang-zur-gottsuche_163#breadcrumb\",\"itemListElement\":[{\"@type\":\"ListItem\",\"position\":1,\"name\":\"Startseite\",\"item\":\"https:\/\/blog.zeit.de\/joerglau\"},{\"@type\":\"ListItem\",\"position\":2,\"name\":\"David Byrne \u00fcber unseren angeborenen Hang zur Gottsuche\"}]},{\"@type\":\"WebSite\",\"@id\":\"https:\/\/blog.zeit.de\/joerglau\/#website\",\"url\":\"https:\/\/blog.zeit.de\/joerglau\/\",\"name\":\"J\u00f6rg Lau\",\"description\":\"Ein Blog \u00fcber Religion und Politik\",\"potentialAction\":[{\"@type\":\"SearchAction\",\"target\":{\"@type\":\"EntryPoint\",\"urlTemplate\":\"https:\/\/blog.zeit.de\/joerglau\/?s={search_term_string}\"},\"query-input\":\"required name=search_term_string\"}],\"inLanguage\":\"de\"},{\"@type\":\"Person\",\"@id\":\"https:\/\/blog.zeit.de\/joerglau\/#\/schema\/person\/55f0be9bfac24815791fbc852b042f57\",\"name\":\"J\u00f6rg Lau\",\"image\":{\"@type\":\"ImageObject\",\"inLanguage\":\"de\",\"@id\":\"https:\/\/blog.zeit.de\/joerglau\/#\/schema\/person\/image\/\",\"url\":\"https:\/\/secure.gravatar.com\/avatar\/a5fe39bf4f5335b8bac36eefa0b41467221b1598bfea5f05159a0199e391eed0?s=96&d=mm&r=g\",\"contentUrl\":\"https:\/\/secure.gravatar.com\/avatar\/a5fe39bf4f5335b8bac36eefa0b41467221b1598bfea5f05159a0199e391eed0?s=96&d=mm&r=g\",\"caption\":\"J\u00f6rg Lau\"},\"url\":\"https:\/\/blog.zeit.de\/joerglau\/author\/joerg-lau\"}]}<\/script>\n<!-- \/ Yoast SEO plugin. -->","yoast_head_json":{"title":"David Byrne \u00fcber unseren angeborenen Hang zur Gottsuche - J\u00f6rg Lau","robots":{"index":"index","follow":"follow","max-snippet":"max-snippet:-1","max-image-preview":"max-image-preview:large","max-video-preview":"max-video-preview:-1"},"canonical":"https:\/\/blog.zeit.de\/joerglau\/2007\/01\/31\/david-byrne-uber-unseren-angeborenen-hang-zur-gottsuche_163","og_locale":"de_DE","og_type":"article","og_title":"David Byrne \u00fcber unseren angeborenen Hang zur Gottsuche - J\u00f6rg Lau","og_description":"Einer der grossen Helden der Pop-Musik &#8211; und einer ihrer grossen Intellektuellen &#8211; n\u00e4mlich David Byrne (Talking Heads), schreibt ein erstaunliches Blog. Ich entnehme seiner Ausgabe vom 20. November diese Stelle \u00fcber die menschliche Neigung zur Religion, die mich frappiert hat. Ich w\u00fcrde sie gerne \u00fcbersetzen, aber mir fehlt die Zeit: &#8230; This is why [&hellip;]","og_url":"https:\/\/blog.zeit.de\/joerglau\/2007\/01\/31\/david-byrne-uber-unseren-angeborenen-hang-zur-gottsuche_163","og_site_name":"J\u00f6rg Lau","article_published_time":"2007-01-31T21:37:52+00:00","og_image":[{"url":"https:\/\/blog.zeit.de\/joerglau\/files\/2007\/01\/davidbyrne_cover.jpg"}],"author":"J\u00f6rg Lau","twitter_card":"summary_large_image","twitter_misc":{"Geschrieben von":"J\u00f6rg Lau","Gesch\u00e4tzte Lesezeit":"3\u00a0Minuten"},"schema":{"@context":"https:\/\/schema.org","@graph":[{"@type":"WebPage","@id":"https:\/\/blog.zeit.de\/joerglau\/2007\/01\/31\/david-byrne-uber-unseren-angeborenen-hang-zur-gottsuche_163","url":"https:\/\/blog.zeit.de\/joerglau\/2007\/01\/31\/david-byrne-uber-unseren-angeborenen-hang-zur-gottsuche_163","name":"David Byrne \u00fcber unseren angeborenen Hang zur Gottsuche - J\u00f6rg Lau","isPartOf":{"@id":"https:\/\/blog.zeit.de\/joerglau\/#website"},"datePublished":"2007-01-31T21:37:52+00:00","dateModified":"2007-01-31T21:37:52+00:00","author":{"@id":"https:\/\/blog.zeit.de\/joerglau\/#\/schema\/person\/55f0be9bfac24815791fbc852b042f57"},"breadcrumb":{"@id":"https:\/\/blog.zeit.de\/joerglau\/2007\/01\/31\/david-byrne-uber-unseren-angeborenen-hang-zur-gottsuche_163#breadcrumb"},"inLanguage":"de","potentialAction":[{"@type":"ReadAction","target":["https:\/\/blog.zeit.de\/joerglau\/2007\/01\/31\/david-byrne-uber-unseren-angeborenen-hang-zur-gottsuche_163"]}]},{"@type":"BreadcrumbList","@id":"https:\/\/blog.zeit.de\/joerglau\/2007\/01\/31\/david-byrne-uber-unseren-angeborenen-hang-zur-gottsuche_163#breadcrumb","itemListElement":[{"@type":"ListItem","position":1,"name":"Startseite","item":"https:\/\/blog.zeit.de\/joerglau"},{"@type":"ListItem","position":2,"name":"David Byrne \u00fcber unseren angeborenen Hang zur Gottsuche"}]},{"@type":"WebSite","@id":"https:\/\/blog.zeit.de\/joerglau\/#website","url":"https:\/\/blog.zeit.de\/joerglau\/","name":"J\u00f6rg Lau","description":"Ein Blog \u00fcber Religion und Politik","potentialAction":[{"@type":"SearchAction","target":{"@type":"EntryPoint","urlTemplate":"https:\/\/blog.zeit.de\/joerglau\/?s={search_term_string}"},"query-input":"required name=search_term_string"}],"inLanguage":"de"},{"@type":"Person","@id":"https:\/\/blog.zeit.de\/joerglau\/#\/schema\/person\/55f0be9bfac24815791fbc852b042f57","name":"J\u00f6rg Lau","image":{"@type":"ImageObject","inLanguage":"de","@id":"https:\/\/blog.zeit.de\/joerglau\/#\/schema\/person\/image\/","url":"https:\/\/secure.gravatar.com\/avatar\/a5fe39bf4f5335b8bac36eefa0b41467221b1598bfea5f05159a0199e391eed0?s=96&d=mm&r=g","contentUrl":"https:\/\/secure.gravatar.com\/avatar\/a5fe39bf4f5335b8bac36eefa0b41467221b1598bfea5f05159a0199e391eed0?s=96&d=mm&r=g","caption":"J\u00f6rg Lau"},"url":"https:\/\/blog.zeit.de\/joerglau\/author\/joerg-lau"}]}},"jetpack_featured_media_url":"","jetpack_sharing_enabled":true,"jetpack_shortlink":"https:\/\/wp.me\/pG02W-2D","_links":{"self":[{"href":"https:\/\/blog.zeit.de\/joerglau\/wp-json\/wp\/v2\/posts\/163","targetHints":{"allow":["GET"]}}],"collection":[{"href":"https:\/\/blog.zeit.de\/joerglau\/wp-json\/wp\/v2\/posts"}],"about":[{"href":"https:\/\/blog.zeit.de\/joerglau\/wp-json\/wp\/v2\/types\/post"}],"author":[{"embeddable":true,"href":"https:\/\/blog.zeit.de\/joerglau\/wp-json\/wp\/v2\/users\/54"}],"replies":[{"embeddable":true,"href":"https:\/\/blog.zeit.de\/joerglau\/wp-json\/wp\/v2\/comments?post=163"}],"version-history":[{"count":0,"href":"https:\/\/blog.zeit.de\/joerglau\/wp-json\/wp\/v2\/posts\/163\/revisions"}],"wp:attachment":[{"href":"https:\/\/blog.zeit.de\/joerglau\/wp-json\/wp\/v2\/media?parent=163"}],"wp:term":[{"taxonomy":"category","embeddable":true,"href":"https:\/\/blog.zeit.de\/joerglau\/wp-json\/wp\/v2\/categories?post=163"},{"taxonomy":"post_tag","embeddable":true,"href":"https:\/\/blog.zeit.de\/joerglau\/wp-json\/wp\/v2\/tags?post=163"}],"curies":[{"name":"wp","href":"https:\/\/api.w.org\/{rel}","templated":true}]}}