{"id":1690,"date":"2008-11-26T23:11:51","date_gmt":"2008-11-26T21:11:51","guid":{"rendered":"http:\/\/blog.zeit.de\/joerglau\/?p=1690"},"modified":"2008-11-26T23:11:51","modified_gmt":"2008-11-26T21:11:51","slug":"al-zawahiri-spaltet-muslime","status":"publish","type":"post","link":"https:\/\/blog.zeit.de\/joerglau\/2008\/11\/26\/al-zawahiri-spaltet-muslime_1690","title":{"rendered":"Al-Zawahiri spaltet Muslime"},"content":{"rendered":"<p>Lustig: Nachdem Al-Zawahiris Attacka auf Obama als &#8222;Haus-Sklaven&#8220; international verurteilt wurde, beschweren sich Al-Kaida-Unterst\u00fctzer auf den Dschihadi-Foren \u00fcber die &#8222;unfaire Berichterstattung&#8220;, die zu sehr pro-Obama sei. Auf den Websites des Netzwerks ist offenbar eine Debatte im Gange \u00fcber diesen Propaganda-Fehlschlag der Al-Kaida Nummer 2.<\/p>\n<p>Und ausserdem hat dessen Inanspruchnahme von Malcolm X als &#8222;wahrem Muslim&#8220; \u00a0die amerikanischen Muslime aufgeweckt, die sich dagegen verwahren, ihre Ikone so missbraucht zu sehen. Woraufhin nun Al-Kaida zur\u00fcckpolemisiert, nicht alle amerikanischen Muslime seien Verr\u00e4ter, man denke nur an <a href=\"https:\/\/blog.zeit.de\/joerglau\/index.php?s=adam+gadahn\">Adam Gadahn<\/a> (den verr\u00fcckten Konvertiten, der hier schon \u00f6fter Thema war).\u00a0<\/p>\n<p>Es wird eng f\u00fcr Al-Kaida an der Propagandafront.<\/p>\n<p>Hier der Bericht aus dem <a href=\"http:\/\/counterterrorismblog.org\/2008\/11\/frustrated_claims_of_proobama.php\">Counterterrorism Blog:<\/a><\/p>\n<p><em>Global reactions to Dr. Ayman al-Zawahiri&#8217;s controversial condemnation of U.S. President-Elect Barack Obama as a &#8222;House Slave&#8220; (or, alternatively, &#8222;House Negro&#8220;) have begun to pour in &#8212; including via the top jihad web forums used by Al-Qaida to disseminate its propaganda. Though hardcore Al-Qaida supporters have predictably dismissed any criticism of Dr. al-Zawahiri and are fiercely backing his choice of words, there is a rather ironic (if not entirely unfamiliar) twist to this issue. After observing international press reporting on the incident, these same supporters are now bitterly attacking the media for its &#8222;unfair&#8220; pro-Obama bias and for deliberately &#8222;confusing&#8220; the meaning of al-Zawahiri&#8217;s message.<\/em><\/p>\n<p><em>In related news, Zawahiri&#8217;s audio statement also appears to have created a palpable, tense confrontation between Al-Qaida and a significant cross-section of African-American Muslims. Several U.S.-based Muslim organizations immediately held press conferences or issued statements to strongly criticize al-Zawahiri and his manipulation of the words of the late Malcolm X. Conversely, these conferences and statements of response have not gone over well within the jihadi community, with some Arabic-speaking commentators issuing angry rants about the apparent treachery of American Muslims, including specifically the Council on American-Islamic Relations (CAIR). One Al-Qaida supporter cautioned his quarrelsome online colleagues, &#8222;Brothers, this does not apply to all American Muslims. Do not forget our brother [Adam] Yehiye Gadahn, a naturalized Muslim and U.S. citizen.&#8220;<\/em><\/p>\n","protected":false},"excerpt":{"rendered":"<p>Lustig: Nachdem Al-Zawahiris Attacka auf Obama als &#8222;Haus-Sklaven&#8220; international verurteilt wurde, beschweren sich Al-Kaida-Unterst\u00fctzer auf den Dschihadi-Foren \u00fcber die &#8222;unfaire Berichterstattung&#8220;, die zu sehr pro-Obama sei. Auf den Websites des Netzwerks ist offenbar eine Debatte im Gange \u00fcber diesen Propaganda-Fehlschlag der Al-Kaida Nummer 2. Und ausserdem hat dessen Inanspruchnahme von Malcolm X als &#8222;wahrem Muslim&#8220; [&hellip;]<\/p>\n","protected":false},"author":54,"featured_media":0,"comment_status":"open","ping_status":"closed","sticky":false,"template":"","format":"standard","meta":{"jetpack_post_was_ever_published":false,"footnotes":""},"categories":[157,167],"tags":[],"class_list":["post-1690","post","type-post","status-publish","format-standard","hentry","category-die-freunde-und-die-feinde-des-islams","category-islamismus-und-terror"],"yoast_head":"<!-- This site is optimized with the Yoast SEO plugin v21.0 - https:\/\/yoast.com\/wordpress\/plugins\/seo\/ -->\n<title>Al-Zawahiri spaltet Muslime - J\u00f6rg Lau<\/title>\n<meta name=\"robots\" content=\"index, follow, max-snippet:-1, max-image-preview:large, max-video-preview:-1\" \/>\n<link rel=\"canonical\" href=\"https:\/\/blog.zeit.de\/joerglau\/2008\/11\/26\/al-zawahiri-spaltet-muslime_1690\" \/>\n<meta property=\"og:locale\" content=\"de_DE\" \/>\n<meta property=\"og:type\" content=\"article\" \/>\n<meta property=\"og:title\" content=\"Al-Zawahiri spaltet Muslime - J\u00f6rg Lau\" \/>\n<meta property=\"og:description\" content=\"Lustig: Nachdem Al-Zawahiris Attacka auf Obama als &#8222;Haus-Sklaven&#8220; international verurteilt wurde, beschweren sich Al-Kaida-Unterst\u00fctzer auf den Dschihadi-Foren \u00fcber die &#8222;unfaire Berichterstattung&#8220;, die zu sehr pro-Obama sei. Auf den Websites des Netzwerks ist offenbar eine Debatte im Gange \u00fcber diesen Propaganda-Fehlschlag der Al-Kaida Nummer 2. Und ausserdem hat dessen Inanspruchnahme von Malcolm X als &#8222;wahrem Muslim&#8220; [&hellip;]\" \/>\n<meta property=\"og:url\" content=\"https:\/\/blog.zeit.de\/joerglau\/2008\/11\/26\/al-zawahiri-spaltet-muslime_1690\" \/>\n<meta property=\"og:site_name\" content=\"J\u00f6rg Lau\" \/>\n<meta property=\"article:published_time\" content=\"2008-11-26T21:11:51+00:00\" \/>\n<meta name=\"author\" content=\"J\u00f6rg Lau\" \/>\n<meta name=\"twitter:card\" content=\"summary_large_image\" \/>\n<meta name=\"twitter:label1\" content=\"Geschrieben von\" \/>\n\t<meta name=\"twitter:data1\" content=\"J\u00f6rg Lau\" \/>\n\t<meta name=\"twitter:label2\" content=\"Gesch\u00e4tzte Lesezeit\" \/>\n\t<meta name=\"twitter:data2\" content=\"2\u00a0Minuten\" \/>\n<script type=\"application\/ld+json\" class=\"yoast-schema-graph\">{\"@context\":\"https:\/\/schema.org\",\"@graph\":[{\"@type\":\"WebPage\",\"@id\":\"https:\/\/blog.zeit.de\/joerglau\/2008\/11\/26\/al-zawahiri-spaltet-muslime_1690\",\"url\":\"https:\/\/blog.zeit.de\/joerglau\/2008\/11\/26\/al-zawahiri-spaltet-muslime_1690\",\"name\":\"Al-Zawahiri spaltet Muslime - J\u00f6rg Lau\",\"isPartOf\":{\"@id\":\"https:\/\/blog.zeit.de\/joerglau\/#website\"},\"datePublished\":\"2008-11-26T21:11:51+00:00\",\"dateModified\":\"2008-11-26T21:11:51+00:00\",\"author\":{\"@id\":\"https:\/\/blog.zeit.de\/joerglau\/#\/schema\/person\/55f0be9bfac24815791fbc852b042f57\"},\"breadcrumb\":{\"@id\":\"https:\/\/blog.zeit.de\/joerglau\/2008\/11\/26\/al-zawahiri-spaltet-muslime_1690#breadcrumb\"},\"inLanguage\":\"de\",\"potentialAction\":[{\"@type\":\"ReadAction\",\"target\":[\"https:\/\/blog.zeit.de\/joerglau\/2008\/11\/26\/al-zawahiri-spaltet-muslime_1690\"]}]},{\"@type\":\"BreadcrumbList\",\"@id\":\"https:\/\/blog.zeit.de\/joerglau\/2008\/11\/26\/al-zawahiri-spaltet-muslime_1690#breadcrumb\",\"itemListElement\":[{\"@type\":\"ListItem\",\"position\":1,\"name\":\"Startseite\",\"item\":\"https:\/\/blog.zeit.de\/joerglau\"},{\"@type\":\"ListItem\",\"position\":2,\"name\":\"Al-Zawahiri spaltet Muslime\"}]},{\"@type\":\"WebSite\",\"@id\":\"https:\/\/blog.zeit.de\/joerglau\/#website\",\"url\":\"https:\/\/blog.zeit.de\/joerglau\/\",\"name\":\"J\u00f6rg Lau\",\"description\":\"Ein Blog \u00fcber Religion und Politik\",\"potentialAction\":[{\"@type\":\"SearchAction\",\"target\":{\"@type\":\"EntryPoint\",\"urlTemplate\":\"https:\/\/blog.zeit.de\/joerglau\/?s={search_term_string}\"},\"query-input\":\"required name=search_term_string\"}],\"inLanguage\":\"de\"},{\"@type\":\"Person\",\"@id\":\"https:\/\/blog.zeit.de\/joerglau\/#\/schema\/person\/55f0be9bfac24815791fbc852b042f57\",\"name\":\"J\u00f6rg Lau\",\"image\":{\"@type\":\"ImageObject\",\"inLanguage\":\"de\",\"@id\":\"https:\/\/blog.zeit.de\/joerglau\/#\/schema\/person\/image\/\",\"url\":\"https:\/\/secure.gravatar.com\/avatar\/a5fe39bf4f5335b8bac36eefa0b41467221b1598bfea5f05159a0199e391eed0?s=96&d=mm&r=g\",\"contentUrl\":\"https:\/\/secure.gravatar.com\/avatar\/a5fe39bf4f5335b8bac36eefa0b41467221b1598bfea5f05159a0199e391eed0?s=96&d=mm&r=g\",\"caption\":\"J\u00f6rg Lau\"},\"url\":\"https:\/\/blog.zeit.de\/joerglau\/author\/joerg-lau\"}]}<\/script>\n<!-- \/ Yoast SEO plugin. -->","yoast_head_json":{"title":"Al-Zawahiri spaltet Muslime - J\u00f6rg Lau","robots":{"index":"index","follow":"follow","max-snippet":"max-snippet:-1","max-image-preview":"max-image-preview:large","max-video-preview":"max-video-preview:-1"},"canonical":"https:\/\/blog.zeit.de\/joerglau\/2008\/11\/26\/al-zawahiri-spaltet-muslime_1690","og_locale":"de_DE","og_type":"article","og_title":"Al-Zawahiri spaltet Muslime - J\u00f6rg Lau","og_description":"Lustig: Nachdem Al-Zawahiris Attacka auf Obama als &#8222;Haus-Sklaven&#8220; international verurteilt wurde, beschweren sich Al-Kaida-Unterst\u00fctzer auf den Dschihadi-Foren \u00fcber die &#8222;unfaire Berichterstattung&#8220;, die zu sehr pro-Obama sei. Auf den Websites des Netzwerks ist offenbar eine Debatte im Gange \u00fcber diesen Propaganda-Fehlschlag der Al-Kaida Nummer 2. Und ausserdem hat dessen Inanspruchnahme von Malcolm X als &#8222;wahrem Muslim&#8220; [&hellip;]","og_url":"https:\/\/blog.zeit.de\/joerglau\/2008\/11\/26\/al-zawahiri-spaltet-muslime_1690","og_site_name":"J\u00f6rg Lau","article_published_time":"2008-11-26T21:11:51+00:00","author":"J\u00f6rg Lau","twitter_card":"summary_large_image","twitter_misc":{"Geschrieben von":"J\u00f6rg Lau","Gesch\u00e4tzte Lesezeit":"2\u00a0Minuten"},"schema":{"@context":"https:\/\/schema.org","@graph":[{"@type":"WebPage","@id":"https:\/\/blog.zeit.de\/joerglau\/2008\/11\/26\/al-zawahiri-spaltet-muslime_1690","url":"https:\/\/blog.zeit.de\/joerglau\/2008\/11\/26\/al-zawahiri-spaltet-muslime_1690","name":"Al-Zawahiri spaltet Muslime - J\u00f6rg Lau","isPartOf":{"@id":"https:\/\/blog.zeit.de\/joerglau\/#website"},"datePublished":"2008-11-26T21:11:51+00:00","dateModified":"2008-11-26T21:11:51+00:00","author":{"@id":"https:\/\/blog.zeit.de\/joerglau\/#\/schema\/person\/55f0be9bfac24815791fbc852b042f57"},"breadcrumb":{"@id":"https:\/\/blog.zeit.de\/joerglau\/2008\/11\/26\/al-zawahiri-spaltet-muslime_1690#breadcrumb"},"inLanguage":"de","potentialAction":[{"@type":"ReadAction","target":["https:\/\/blog.zeit.de\/joerglau\/2008\/11\/26\/al-zawahiri-spaltet-muslime_1690"]}]},{"@type":"BreadcrumbList","@id":"https:\/\/blog.zeit.de\/joerglau\/2008\/11\/26\/al-zawahiri-spaltet-muslime_1690#breadcrumb","itemListElement":[{"@type":"ListItem","position":1,"name":"Startseite","item":"https:\/\/blog.zeit.de\/joerglau"},{"@type":"ListItem","position":2,"name":"Al-Zawahiri spaltet Muslime"}]},{"@type":"WebSite","@id":"https:\/\/blog.zeit.de\/joerglau\/#website","url":"https:\/\/blog.zeit.de\/joerglau\/","name":"J\u00f6rg Lau","description":"Ein Blog \u00fcber Religion und Politik","potentialAction":[{"@type":"SearchAction","target":{"@type":"EntryPoint","urlTemplate":"https:\/\/blog.zeit.de\/joerglau\/?s={search_term_string}"},"query-input":"required name=search_term_string"}],"inLanguage":"de"},{"@type":"Person","@id":"https:\/\/blog.zeit.de\/joerglau\/#\/schema\/person\/55f0be9bfac24815791fbc852b042f57","name":"J\u00f6rg Lau","image":{"@type":"ImageObject","inLanguage":"de","@id":"https:\/\/blog.zeit.de\/joerglau\/#\/schema\/person\/image\/","url":"https:\/\/secure.gravatar.com\/avatar\/a5fe39bf4f5335b8bac36eefa0b41467221b1598bfea5f05159a0199e391eed0?s=96&d=mm&r=g","contentUrl":"https:\/\/secure.gravatar.com\/avatar\/a5fe39bf4f5335b8bac36eefa0b41467221b1598bfea5f05159a0199e391eed0?s=96&d=mm&r=g","caption":"J\u00f6rg Lau"},"url":"https:\/\/blog.zeit.de\/joerglau\/author\/joerg-lau"}]}},"jetpack_featured_media_url":"","jetpack_sharing_enabled":true,"jetpack_shortlink":"https:\/\/wp.me\/pG02W-rg","_links":{"self":[{"href":"https:\/\/blog.zeit.de\/joerglau\/wp-json\/wp\/v2\/posts\/1690","targetHints":{"allow":["GET"]}}],"collection":[{"href":"https:\/\/blog.zeit.de\/joerglau\/wp-json\/wp\/v2\/posts"}],"about":[{"href":"https:\/\/blog.zeit.de\/joerglau\/wp-json\/wp\/v2\/types\/post"}],"author":[{"embeddable":true,"href":"https:\/\/blog.zeit.de\/joerglau\/wp-json\/wp\/v2\/users\/54"}],"replies":[{"embeddable":true,"href":"https:\/\/blog.zeit.de\/joerglau\/wp-json\/wp\/v2\/comments?post=1690"}],"version-history":[{"count":0,"href":"https:\/\/blog.zeit.de\/joerglau\/wp-json\/wp\/v2\/posts\/1690\/revisions"}],"wp:attachment":[{"href":"https:\/\/blog.zeit.de\/joerglau\/wp-json\/wp\/v2\/media?parent=1690"}],"wp:term":[{"taxonomy":"category","embeddable":true,"href":"https:\/\/blog.zeit.de\/joerglau\/wp-json\/wp\/v2\/categories?post=1690"},{"taxonomy":"post_tag","embeddable":true,"href":"https:\/\/blog.zeit.de\/joerglau\/wp-json\/wp\/v2\/tags?post=1690"}],"curies":[{"name":"wp","href":"https:\/\/api.w.org\/{rel}","templated":true}]}}