{"id":1715,"date":"2008-11-30T21:26:10","date_gmt":"2008-11-30T19:26:10","guid":{"rendered":"http:\/\/blog.zeit.de\/joerglau\/?p=1715"},"modified":"2008-11-30T21:26:10","modified_gmt":"2008-11-30T19:26:10","slug":"der-attentater-von-mumbai-gesteht","status":"publish","type":"post","link":"https:\/\/blog.zeit.de\/joerglau\/2008\/11\/30\/der-attentater-von-mumbai-gesteht_1715","title":{"rendered":"Der Attent\u00e4ter von Mumbai gesteht"},"content":{"rendered":"<p>Nach einem Bericht der <a href=\"http:\/\/www.dailymail.co.uk\/news\/article-1090546\/I-told-kill-breath-Captured-terrorists-account-Mumbai-massacre-reveals-plan-kill-5-000.html#\">Dail Mail<\/a> hat der einzige \u00dcberlebende Attent\u00e4ter von Mumbai zugegeben, der <a href=\"https:\/\/blog.zeit.de\/joerglau\/2008\/11\/28\/wer-steckt-hinter-den-anschlagen-in-mumbai_1697\">Lashkar-e-Taiba<\/a> anzugeh\u00f6ren, einer Terrorgruppe aus dem pakistanisch kontrollierten Teil Kaschmirs<em>.\u00a0<\/em><\/p>\n<p><img loading=\"lazy\" decoding=\"async\" class=\"alignnone size-medium wp-image-1717\" title=\"azam-amir-kazab\" src=\"http:\/\/altesblog.zeit.de\/joerglau\/wp-content\/uploads\/2008\/11\/azam-amir-kazab-300x191.jpg\" alt=\"\" width=\"300\" height=\"191\" srcset=\"https:\/\/blog.zeit.de\/joerglau\/files\/2008\/11\/azam-amir-kazab-300x191.jpg 300w, https:\/\/blog.zeit.de\/joerglau\/files\/2008\/11\/azam-amir-kazab.jpg 419w\" sizes=\"auto, (max-width: 300px) 100vw, 300px\" \/><\/p>\n<p><em>Azam Amir Kasab, 21 Jahre<\/em><\/p>\n<p>Die Gruppe sei von den Hinterm\u00e4nnern aufgefordert worden, &#8222;Wei\u00dfe anzugreifen, bevorzugt Amerikaner und Briten&#8220;. Der urspr\u00fcngliche Plan sei gewesen, 5000 Menschen zu t\u00f6ten.<\/p>\n<p>Einige der T\u00e4ter, unter ihnen auch Azam Amir Kasab, der \u00dcberlebende, seien vor einem Monat in Mumbai gewesen, wo sie sich als Studenten ausgegeben h\u00e4tten, um das Gel\u00e4nde f\u00fcr ihre Aktion auszuchecken und die Angriffsziele zu filmen.<\/p>\n<p>Teil des Plans sei es auch gewesen, in der Prominenten-Gegend Malabar Hill VIP&#8217;s als Geiseln zu nehmen.\u00a0<\/p>\n<p>Kasab habe zugegeben, dass sein Kommando in Pakistan (Kaschmirregion) trainiert worden sei. Das Training habe \u00fcber 5 Monate gedauert.<\/p>\n<p>Die Terroristen haben \u00fcber Blackberrys miteinander kommuniziert.<\/p>\n<p>Schon am 21. November sollen sie aus der N\u00e4he von Karatschi in Pakistan aufgebrochen sein.<\/p>\n<p>Unterwegs wurden sie von einem gr\u00f6\u00dferen Schiff mit einem Arsenal von Waffen versorgt, darunter Kalaschnikoffs und acht Handgranaten f\u00fcr jeden Angreifer.\u00a0<\/p>\n<p>Sie entf\u00fchrten eine Fisch-Kutter und t\u00f6teten die f\u00fcnfk\u00f6pfige Besatzung. Einer der M\u00e4nner w\u00fcrde enthauptet aufgefunden.<\/p>\n<p>Am 23. November wurden sie von der K\u00fcstenwache aufgegriffen, aber es gelang ihnen offenber, die beiden Beamten zu \u00fcberw\u00e4ltigen und einen sofort zu t\u00f6ten, \u00a0den anderen zun\u00e4chst zur Mithilfe zu erpressen und dann zu erschiessen, kurz bevor sie Mumbai erreichten.<\/p>\n<p>(Was dann folgte, <a href=\"http:\/\/www.dailymail.co.uk\/news\/article-1090546\/I-told-kill-breath-Captured-terrorists-account-Mumbai-massacre-reveals-plan-kill-5-000.html#\">hier<\/a>.)<\/p>\n<p><em>&#8222;\u2018<strong>I have done right,\u2019 he told investigators. \u2018I have no regrets.<\/strong>\u2019<\/em><\/p>\n<div class=\"thinFloatRHS\">\n<p class=\"imageCaption\"><em>One police source said: \u2018He [Kasab] was telling our people this in a most dispassionate way and responded to the horror their faces betrayed by shrugging his shoulders, <strong>as if it was all of no real consequence<\/strong>.\u2019<br \/>\n<\/em><\/p>\n<\/div>\n<p><em>Sources said tests on Kamal\u2019s blood and urine showed he was under the influence of drugs to help keep him alert during the long battles with Indian security forces.&#8220;<\/em><\/p>\n","protected":false},"excerpt":{"rendered":"<p>Nach einem Bericht der Dail Mail hat der einzige \u00dcberlebende Attent\u00e4ter von Mumbai zugegeben, der Lashkar-e-Taiba anzugeh\u00f6ren, einer Terrorgruppe aus dem pakistanisch kontrollierten Teil Kaschmirs.\u00a0 Azam Amir Kasab, 21 Jahre Die Gruppe sei von den Hinterm\u00e4nnern aufgefordert worden, &#8222;Wei\u00dfe anzugreifen, bevorzugt Amerikaner und Briten&#8220;. Der urspr\u00fcngliche Plan sei gewesen, 5000 Menschen zu t\u00f6ten. Einige der [&hellip;]<\/p>\n","protected":false},"author":54,"featured_media":0,"comment_status":"open","ping_status":"closed","sticky":false,"template":"","format":"standard","meta":{"jetpack_post_was_ever_published":false,"footnotes":""},"categories":[162,167,172],"tags":[],"class_list":["post-1715","post","type-post","status-publish","format-standard","hentry","category-indien","category-islamismus-und-terror","category-pakistan"],"yoast_head":"<!-- This site is optimized with the Yoast SEO plugin v21.0 - https:\/\/yoast.com\/wordpress\/plugins\/seo\/ -->\n<title>Der Attent\u00e4ter von Mumbai gesteht - J\u00f6rg Lau<\/title>\n<meta name=\"robots\" content=\"index, follow, max-snippet:-1, max-image-preview:large, max-video-preview:-1\" \/>\n<link rel=\"canonical\" href=\"https:\/\/blog.zeit.de\/joerglau\/2008\/11\/30\/der-attentater-von-mumbai-gesteht_1715\" \/>\n<meta property=\"og:locale\" content=\"de_DE\" \/>\n<meta property=\"og:type\" content=\"article\" \/>\n<meta property=\"og:title\" content=\"Der Attent\u00e4ter von Mumbai gesteht - J\u00f6rg Lau\" \/>\n<meta property=\"og:description\" content=\"Nach einem Bericht der Dail Mail hat der einzige \u00dcberlebende Attent\u00e4ter von Mumbai zugegeben, der Lashkar-e-Taiba anzugeh\u00f6ren, einer Terrorgruppe aus dem pakistanisch kontrollierten Teil Kaschmirs.\u00a0 Azam Amir Kasab, 21 Jahre Die Gruppe sei von den Hinterm\u00e4nnern aufgefordert worden, &#8222;Wei\u00dfe anzugreifen, bevorzugt Amerikaner und Briten&#8220;. Der urspr\u00fcngliche Plan sei gewesen, 5000 Menschen zu t\u00f6ten. Einige der [&hellip;]\" \/>\n<meta property=\"og:url\" content=\"https:\/\/blog.zeit.de\/joerglau\/2008\/11\/30\/der-attentater-von-mumbai-gesteht_1715\" \/>\n<meta property=\"og:site_name\" content=\"J\u00f6rg Lau\" \/>\n<meta property=\"article:published_time\" content=\"2008-11-30T19:26:10+00:00\" \/>\n<meta property=\"og:image\" content=\"http:\/\/altesblog.zeit.de\/joerglau\/wp-content\/uploads\/2008\/11\/azam-amir-kazab-300x191.jpg\" \/>\n<meta name=\"author\" content=\"J\u00f6rg Lau\" \/>\n<meta name=\"twitter:card\" content=\"summary_large_image\" \/>\n<meta name=\"twitter:label1\" content=\"Geschrieben von\" \/>\n\t<meta name=\"twitter:data1\" content=\"J\u00f6rg Lau\" \/>\n\t<meta name=\"twitter:label2\" content=\"Gesch\u00e4tzte Lesezeit\" \/>\n\t<meta name=\"twitter:data2\" content=\"2\u00a0Minuten\" \/>\n<script type=\"application\/ld+json\" class=\"yoast-schema-graph\">{\"@context\":\"https:\/\/schema.org\",\"@graph\":[{\"@type\":\"WebPage\",\"@id\":\"https:\/\/blog.zeit.de\/joerglau\/2008\/11\/30\/der-attentater-von-mumbai-gesteht_1715\",\"url\":\"https:\/\/blog.zeit.de\/joerglau\/2008\/11\/30\/der-attentater-von-mumbai-gesteht_1715\",\"name\":\"Der Attent\u00e4ter von Mumbai gesteht - J\u00f6rg Lau\",\"isPartOf\":{\"@id\":\"https:\/\/blog.zeit.de\/joerglau\/#website\"},\"datePublished\":\"2008-11-30T19:26:10+00:00\",\"dateModified\":\"2008-11-30T19:26:10+00:00\",\"author\":{\"@id\":\"https:\/\/blog.zeit.de\/joerglau\/#\/schema\/person\/55f0be9bfac24815791fbc852b042f57\"},\"breadcrumb\":{\"@id\":\"https:\/\/blog.zeit.de\/joerglau\/2008\/11\/30\/der-attentater-von-mumbai-gesteht_1715#breadcrumb\"},\"inLanguage\":\"de\",\"potentialAction\":[{\"@type\":\"ReadAction\",\"target\":[\"https:\/\/blog.zeit.de\/joerglau\/2008\/11\/30\/der-attentater-von-mumbai-gesteht_1715\"]}]},{\"@type\":\"BreadcrumbList\",\"@id\":\"https:\/\/blog.zeit.de\/joerglau\/2008\/11\/30\/der-attentater-von-mumbai-gesteht_1715#breadcrumb\",\"itemListElement\":[{\"@type\":\"ListItem\",\"position\":1,\"name\":\"Startseite\",\"item\":\"https:\/\/blog.zeit.de\/joerglau\"},{\"@type\":\"ListItem\",\"position\":2,\"name\":\"Der Attent\u00e4ter von Mumbai gesteht\"}]},{\"@type\":\"WebSite\",\"@id\":\"https:\/\/blog.zeit.de\/joerglau\/#website\",\"url\":\"https:\/\/blog.zeit.de\/joerglau\/\",\"name\":\"J\u00f6rg Lau\",\"description\":\"Ein Blog \u00fcber Religion und Politik\",\"potentialAction\":[{\"@type\":\"SearchAction\",\"target\":{\"@type\":\"EntryPoint\",\"urlTemplate\":\"https:\/\/blog.zeit.de\/joerglau\/?s={search_term_string}\"},\"query-input\":\"required name=search_term_string\"}],\"inLanguage\":\"de\"},{\"@type\":\"Person\",\"@id\":\"https:\/\/blog.zeit.de\/joerglau\/#\/schema\/person\/55f0be9bfac24815791fbc852b042f57\",\"name\":\"J\u00f6rg Lau\",\"image\":{\"@type\":\"ImageObject\",\"inLanguage\":\"de\",\"@id\":\"https:\/\/blog.zeit.de\/joerglau\/#\/schema\/person\/image\/\",\"url\":\"https:\/\/secure.gravatar.com\/avatar\/a5fe39bf4f5335b8bac36eefa0b41467221b1598bfea5f05159a0199e391eed0?s=96&d=mm&r=g\",\"contentUrl\":\"https:\/\/secure.gravatar.com\/avatar\/a5fe39bf4f5335b8bac36eefa0b41467221b1598bfea5f05159a0199e391eed0?s=96&d=mm&r=g\",\"caption\":\"J\u00f6rg Lau\"},\"url\":\"https:\/\/blog.zeit.de\/joerglau\/author\/joerg-lau\"}]}<\/script>\n<!-- \/ Yoast SEO plugin. -->","yoast_head_json":{"title":"Der Attent\u00e4ter von Mumbai gesteht - J\u00f6rg Lau","robots":{"index":"index","follow":"follow","max-snippet":"max-snippet:-1","max-image-preview":"max-image-preview:large","max-video-preview":"max-video-preview:-1"},"canonical":"https:\/\/blog.zeit.de\/joerglau\/2008\/11\/30\/der-attentater-von-mumbai-gesteht_1715","og_locale":"de_DE","og_type":"article","og_title":"Der Attent\u00e4ter von Mumbai gesteht - J\u00f6rg Lau","og_description":"Nach einem Bericht der Dail Mail hat der einzige \u00dcberlebende Attent\u00e4ter von Mumbai zugegeben, der Lashkar-e-Taiba anzugeh\u00f6ren, einer Terrorgruppe aus dem pakistanisch kontrollierten Teil Kaschmirs.\u00a0 Azam Amir Kasab, 21 Jahre Die Gruppe sei von den Hinterm\u00e4nnern aufgefordert worden, &#8222;Wei\u00dfe anzugreifen, bevorzugt Amerikaner und Briten&#8220;. Der urspr\u00fcngliche Plan sei gewesen, 5000 Menschen zu t\u00f6ten. Einige der [&hellip;]","og_url":"https:\/\/blog.zeit.de\/joerglau\/2008\/11\/30\/der-attentater-von-mumbai-gesteht_1715","og_site_name":"J\u00f6rg Lau","article_published_time":"2008-11-30T19:26:10+00:00","og_image":[{"url":"http:\/\/altesblog.zeit.de\/joerglau\/wp-content\/uploads\/2008\/11\/azam-amir-kazab-300x191.jpg"}],"author":"J\u00f6rg Lau","twitter_card":"summary_large_image","twitter_misc":{"Geschrieben von":"J\u00f6rg Lau","Gesch\u00e4tzte Lesezeit":"2\u00a0Minuten"},"schema":{"@context":"https:\/\/schema.org","@graph":[{"@type":"WebPage","@id":"https:\/\/blog.zeit.de\/joerglau\/2008\/11\/30\/der-attentater-von-mumbai-gesteht_1715","url":"https:\/\/blog.zeit.de\/joerglau\/2008\/11\/30\/der-attentater-von-mumbai-gesteht_1715","name":"Der Attent\u00e4ter von Mumbai gesteht - J\u00f6rg Lau","isPartOf":{"@id":"https:\/\/blog.zeit.de\/joerglau\/#website"},"datePublished":"2008-11-30T19:26:10+00:00","dateModified":"2008-11-30T19:26:10+00:00","author":{"@id":"https:\/\/blog.zeit.de\/joerglau\/#\/schema\/person\/55f0be9bfac24815791fbc852b042f57"},"breadcrumb":{"@id":"https:\/\/blog.zeit.de\/joerglau\/2008\/11\/30\/der-attentater-von-mumbai-gesteht_1715#breadcrumb"},"inLanguage":"de","potentialAction":[{"@type":"ReadAction","target":["https:\/\/blog.zeit.de\/joerglau\/2008\/11\/30\/der-attentater-von-mumbai-gesteht_1715"]}]},{"@type":"BreadcrumbList","@id":"https:\/\/blog.zeit.de\/joerglau\/2008\/11\/30\/der-attentater-von-mumbai-gesteht_1715#breadcrumb","itemListElement":[{"@type":"ListItem","position":1,"name":"Startseite","item":"https:\/\/blog.zeit.de\/joerglau"},{"@type":"ListItem","position":2,"name":"Der Attent\u00e4ter von Mumbai gesteht"}]},{"@type":"WebSite","@id":"https:\/\/blog.zeit.de\/joerglau\/#website","url":"https:\/\/blog.zeit.de\/joerglau\/","name":"J\u00f6rg Lau","description":"Ein Blog \u00fcber Religion und Politik","potentialAction":[{"@type":"SearchAction","target":{"@type":"EntryPoint","urlTemplate":"https:\/\/blog.zeit.de\/joerglau\/?s={search_term_string}"},"query-input":"required name=search_term_string"}],"inLanguage":"de"},{"@type":"Person","@id":"https:\/\/blog.zeit.de\/joerglau\/#\/schema\/person\/55f0be9bfac24815791fbc852b042f57","name":"J\u00f6rg Lau","image":{"@type":"ImageObject","inLanguage":"de","@id":"https:\/\/blog.zeit.de\/joerglau\/#\/schema\/person\/image\/","url":"https:\/\/secure.gravatar.com\/avatar\/a5fe39bf4f5335b8bac36eefa0b41467221b1598bfea5f05159a0199e391eed0?s=96&d=mm&r=g","contentUrl":"https:\/\/secure.gravatar.com\/avatar\/a5fe39bf4f5335b8bac36eefa0b41467221b1598bfea5f05159a0199e391eed0?s=96&d=mm&r=g","caption":"J\u00f6rg Lau"},"url":"https:\/\/blog.zeit.de\/joerglau\/author\/joerg-lau"}]}},"jetpack_featured_media_url":"","jetpack_sharing_enabled":true,"jetpack_shortlink":"https:\/\/wp.me\/pG02W-rF","_links":{"self":[{"href":"https:\/\/blog.zeit.de\/joerglau\/wp-json\/wp\/v2\/posts\/1715","targetHints":{"allow":["GET"]}}],"collection":[{"href":"https:\/\/blog.zeit.de\/joerglau\/wp-json\/wp\/v2\/posts"}],"about":[{"href":"https:\/\/blog.zeit.de\/joerglau\/wp-json\/wp\/v2\/types\/post"}],"author":[{"embeddable":true,"href":"https:\/\/blog.zeit.de\/joerglau\/wp-json\/wp\/v2\/users\/54"}],"replies":[{"embeddable":true,"href":"https:\/\/blog.zeit.de\/joerglau\/wp-json\/wp\/v2\/comments?post=1715"}],"version-history":[{"count":0,"href":"https:\/\/blog.zeit.de\/joerglau\/wp-json\/wp\/v2\/posts\/1715\/revisions"}],"wp:attachment":[{"href":"https:\/\/blog.zeit.de\/joerglau\/wp-json\/wp\/v2\/media?parent=1715"}],"wp:term":[{"taxonomy":"category","embeddable":true,"href":"https:\/\/blog.zeit.de\/joerglau\/wp-json\/wp\/v2\/categories?post=1715"},{"taxonomy":"post_tag","embeddable":true,"href":"https:\/\/blog.zeit.de\/joerglau\/wp-json\/wp\/v2\/tags?post=1715"}],"curies":[{"name":"wp","href":"https:\/\/api.w.org\/{rel}","templated":true}]}}