{"id":1796,"date":"2008-12-18T11:37:14","date_gmt":"2008-12-18T10:37:14","guid":{"rendered":"http:\/\/blog.zeit.de\/joerglau\/?p=1796"},"modified":"2008-12-18T11:37:14","modified_gmt":"2008-12-18T10:37:14","slug":"muslime-und-evolution","status":"publish","type":"post","link":"https:\/\/blog.zeit.de\/joerglau\/2008\/12\/18\/muslime-und-evolution_1796","title":{"rendered":"Muslime und Evolution"},"content":{"rendered":"<p>Wir kennen alle die Berichte \u00fcber die Wissenschaftsfeindlichkeit der Evangelikalen in den USA. Wie bizarr auch immer deren Gefechte wider die Evolutionstheorie, die wahr Herausforderung f\u00fcr die wissenschaftliche Weltsicht liegt nicht im &#8222;Bible Belt&#8220; der Vereinigten Staaten, sondern in der Breite der \u00f6ffentlichen Meinung in der islamischen Welt.<\/p>\n<p>Eine Erhebung aus den Jahren 1996-2003 zeigt die wachsende Popularit\u00e4t des Kreationismus in der islamischen Welt. Das Sample f\u00fcr die T\u00fcrkei scheint mir mit etwas \u00fcber 700 Befragten ein wenig zu klein, um wirklich zuverl\u00e4ssig zu sein. Aber immerhin bekommt man hier einen Einblick. Schockierend sind die Zahlen f\u00fcr Indonesien und Malaysia, und auch die f\u00fcr \u00c4gypten.<\/p>\n<p>Warum ist Kasachstan relativ wissenschaftsfreundlich? ich vermute, das ist ein Erbe der Sowjet-Zeit.<\/p>\n<p>Ansonsten: finster, finster.<\/p>\n<p><a href=\"http:\/\/www.3quarksdaily.com\/3quarksdaily\/2008\/12\/bracing-for-islamic-creatio\">Quelle<\/a><a href=\"http:\/\/helios.hampshire.edu\/~sahCS\/Hameed-Science-Creationism.pdf\">.<\/a><\/p>\n<p><a href=\"https:\/\/blog.zeit.de\/joerglau\/files\/2008\/12\/evolution1.gif\"><img loading=\"lazy\" decoding=\"async\" class=\"alignnone size-full wp-image-1797\" title=\"evolution1\" src=\"https:\/\/blog.zeit.de\/joerglau\/files\/2008\/12\/evolution1.gif\" alt=\"\" width=\"412\" height=\"350\" srcset=\"https:\/\/blog.zeit.de\/joerglau\/files\/2008\/12\/evolution1.gif 500w, https:\/\/blog.zeit.de\/joerglau\/files\/2008\/12\/evolution1-300x255.gif 300w\" sizes=\"auto, (max-width: 412px) 100vw, 412px\" \/><\/a><\/p>\n<p><span style=\"text-decoration: underline; color: #0000ee;\"><br \/>\n<\/span><\/p>\n","protected":false},"excerpt":{"rendered":"<p>Wir kennen alle die Berichte \u00fcber die Wissenschaftsfeindlichkeit der Evangelikalen in den USA. Wie bizarr auch immer deren Gefechte wider die Evolutionstheorie, die wahr Herausforderung f\u00fcr die wissenschaftliche Weltsicht liegt nicht im &#8222;Bible Belt&#8220; der Vereinigten Staaten, sondern in der Breite der \u00f6ffentlichen Meinung in der islamischen Welt. Eine Erhebung aus den Jahren 1996-2003 zeigt [&hellip;]<\/p>\n","protected":false},"author":54,"featured_media":0,"comment_status":"open","ping_status":"closed","sticky":false,"template":"","format":"standard","meta":{"jetpack_post_was_ever_published":false,"footnotes":""},"categories":[157],"tags":[],"class_list":["post-1796","post","type-post","status-publish","format-standard","hentry","category-die-freunde-und-die-feinde-des-islams"],"yoast_head":"<!-- This site is optimized with the Yoast SEO plugin v21.0 - https:\/\/yoast.com\/wordpress\/plugins\/seo\/ -->\n<title>Muslime und Evolution - J\u00f6rg Lau<\/title>\n<meta name=\"robots\" content=\"index, follow, max-snippet:-1, max-image-preview:large, max-video-preview:-1\" \/>\n<link rel=\"canonical\" href=\"https:\/\/blog.zeit.de\/joerglau\/2008\/12\/18\/muslime-und-evolution_1796\" \/>\n<meta property=\"og:locale\" content=\"de_DE\" \/>\n<meta property=\"og:type\" content=\"article\" \/>\n<meta property=\"og:title\" content=\"Muslime und Evolution - J\u00f6rg Lau\" \/>\n<meta property=\"og:description\" content=\"Wir kennen alle die Berichte \u00fcber die Wissenschaftsfeindlichkeit der Evangelikalen in den USA. Wie bizarr auch immer deren Gefechte wider die Evolutionstheorie, die wahr Herausforderung f\u00fcr die wissenschaftliche Weltsicht liegt nicht im &#8222;Bible Belt&#8220; der Vereinigten Staaten, sondern in der Breite der \u00f6ffentlichen Meinung in der islamischen Welt. Eine Erhebung aus den Jahren 1996-2003 zeigt [&hellip;]\" \/>\n<meta property=\"og:url\" content=\"https:\/\/blog.zeit.de\/joerglau\/2008\/12\/18\/muslime-und-evolution_1796\" \/>\n<meta property=\"og:site_name\" content=\"J\u00f6rg Lau\" \/>\n<meta property=\"article:published_time\" content=\"2008-12-18T10:37:14+00:00\" \/>\n<meta property=\"og:image\" content=\"https:\/\/blog.zeit.de\/joerglau\/files\/2008\/12\/evolution1.gif\" \/>\n<meta name=\"author\" content=\"J\u00f6rg Lau\" \/>\n<meta name=\"twitter:card\" content=\"summary_large_image\" \/>\n<meta name=\"twitter:label1\" content=\"Geschrieben von\" \/>\n\t<meta name=\"twitter:data1\" content=\"J\u00f6rg Lau\" \/>\n\t<meta name=\"twitter:label2\" content=\"Gesch\u00e4tzte Lesezeit\" \/>\n\t<meta name=\"twitter:data2\" content=\"1\u00a0Minute\" \/>\n<script type=\"application\/ld+json\" class=\"yoast-schema-graph\">{\"@context\":\"https:\/\/schema.org\",\"@graph\":[{\"@type\":\"WebPage\",\"@id\":\"https:\/\/blog.zeit.de\/joerglau\/2008\/12\/18\/muslime-und-evolution_1796\",\"url\":\"https:\/\/blog.zeit.de\/joerglau\/2008\/12\/18\/muslime-und-evolution_1796\",\"name\":\"Muslime und Evolution - J\u00f6rg Lau\",\"isPartOf\":{\"@id\":\"https:\/\/blog.zeit.de\/joerglau\/#website\"},\"datePublished\":\"2008-12-18T10:37:14+00:00\",\"dateModified\":\"2008-12-18T10:37:14+00:00\",\"author\":{\"@id\":\"https:\/\/blog.zeit.de\/joerglau\/#\/schema\/person\/55f0be9bfac24815791fbc852b042f57\"},\"breadcrumb\":{\"@id\":\"https:\/\/blog.zeit.de\/joerglau\/2008\/12\/18\/muslime-und-evolution_1796#breadcrumb\"},\"inLanguage\":\"de\",\"potentialAction\":[{\"@type\":\"ReadAction\",\"target\":[\"https:\/\/blog.zeit.de\/joerglau\/2008\/12\/18\/muslime-und-evolution_1796\"]}]},{\"@type\":\"BreadcrumbList\",\"@id\":\"https:\/\/blog.zeit.de\/joerglau\/2008\/12\/18\/muslime-und-evolution_1796#breadcrumb\",\"itemListElement\":[{\"@type\":\"ListItem\",\"position\":1,\"name\":\"Startseite\",\"item\":\"https:\/\/blog.zeit.de\/joerglau\"},{\"@type\":\"ListItem\",\"position\":2,\"name\":\"Muslime und Evolution\"}]},{\"@type\":\"WebSite\",\"@id\":\"https:\/\/blog.zeit.de\/joerglau\/#website\",\"url\":\"https:\/\/blog.zeit.de\/joerglau\/\",\"name\":\"J\u00f6rg Lau\",\"description\":\"Ein Blog \u00fcber Religion und Politik\",\"potentialAction\":[{\"@type\":\"SearchAction\",\"target\":{\"@type\":\"EntryPoint\",\"urlTemplate\":\"https:\/\/blog.zeit.de\/joerglau\/?s={search_term_string}\"},\"query-input\":\"required name=search_term_string\"}],\"inLanguage\":\"de\"},{\"@type\":\"Person\",\"@id\":\"https:\/\/blog.zeit.de\/joerglau\/#\/schema\/person\/55f0be9bfac24815791fbc852b042f57\",\"name\":\"J\u00f6rg Lau\",\"image\":{\"@type\":\"ImageObject\",\"inLanguage\":\"de\",\"@id\":\"https:\/\/blog.zeit.de\/joerglau\/#\/schema\/person\/image\/\",\"url\":\"https:\/\/secure.gravatar.com\/avatar\/a5fe39bf4f5335b8bac36eefa0b41467221b1598bfea5f05159a0199e391eed0?s=96&d=mm&r=g\",\"contentUrl\":\"https:\/\/secure.gravatar.com\/avatar\/a5fe39bf4f5335b8bac36eefa0b41467221b1598bfea5f05159a0199e391eed0?s=96&d=mm&r=g\",\"caption\":\"J\u00f6rg Lau\"},\"url\":\"https:\/\/blog.zeit.de\/joerglau\/author\/joerg-lau\"}]}<\/script>\n<!-- \/ Yoast SEO plugin. -->","yoast_head_json":{"title":"Muslime und Evolution - J\u00f6rg Lau","robots":{"index":"index","follow":"follow","max-snippet":"max-snippet:-1","max-image-preview":"max-image-preview:large","max-video-preview":"max-video-preview:-1"},"canonical":"https:\/\/blog.zeit.de\/joerglau\/2008\/12\/18\/muslime-und-evolution_1796","og_locale":"de_DE","og_type":"article","og_title":"Muslime und Evolution - J\u00f6rg Lau","og_description":"Wir kennen alle die Berichte \u00fcber die Wissenschaftsfeindlichkeit der Evangelikalen in den USA. Wie bizarr auch immer deren Gefechte wider die Evolutionstheorie, die wahr Herausforderung f\u00fcr die wissenschaftliche Weltsicht liegt nicht im &#8222;Bible Belt&#8220; der Vereinigten Staaten, sondern in der Breite der \u00f6ffentlichen Meinung in der islamischen Welt. Eine Erhebung aus den Jahren 1996-2003 zeigt [&hellip;]","og_url":"https:\/\/blog.zeit.de\/joerglau\/2008\/12\/18\/muslime-und-evolution_1796","og_site_name":"J\u00f6rg Lau","article_published_time":"2008-12-18T10:37:14+00:00","og_image":[{"url":"https:\/\/blog.zeit.de\/joerglau\/files\/2008\/12\/evolution1.gif"}],"author":"J\u00f6rg Lau","twitter_card":"summary_large_image","twitter_misc":{"Geschrieben von":"J\u00f6rg Lau","Gesch\u00e4tzte Lesezeit":"1\u00a0Minute"},"schema":{"@context":"https:\/\/schema.org","@graph":[{"@type":"WebPage","@id":"https:\/\/blog.zeit.de\/joerglau\/2008\/12\/18\/muslime-und-evolution_1796","url":"https:\/\/blog.zeit.de\/joerglau\/2008\/12\/18\/muslime-und-evolution_1796","name":"Muslime und Evolution - J\u00f6rg Lau","isPartOf":{"@id":"https:\/\/blog.zeit.de\/joerglau\/#website"},"datePublished":"2008-12-18T10:37:14+00:00","dateModified":"2008-12-18T10:37:14+00:00","author":{"@id":"https:\/\/blog.zeit.de\/joerglau\/#\/schema\/person\/55f0be9bfac24815791fbc852b042f57"},"breadcrumb":{"@id":"https:\/\/blog.zeit.de\/joerglau\/2008\/12\/18\/muslime-und-evolution_1796#breadcrumb"},"inLanguage":"de","potentialAction":[{"@type":"ReadAction","target":["https:\/\/blog.zeit.de\/joerglau\/2008\/12\/18\/muslime-und-evolution_1796"]}]},{"@type":"BreadcrumbList","@id":"https:\/\/blog.zeit.de\/joerglau\/2008\/12\/18\/muslime-und-evolution_1796#breadcrumb","itemListElement":[{"@type":"ListItem","position":1,"name":"Startseite","item":"https:\/\/blog.zeit.de\/joerglau"},{"@type":"ListItem","position":2,"name":"Muslime und Evolution"}]},{"@type":"WebSite","@id":"https:\/\/blog.zeit.de\/joerglau\/#website","url":"https:\/\/blog.zeit.de\/joerglau\/","name":"J\u00f6rg Lau","description":"Ein Blog \u00fcber Religion und Politik","potentialAction":[{"@type":"SearchAction","target":{"@type":"EntryPoint","urlTemplate":"https:\/\/blog.zeit.de\/joerglau\/?s={search_term_string}"},"query-input":"required name=search_term_string"}],"inLanguage":"de"},{"@type":"Person","@id":"https:\/\/blog.zeit.de\/joerglau\/#\/schema\/person\/55f0be9bfac24815791fbc852b042f57","name":"J\u00f6rg Lau","image":{"@type":"ImageObject","inLanguage":"de","@id":"https:\/\/blog.zeit.de\/joerglau\/#\/schema\/person\/image\/","url":"https:\/\/secure.gravatar.com\/avatar\/a5fe39bf4f5335b8bac36eefa0b41467221b1598bfea5f05159a0199e391eed0?s=96&d=mm&r=g","contentUrl":"https:\/\/secure.gravatar.com\/avatar\/a5fe39bf4f5335b8bac36eefa0b41467221b1598bfea5f05159a0199e391eed0?s=96&d=mm&r=g","caption":"J\u00f6rg Lau"},"url":"https:\/\/blog.zeit.de\/joerglau\/author\/joerg-lau"}]}},"jetpack_featured_media_url":"","jetpack_sharing_enabled":true,"jetpack_shortlink":"https:\/\/wp.me\/pG02W-sY","_links":{"self":[{"href":"https:\/\/blog.zeit.de\/joerglau\/wp-json\/wp\/v2\/posts\/1796","targetHints":{"allow":["GET"]}}],"collection":[{"href":"https:\/\/blog.zeit.de\/joerglau\/wp-json\/wp\/v2\/posts"}],"about":[{"href":"https:\/\/blog.zeit.de\/joerglau\/wp-json\/wp\/v2\/types\/post"}],"author":[{"embeddable":true,"href":"https:\/\/blog.zeit.de\/joerglau\/wp-json\/wp\/v2\/users\/54"}],"replies":[{"embeddable":true,"href":"https:\/\/blog.zeit.de\/joerglau\/wp-json\/wp\/v2\/comments?post=1796"}],"version-history":[{"count":0,"href":"https:\/\/blog.zeit.de\/joerglau\/wp-json\/wp\/v2\/posts\/1796\/revisions"}],"wp:attachment":[{"href":"https:\/\/blog.zeit.de\/joerglau\/wp-json\/wp\/v2\/media?parent=1796"}],"wp:term":[{"taxonomy":"category","embeddable":true,"href":"https:\/\/blog.zeit.de\/joerglau\/wp-json\/wp\/v2\/categories?post=1796"},{"taxonomy":"post_tag","embeddable":true,"href":"https:\/\/blog.zeit.de\/joerglau\/wp-json\/wp\/v2\/tags?post=1796"}],"curies":[{"name":"wp","href":"https:\/\/api.w.org\/{rel}","templated":true}]}}