{"id":1810,"date":"2008-12-19T13:07:02","date_gmt":"2008-12-19T12:07:02","guid":{"rendered":"http:\/\/blog.zeit.de\/joerglau\/?p=1810"},"modified":"2008-12-19T13:07:02","modified_gmt":"2008-12-19T12:07:02","slug":"gewalt-gegen-turkische-frauen-nimmt-zu","status":"publish","type":"post","link":"https:\/\/blog.zeit.de\/joerglau\/2008\/12\/19\/gewalt-gegen-turkische-frauen-nimmt-zu_1810","title":{"rendered":"Gewalt gegen t\u00fcrkische Frauen nimmt zu"},"content":{"rendered":"<p><span style=\"font-family: Verdana, Helvetica, Arial;\"><span>Via <a href=\"http:\/\/www.europress.de\/\">Europress<\/a>:<br \/>\nIn den letzten Wochen wird in den t\u00fcrkischen Medien verst\u00e4rkt \u00fcber zunehmende F\u00e4lle von K\u00f6rperverletzung innerhalb t\u00fcrkischst\u00e4mmiger Familien berichtet, wie die t\u00fcrkische Tageszeitung SABAH berichtet. Der renommierte Psychologe Erdinc \u00dcst\u00fcndag habe sich dazu folgenderma\u00dfen ge\u00e4u\u00dfert: \u201eDie Probleme unter den t\u00fcrkischst\u00e4mmigen Familien in Deutschland nehmen eine <strong>unglaublich gro\u00dfe Dimension<\/strong>\u00a0an, die <strong>Frauenh\u00e4user sind voll mit t\u00fcrkischen Frauen<\/strong>, die ihre M\u00e4nner verlassen haben. Die Terminhefte der Psychologen sind ausgebucht. Die <strong>t\u00fcrkischen M\u00e4nner sch\u00e4tzen ihre Frauen nicht genug<\/strong>&#8222;, so \u00dcst\u00fcndag. Auch der Druck der Bekannten und Verwandten sei mit f\u00fcr die schrecklichen Taten verantwortlich.<\/span><\/span>\u00a0<!--EndFragment--><\/p>\n<p>Ist das Ende der Verleugnung nahe? Vor Jahr und Tag wurden diese Dinge noch als k\u00fcnstlich aufgebauschte Anti-T\u00fcrken-Propaganda abgetan. Immerhin&#8230;<\/p>\n","protected":false},"excerpt":{"rendered":"<p>Via Europress: In den letzten Wochen wird in den t\u00fcrkischen Medien verst\u00e4rkt \u00fcber zunehmende F\u00e4lle von K\u00f6rperverletzung innerhalb t\u00fcrkischst\u00e4mmiger Familien berichtet, wie die t\u00fcrkische Tageszeitung SABAH berichtet. Der renommierte Psychologe Erdinc \u00dcst\u00fcndag habe sich dazu folgenderma\u00dfen ge\u00e4u\u00dfert: \u201eDie Probleme unter den t\u00fcrkischst\u00e4mmigen Familien in Deutschland nehmen eine unglaublich gro\u00dfe Dimension\u00a0an, die Frauenh\u00e4user sind voll mit [&hellip;]<\/p>\n","protected":false},"author":54,"featured_media":0,"comment_status":"open","ping_status":"closed","sticky":false,"template":"","format":"standard","meta":{"jetpack_post_was_ever_published":false,"footnotes":""},"categories":[164],"tags":[],"class_list":["post-1810","post","type-post","status-publish","format-standard","hentry","category-integration-und-frauenrechte"],"yoast_head":"<!-- This site is optimized with the Yoast SEO plugin v21.0 - https:\/\/yoast.com\/wordpress\/plugins\/seo\/ -->\n<title>Gewalt gegen t\u00fcrkische Frauen nimmt zu - J\u00f6rg Lau<\/title>\n<meta name=\"robots\" content=\"index, follow, max-snippet:-1, max-image-preview:large, max-video-preview:-1\" \/>\n<link rel=\"canonical\" href=\"https:\/\/blog.zeit.de\/joerglau\/2008\/12\/19\/gewalt-gegen-turkische-frauen-nimmt-zu_1810\" \/>\n<meta property=\"og:locale\" content=\"de_DE\" \/>\n<meta property=\"og:type\" content=\"article\" \/>\n<meta property=\"og:title\" content=\"Gewalt gegen t\u00fcrkische Frauen nimmt zu - J\u00f6rg Lau\" \/>\n<meta property=\"og:description\" content=\"Via Europress: In den letzten Wochen wird in den t\u00fcrkischen Medien verst\u00e4rkt \u00fcber zunehmende F\u00e4lle von K\u00f6rperverletzung innerhalb t\u00fcrkischst\u00e4mmiger Familien berichtet, wie die t\u00fcrkische Tageszeitung SABAH berichtet. Der renommierte Psychologe Erdinc \u00dcst\u00fcndag habe sich dazu folgenderma\u00dfen ge\u00e4u\u00dfert: \u201eDie Probleme unter den t\u00fcrkischst\u00e4mmigen Familien in Deutschland nehmen eine unglaublich gro\u00dfe Dimension\u00a0an, die Frauenh\u00e4user sind voll mit [&hellip;]\" \/>\n<meta property=\"og:url\" content=\"https:\/\/blog.zeit.de\/joerglau\/2008\/12\/19\/gewalt-gegen-turkische-frauen-nimmt-zu_1810\" \/>\n<meta property=\"og:site_name\" content=\"J\u00f6rg Lau\" \/>\n<meta property=\"article:published_time\" content=\"2008-12-19T12:07:02+00:00\" \/>\n<meta name=\"author\" content=\"J\u00f6rg Lau\" \/>\n<meta name=\"twitter:card\" content=\"summary_large_image\" \/>\n<meta name=\"twitter:label1\" content=\"Geschrieben von\" \/>\n\t<meta name=\"twitter:data1\" content=\"J\u00f6rg Lau\" \/>\n\t<meta name=\"twitter:label2\" content=\"Gesch\u00e4tzte Lesezeit\" \/>\n\t<meta name=\"twitter:data2\" content=\"1\u00a0Minute\" \/>\n<script type=\"application\/ld+json\" class=\"yoast-schema-graph\">{\"@context\":\"https:\/\/schema.org\",\"@graph\":[{\"@type\":\"WebPage\",\"@id\":\"https:\/\/blog.zeit.de\/joerglau\/2008\/12\/19\/gewalt-gegen-turkische-frauen-nimmt-zu_1810\",\"url\":\"https:\/\/blog.zeit.de\/joerglau\/2008\/12\/19\/gewalt-gegen-turkische-frauen-nimmt-zu_1810\",\"name\":\"Gewalt gegen t\u00fcrkische Frauen nimmt zu - J\u00f6rg Lau\",\"isPartOf\":{\"@id\":\"https:\/\/blog.zeit.de\/joerglau\/#website\"},\"datePublished\":\"2008-12-19T12:07:02+00:00\",\"dateModified\":\"2008-12-19T12:07:02+00:00\",\"author\":{\"@id\":\"https:\/\/blog.zeit.de\/joerglau\/#\/schema\/person\/55f0be9bfac24815791fbc852b042f57\"},\"breadcrumb\":{\"@id\":\"https:\/\/blog.zeit.de\/joerglau\/2008\/12\/19\/gewalt-gegen-turkische-frauen-nimmt-zu_1810#breadcrumb\"},\"inLanguage\":\"de\",\"potentialAction\":[{\"@type\":\"ReadAction\",\"target\":[\"https:\/\/blog.zeit.de\/joerglau\/2008\/12\/19\/gewalt-gegen-turkische-frauen-nimmt-zu_1810\"]}]},{\"@type\":\"BreadcrumbList\",\"@id\":\"https:\/\/blog.zeit.de\/joerglau\/2008\/12\/19\/gewalt-gegen-turkische-frauen-nimmt-zu_1810#breadcrumb\",\"itemListElement\":[{\"@type\":\"ListItem\",\"position\":1,\"name\":\"Startseite\",\"item\":\"https:\/\/blog.zeit.de\/joerglau\"},{\"@type\":\"ListItem\",\"position\":2,\"name\":\"Gewalt gegen t\u00fcrkische Frauen nimmt zu\"}]},{\"@type\":\"WebSite\",\"@id\":\"https:\/\/blog.zeit.de\/joerglau\/#website\",\"url\":\"https:\/\/blog.zeit.de\/joerglau\/\",\"name\":\"J\u00f6rg Lau\",\"description\":\"Ein Blog \u00fcber Religion und Politik\",\"potentialAction\":[{\"@type\":\"SearchAction\",\"target\":{\"@type\":\"EntryPoint\",\"urlTemplate\":\"https:\/\/blog.zeit.de\/joerglau\/?s={search_term_string}\"},\"query-input\":\"required name=search_term_string\"}],\"inLanguage\":\"de\"},{\"@type\":\"Person\",\"@id\":\"https:\/\/blog.zeit.de\/joerglau\/#\/schema\/person\/55f0be9bfac24815791fbc852b042f57\",\"name\":\"J\u00f6rg Lau\",\"image\":{\"@type\":\"ImageObject\",\"inLanguage\":\"de\",\"@id\":\"https:\/\/blog.zeit.de\/joerglau\/#\/schema\/person\/image\/\",\"url\":\"https:\/\/secure.gravatar.com\/avatar\/a5fe39bf4f5335b8bac36eefa0b41467221b1598bfea5f05159a0199e391eed0?s=96&d=mm&r=g\",\"contentUrl\":\"https:\/\/secure.gravatar.com\/avatar\/a5fe39bf4f5335b8bac36eefa0b41467221b1598bfea5f05159a0199e391eed0?s=96&d=mm&r=g\",\"caption\":\"J\u00f6rg Lau\"},\"url\":\"https:\/\/blog.zeit.de\/joerglau\/author\/joerg-lau\"}]}<\/script>\n<!-- \/ Yoast SEO plugin. -->","yoast_head_json":{"title":"Gewalt gegen t\u00fcrkische Frauen nimmt zu - J\u00f6rg Lau","robots":{"index":"index","follow":"follow","max-snippet":"max-snippet:-1","max-image-preview":"max-image-preview:large","max-video-preview":"max-video-preview:-1"},"canonical":"https:\/\/blog.zeit.de\/joerglau\/2008\/12\/19\/gewalt-gegen-turkische-frauen-nimmt-zu_1810","og_locale":"de_DE","og_type":"article","og_title":"Gewalt gegen t\u00fcrkische Frauen nimmt zu - J\u00f6rg Lau","og_description":"Via Europress: In den letzten Wochen wird in den t\u00fcrkischen Medien verst\u00e4rkt \u00fcber zunehmende F\u00e4lle von K\u00f6rperverletzung innerhalb t\u00fcrkischst\u00e4mmiger Familien berichtet, wie die t\u00fcrkische Tageszeitung SABAH berichtet. Der renommierte Psychologe Erdinc \u00dcst\u00fcndag habe sich dazu folgenderma\u00dfen ge\u00e4u\u00dfert: \u201eDie Probleme unter den t\u00fcrkischst\u00e4mmigen Familien in Deutschland nehmen eine unglaublich gro\u00dfe Dimension\u00a0an, die Frauenh\u00e4user sind voll mit [&hellip;]","og_url":"https:\/\/blog.zeit.de\/joerglau\/2008\/12\/19\/gewalt-gegen-turkische-frauen-nimmt-zu_1810","og_site_name":"J\u00f6rg Lau","article_published_time":"2008-12-19T12:07:02+00:00","author":"J\u00f6rg Lau","twitter_card":"summary_large_image","twitter_misc":{"Geschrieben von":"J\u00f6rg Lau","Gesch\u00e4tzte Lesezeit":"1\u00a0Minute"},"schema":{"@context":"https:\/\/schema.org","@graph":[{"@type":"WebPage","@id":"https:\/\/blog.zeit.de\/joerglau\/2008\/12\/19\/gewalt-gegen-turkische-frauen-nimmt-zu_1810","url":"https:\/\/blog.zeit.de\/joerglau\/2008\/12\/19\/gewalt-gegen-turkische-frauen-nimmt-zu_1810","name":"Gewalt gegen t\u00fcrkische Frauen nimmt zu - J\u00f6rg Lau","isPartOf":{"@id":"https:\/\/blog.zeit.de\/joerglau\/#website"},"datePublished":"2008-12-19T12:07:02+00:00","dateModified":"2008-12-19T12:07:02+00:00","author":{"@id":"https:\/\/blog.zeit.de\/joerglau\/#\/schema\/person\/55f0be9bfac24815791fbc852b042f57"},"breadcrumb":{"@id":"https:\/\/blog.zeit.de\/joerglau\/2008\/12\/19\/gewalt-gegen-turkische-frauen-nimmt-zu_1810#breadcrumb"},"inLanguage":"de","potentialAction":[{"@type":"ReadAction","target":["https:\/\/blog.zeit.de\/joerglau\/2008\/12\/19\/gewalt-gegen-turkische-frauen-nimmt-zu_1810"]}]},{"@type":"BreadcrumbList","@id":"https:\/\/blog.zeit.de\/joerglau\/2008\/12\/19\/gewalt-gegen-turkische-frauen-nimmt-zu_1810#breadcrumb","itemListElement":[{"@type":"ListItem","position":1,"name":"Startseite","item":"https:\/\/blog.zeit.de\/joerglau"},{"@type":"ListItem","position":2,"name":"Gewalt gegen t\u00fcrkische Frauen nimmt zu"}]},{"@type":"WebSite","@id":"https:\/\/blog.zeit.de\/joerglau\/#website","url":"https:\/\/blog.zeit.de\/joerglau\/","name":"J\u00f6rg Lau","description":"Ein Blog \u00fcber Religion und Politik","potentialAction":[{"@type":"SearchAction","target":{"@type":"EntryPoint","urlTemplate":"https:\/\/blog.zeit.de\/joerglau\/?s={search_term_string}"},"query-input":"required name=search_term_string"}],"inLanguage":"de"},{"@type":"Person","@id":"https:\/\/blog.zeit.de\/joerglau\/#\/schema\/person\/55f0be9bfac24815791fbc852b042f57","name":"J\u00f6rg Lau","image":{"@type":"ImageObject","inLanguage":"de","@id":"https:\/\/blog.zeit.de\/joerglau\/#\/schema\/person\/image\/","url":"https:\/\/secure.gravatar.com\/avatar\/a5fe39bf4f5335b8bac36eefa0b41467221b1598bfea5f05159a0199e391eed0?s=96&d=mm&r=g","contentUrl":"https:\/\/secure.gravatar.com\/avatar\/a5fe39bf4f5335b8bac36eefa0b41467221b1598bfea5f05159a0199e391eed0?s=96&d=mm&r=g","caption":"J\u00f6rg Lau"},"url":"https:\/\/blog.zeit.de\/joerglau\/author\/joerg-lau"}]}},"jetpack_featured_media_url":"","jetpack_sharing_enabled":true,"jetpack_shortlink":"https:\/\/wp.me\/pG02W-tc","_links":{"self":[{"href":"https:\/\/blog.zeit.de\/joerglau\/wp-json\/wp\/v2\/posts\/1810","targetHints":{"allow":["GET"]}}],"collection":[{"href":"https:\/\/blog.zeit.de\/joerglau\/wp-json\/wp\/v2\/posts"}],"about":[{"href":"https:\/\/blog.zeit.de\/joerglau\/wp-json\/wp\/v2\/types\/post"}],"author":[{"embeddable":true,"href":"https:\/\/blog.zeit.de\/joerglau\/wp-json\/wp\/v2\/users\/54"}],"replies":[{"embeddable":true,"href":"https:\/\/blog.zeit.de\/joerglau\/wp-json\/wp\/v2\/comments?post=1810"}],"version-history":[{"count":0,"href":"https:\/\/blog.zeit.de\/joerglau\/wp-json\/wp\/v2\/posts\/1810\/revisions"}],"wp:attachment":[{"href":"https:\/\/blog.zeit.de\/joerglau\/wp-json\/wp\/v2\/media?parent=1810"}],"wp:term":[{"taxonomy":"category","embeddable":true,"href":"https:\/\/blog.zeit.de\/joerglau\/wp-json\/wp\/v2\/categories?post=1810"},{"taxonomy":"post_tag","embeddable":true,"href":"https:\/\/blog.zeit.de\/joerglau\/wp-json\/wp\/v2\/tags?post=1810"}],"curies":[{"name":"wp","href":"https:\/\/api.w.org\/{rel}","templated":true}]}}