{"id":1883,"date":"2009-01-13T15:27:11","date_gmt":"2009-01-13T14:27:11","guid":{"rendered":"http:\/\/blog.zeit.de\/joerglau\/?p=1883"},"modified":"2009-01-13T15:27:11","modified_gmt":"2009-01-13T14:27:11","slug":"der-islam-faschismus-marschiert-die-polizei-schaut-zu","status":"publish","type":"post","link":"https:\/\/blog.zeit.de\/joerglau\/2009\/01\/13\/der-islam-faschismus-marschiert-die-polizei-schaut-zu_1883","title":{"rendered":"Der Islam-Faschismus marschiert &#8211; die Polizei schaut zu"},"content":{"rendered":"<p>Bilder von der Berliner Anti-Israel Demonstration am Wochenende: Teilnehmer schreien &#8222;Tod, Tod, Israel&#8220; &#8211; vollkommen unbehelligt, ja offenbar gesch\u00fctzt von den deutschen Ordnungskr\u00e4ften. Eine Teilnehmerin ruft laut und deutlich &#8222;Juden raus aus Pal\u00e4stina&#8220; in die Kamera. Eine starke Gruppe der Kalifatspartei Hizb-ut-Tahrir marschiert als Block und schreit, in gutem Deutsch: &#8222;Eine Umma, ein Staat. Die L\u00f6sung ist das Kalifat.&#8220; Dann bedankt sich der Generalsekret\u00e4r von Milli G\u00f6r\u00fcs, Oguz \u00dcc\u00fcnc\u00fc, bei den Anwesenden. Kr\u00f6nender Abschlu\u00df: Ein Statement der Marxistisch Leninistischen Partei Deutschlands gegen Israel. Nach Beobachtungen von Augenzeugen waren auch bekannte Neonazis mit in der Demo, die etwa 7.000 Teilnehmer hatte. Ein Plakat trug die Aufschrift: &#8222;Der Holocaust ist kein deutsches Monopol. B\u00fcrger Deutschlands, befreit euch vom Schuldkomplex der Geschichte.&#8220;<\/p>\n<p><object classid=\"clsid:d27cdb6e-ae6d-11cf-96b8-444553540000\" width=\"425\" height=\"344\" codebase=\"http:\/\/download.macromedia.com\/pub\/shockwave\/cabs\/flash\/swflash.cab#version=6,0,40,0\"><param name=\"allowFullScreen\" value=\"true\" \/><param name=\"allowscriptaccess\" value=\"always\" \/><param name=\"src\" value=\"http:\/\/www.youtube.com\/v\/OEAzR2RUjFE&amp;hl=de&amp;fs=1\" \/><\/object><\/p>\n","protected":false},"excerpt":{"rendered":"<p>Bilder von der Berliner Anti-Israel Demonstration am Wochenende: Teilnehmer schreien &#8222;Tod, Tod, Israel&#8220; &#8211; vollkommen unbehelligt, ja offenbar gesch\u00fctzt von den deutschen Ordnungskr\u00e4ften. Eine Teilnehmerin ruft laut und deutlich &#8222;Juden raus aus Pal\u00e4stina&#8220; in die Kamera. Eine starke Gruppe der Kalifatspartei Hizb-ut-Tahrir marschiert als Block und schreit, in gutem Deutsch: &#8222;Eine Umma, ein Staat. Die [&hellip;]<\/p>\n","protected":false},"author":54,"featured_media":0,"comment_status":"open","ping_status":"closed","sticky":false,"template":"","format":"standard","meta":{"jetpack_post_was_ever_published":false,"footnotes":""},"categories":[157,167,168,173],"tags":[],"class_list":["post-1883","post","type-post","status-publish","format-standard","hentry","category-die-freunde-und-die-feinde-des-islams","category-islamismus-und-terror","category-israel","category-palastina"],"yoast_head":"<!-- This site is optimized with the Yoast SEO plugin v21.0 - https:\/\/yoast.com\/wordpress\/plugins\/seo\/ -->\n<title>Der Islam-Faschismus marschiert - die Polizei schaut zu - J\u00f6rg Lau<\/title>\n<meta name=\"robots\" content=\"index, follow, max-snippet:-1, max-image-preview:large, max-video-preview:-1\" \/>\n<link rel=\"canonical\" href=\"https:\/\/blog.zeit.de\/joerglau\/2009\/01\/13\/der-islam-faschismus-marschiert-die-polizei-schaut-zu_1883\" \/>\n<meta property=\"og:locale\" content=\"de_DE\" \/>\n<meta property=\"og:type\" content=\"article\" \/>\n<meta property=\"og:title\" content=\"Der Islam-Faschismus marschiert - die Polizei schaut zu - J\u00f6rg Lau\" \/>\n<meta property=\"og:description\" content=\"Bilder von der Berliner Anti-Israel Demonstration am Wochenende: Teilnehmer schreien &#8222;Tod, Tod, Israel&#8220; &#8211; vollkommen unbehelligt, ja offenbar gesch\u00fctzt von den deutschen Ordnungskr\u00e4ften. Eine Teilnehmerin ruft laut und deutlich &#8222;Juden raus aus Pal\u00e4stina&#8220; in die Kamera. Eine starke Gruppe der Kalifatspartei Hizb-ut-Tahrir marschiert als Block und schreit, in gutem Deutsch: &#8222;Eine Umma, ein Staat. Die [&hellip;]\" \/>\n<meta property=\"og:url\" content=\"https:\/\/blog.zeit.de\/joerglau\/2009\/01\/13\/der-islam-faschismus-marschiert-die-polizei-schaut-zu_1883\" \/>\n<meta property=\"og:site_name\" content=\"J\u00f6rg Lau\" \/>\n<meta property=\"article:published_time\" content=\"2009-01-13T14:27:11+00:00\" \/>\n<meta name=\"author\" content=\"J\u00f6rg Lau\" \/>\n<meta name=\"twitter:card\" content=\"summary_large_image\" \/>\n<meta name=\"twitter:label1\" content=\"Geschrieben von\" \/>\n\t<meta name=\"twitter:data1\" content=\"J\u00f6rg Lau\" \/>\n\t<meta name=\"twitter:label2\" content=\"Gesch\u00e4tzte Lesezeit\" \/>\n\t<meta name=\"twitter:data2\" content=\"1\u00a0Minute\" \/>\n<script type=\"application\/ld+json\" class=\"yoast-schema-graph\">{\"@context\":\"https:\/\/schema.org\",\"@graph\":[{\"@type\":\"WebPage\",\"@id\":\"https:\/\/blog.zeit.de\/joerglau\/2009\/01\/13\/der-islam-faschismus-marschiert-die-polizei-schaut-zu_1883\",\"url\":\"https:\/\/blog.zeit.de\/joerglau\/2009\/01\/13\/der-islam-faschismus-marschiert-die-polizei-schaut-zu_1883\",\"name\":\"Der Islam-Faschismus marschiert - die Polizei schaut zu - J\u00f6rg Lau\",\"isPartOf\":{\"@id\":\"https:\/\/blog.zeit.de\/joerglau\/#website\"},\"datePublished\":\"2009-01-13T14:27:11+00:00\",\"dateModified\":\"2009-01-13T14:27:11+00:00\",\"author\":{\"@id\":\"https:\/\/blog.zeit.de\/joerglau\/#\/schema\/person\/55f0be9bfac24815791fbc852b042f57\"},\"breadcrumb\":{\"@id\":\"https:\/\/blog.zeit.de\/joerglau\/2009\/01\/13\/der-islam-faschismus-marschiert-die-polizei-schaut-zu_1883#breadcrumb\"},\"inLanguage\":\"de\",\"potentialAction\":[{\"@type\":\"ReadAction\",\"target\":[\"https:\/\/blog.zeit.de\/joerglau\/2009\/01\/13\/der-islam-faschismus-marschiert-die-polizei-schaut-zu_1883\"]}]},{\"@type\":\"BreadcrumbList\",\"@id\":\"https:\/\/blog.zeit.de\/joerglau\/2009\/01\/13\/der-islam-faschismus-marschiert-die-polizei-schaut-zu_1883#breadcrumb\",\"itemListElement\":[{\"@type\":\"ListItem\",\"position\":1,\"name\":\"Startseite\",\"item\":\"https:\/\/blog.zeit.de\/joerglau\"},{\"@type\":\"ListItem\",\"position\":2,\"name\":\"Der Islam-Faschismus marschiert &#8211; die Polizei schaut zu\"}]},{\"@type\":\"WebSite\",\"@id\":\"https:\/\/blog.zeit.de\/joerglau\/#website\",\"url\":\"https:\/\/blog.zeit.de\/joerglau\/\",\"name\":\"J\u00f6rg Lau\",\"description\":\"Ein Blog \u00fcber Religion und Politik\",\"potentialAction\":[{\"@type\":\"SearchAction\",\"target\":{\"@type\":\"EntryPoint\",\"urlTemplate\":\"https:\/\/blog.zeit.de\/joerglau\/?s={search_term_string}\"},\"query-input\":\"required name=search_term_string\"}],\"inLanguage\":\"de\"},{\"@type\":\"Person\",\"@id\":\"https:\/\/blog.zeit.de\/joerglau\/#\/schema\/person\/55f0be9bfac24815791fbc852b042f57\",\"name\":\"J\u00f6rg Lau\",\"image\":{\"@type\":\"ImageObject\",\"inLanguage\":\"de\",\"@id\":\"https:\/\/blog.zeit.de\/joerglau\/#\/schema\/person\/image\/\",\"url\":\"https:\/\/secure.gravatar.com\/avatar\/a5fe39bf4f5335b8bac36eefa0b41467221b1598bfea5f05159a0199e391eed0?s=96&d=mm&r=g\",\"contentUrl\":\"https:\/\/secure.gravatar.com\/avatar\/a5fe39bf4f5335b8bac36eefa0b41467221b1598bfea5f05159a0199e391eed0?s=96&d=mm&r=g\",\"caption\":\"J\u00f6rg Lau\"},\"url\":\"https:\/\/blog.zeit.de\/joerglau\/author\/joerg-lau\"}]}<\/script>\n<!-- \/ Yoast SEO plugin. -->","yoast_head_json":{"title":"Der Islam-Faschismus marschiert - die Polizei schaut zu - J\u00f6rg Lau","robots":{"index":"index","follow":"follow","max-snippet":"max-snippet:-1","max-image-preview":"max-image-preview:large","max-video-preview":"max-video-preview:-1"},"canonical":"https:\/\/blog.zeit.de\/joerglau\/2009\/01\/13\/der-islam-faschismus-marschiert-die-polizei-schaut-zu_1883","og_locale":"de_DE","og_type":"article","og_title":"Der Islam-Faschismus marschiert - die Polizei schaut zu - J\u00f6rg Lau","og_description":"Bilder von der Berliner Anti-Israel Demonstration am Wochenende: Teilnehmer schreien &#8222;Tod, Tod, Israel&#8220; &#8211; vollkommen unbehelligt, ja offenbar gesch\u00fctzt von den deutschen Ordnungskr\u00e4ften. Eine Teilnehmerin ruft laut und deutlich &#8222;Juden raus aus Pal\u00e4stina&#8220; in die Kamera. Eine starke Gruppe der Kalifatspartei Hizb-ut-Tahrir marschiert als Block und schreit, in gutem Deutsch: &#8222;Eine Umma, ein Staat. Die [&hellip;]","og_url":"https:\/\/blog.zeit.de\/joerglau\/2009\/01\/13\/der-islam-faschismus-marschiert-die-polizei-schaut-zu_1883","og_site_name":"J\u00f6rg Lau","article_published_time":"2009-01-13T14:27:11+00:00","author":"J\u00f6rg Lau","twitter_card":"summary_large_image","twitter_misc":{"Geschrieben von":"J\u00f6rg Lau","Gesch\u00e4tzte Lesezeit":"1\u00a0Minute"},"schema":{"@context":"https:\/\/schema.org","@graph":[{"@type":"WebPage","@id":"https:\/\/blog.zeit.de\/joerglau\/2009\/01\/13\/der-islam-faschismus-marschiert-die-polizei-schaut-zu_1883","url":"https:\/\/blog.zeit.de\/joerglau\/2009\/01\/13\/der-islam-faschismus-marschiert-die-polizei-schaut-zu_1883","name":"Der Islam-Faschismus marschiert - die Polizei schaut zu - J\u00f6rg Lau","isPartOf":{"@id":"https:\/\/blog.zeit.de\/joerglau\/#website"},"datePublished":"2009-01-13T14:27:11+00:00","dateModified":"2009-01-13T14:27:11+00:00","author":{"@id":"https:\/\/blog.zeit.de\/joerglau\/#\/schema\/person\/55f0be9bfac24815791fbc852b042f57"},"breadcrumb":{"@id":"https:\/\/blog.zeit.de\/joerglau\/2009\/01\/13\/der-islam-faschismus-marschiert-die-polizei-schaut-zu_1883#breadcrumb"},"inLanguage":"de","potentialAction":[{"@type":"ReadAction","target":["https:\/\/blog.zeit.de\/joerglau\/2009\/01\/13\/der-islam-faschismus-marschiert-die-polizei-schaut-zu_1883"]}]},{"@type":"BreadcrumbList","@id":"https:\/\/blog.zeit.de\/joerglau\/2009\/01\/13\/der-islam-faschismus-marschiert-die-polizei-schaut-zu_1883#breadcrumb","itemListElement":[{"@type":"ListItem","position":1,"name":"Startseite","item":"https:\/\/blog.zeit.de\/joerglau"},{"@type":"ListItem","position":2,"name":"Der Islam-Faschismus marschiert &#8211; die Polizei schaut zu"}]},{"@type":"WebSite","@id":"https:\/\/blog.zeit.de\/joerglau\/#website","url":"https:\/\/blog.zeit.de\/joerglau\/","name":"J\u00f6rg Lau","description":"Ein Blog \u00fcber Religion und Politik","potentialAction":[{"@type":"SearchAction","target":{"@type":"EntryPoint","urlTemplate":"https:\/\/blog.zeit.de\/joerglau\/?s={search_term_string}"},"query-input":"required name=search_term_string"}],"inLanguage":"de"},{"@type":"Person","@id":"https:\/\/blog.zeit.de\/joerglau\/#\/schema\/person\/55f0be9bfac24815791fbc852b042f57","name":"J\u00f6rg Lau","image":{"@type":"ImageObject","inLanguage":"de","@id":"https:\/\/blog.zeit.de\/joerglau\/#\/schema\/person\/image\/","url":"https:\/\/secure.gravatar.com\/avatar\/a5fe39bf4f5335b8bac36eefa0b41467221b1598bfea5f05159a0199e391eed0?s=96&d=mm&r=g","contentUrl":"https:\/\/secure.gravatar.com\/avatar\/a5fe39bf4f5335b8bac36eefa0b41467221b1598bfea5f05159a0199e391eed0?s=96&d=mm&r=g","caption":"J\u00f6rg Lau"},"url":"https:\/\/blog.zeit.de\/joerglau\/author\/joerg-lau"}]}},"jetpack_featured_media_url":"","jetpack_sharing_enabled":true,"jetpack_shortlink":"https:\/\/wp.me\/pG02W-un","_links":{"self":[{"href":"https:\/\/blog.zeit.de\/joerglau\/wp-json\/wp\/v2\/posts\/1883","targetHints":{"allow":["GET"]}}],"collection":[{"href":"https:\/\/blog.zeit.de\/joerglau\/wp-json\/wp\/v2\/posts"}],"about":[{"href":"https:\/\/blog.zeit.de\/joerglau\/wp-json\/wp\/v2\/types\/post"}],"author":[{"embeddable":true,"href":"https:\/\/blog.zeit.de\/joerglau\/wp-json\/wp\/v2\/users\/54"}],"replies":[{"embeddable":true,"href":"https:\/\/blog.zeit.de\/joerglau\/wp-json\/wp\/v2\/comments?post=1883"}],"version-history":[{"count":0,"href":"https:\/\/blog.zeit.de\/joerglau\/wp-json\/wp\/v2\/posts\/1883\/revisions"}],"wp:attachment":[{"href":"https:\/\/blog.zeit.de\/joerglau\/wp-json\/wp\/v2\/media?parent=1883"}],"wp:term":[{"taxonomy":"category","embeddable":true,"href":"https:\/\/blog.zeit.de\/joerglau\/wp-json\/wp\/v2\/categories?post=1883"},{"taxonomy":"post_tag","embeddable":true,"href":"https:\/\/blog.zeit.de\/joerglau\/wp-json\/wp\/v2\/tags?post=1883"}],"curies":[{"name":"wp","href":"https:\/\/api.w.org\/{rel}","templated":true}]}}