{"id":194,"date":"2007-02-05T18:26:38","date_gmt":"2007-02-05T16:26:38","guid":{"rendered":"http:\/\/blog.zeit.de\/joerglau\/2007\/02\/05\/unglaubige-aller-konfessionen-vereinigt-euch_194"},"modified":"2007-02-05T18:26:38","modified_gmt":"2007-02-05T16:26:38","slug":"unglaubige-aller-konfessionen-vereinigt-euch","status":"publish","type":"post","link":"https:\/\/blog.zeit.de\/joerglau\/2007\/02\/05\/unglaubige-aller-konfessionen-vereinigt-euch_194","title":{"rendered":"Ungl\u00e4ubige aller Konfessionen &#8211; vereinigt Euch!"},"content":{"rendered":"<p>Atheisten haben es schwer im Klima der neuen Religiosit\u00e4t. Der Glaube spielt weltpolitisch eine grosse Rolle &#8211; sei es in Form des Evangelikalentums, des revitalisierten Katholizismus oder des islamischen Bruderkampfes zwischen Reformern udn radikalen (oder zwischen Sunniten und Schiiten). Was wird da aus den Gottlosen?<\/p>\n<p><img loading=\"lazy\" decoding=\"async\" width=\"297\" height=\"384\" alt=\"arkanum_popup1.jpg\" id=\"image193\" src=\"https:\/\/blog.zeit.de\/joerglau\/files\/2007\/02\/arkanum_popup1.jpg\" \/><\/p>\n<p><em>Der vollst\u00e4ndige Name Gottes, vom spanischen <\/em><\/p>\n<p><em>Kabbalisten Abulafia grafisch aus 72 Kurzformen <\/em><\/p>\n<p><em>zusammengestellt Abb.: J\u00fcdisches Museum<br \/>\n<\/em><\/p>\n<p>Zwar glauben immer weniger Menschen an Gott, aber die meisten sind nur lauwarme Gottlose aus Metaphysik-M\u00fcdigkeit und k\u00f6nnten kaum begr\u00fcnden, warum sie nicht glauben. (Auch interessant, dass sich hier die Beweislast verschoben hat!)<br \/>\nEine unzeitgem\u00e4sse Betrachtung des Scharfdenkers Burkhard M\u00fcller im neuen <em>Merkur<\/em> (<a href=\"http:\/\/www.online-merkur.de\/seiten\/lp200702a.php\">hier online<\/a>) verspricht Abhilfe. Warum wir das Konzept Gott nicht brauchen, ist lange nicht mehr so selbstbewusst dargelegt worden:<\/p>\n<blockquote><p>&#8222;Da\u00df es etwas gibt und nicht vielmehr nichts, ist das gro\u00dfe Wunder \u00fcberhaupt. Alle weiteren Merkw\u00fcrdigkeiten, bis hin zum Dasein der Lebewesen und des Menschen, treten dahinter als dessen blo\u00dfe Modifikationen zur\u00fcck. Die Welt schreit nach einer Begr\u00fcndung und Erkl\u00e4rung. (&#8230;)<\/p>\n<p>Alles was ist, will erkl\u00e4rt werden, und jede Erkl\u00e4rung dreht sich auf dem Absatz um und bietet sich als neues R\u00e4tsel dar.<\/p>\n<p>Hier nun scheint es sich sehr zu empfehlen, da\u00df man festsetzt: Es war Gott, der die Welt erschuf. Damit hebt die Heilige Schrift an. Welche Aufgabe f\u00e4llt dabei Gott zu? Er soll den unendlichen Regre\u00df der Fragen zum Stillstand bringen. Aber das vermag er letztlich nur dadurch, da\u00df er als das begriffgewordene Frageverbot auftritt. Gott ist, was nicht weiter begr\u00fcndet werden mu\u00df und erkl\u00e4rt werden kann, was da ist. An Gott glauben, hei\u00dft das so haben wollen; Gott lieben, es als Erleichterung zu empfinden. Nimmt man die Sache aber einmal nicht psychologisch, sondern logisch und \u00f6konomisch, so wird man bemerken, da\u00df man dasselbe Ergebnis bedeutend preiswerter haben k\u00f6nnte: Man sieht Gott nicht, man mu\u00df eigens Mut zum Unsichtbaren fassen und ihn glauben. Das kostet Kraft. Bliebe man beim Sichtbaren und w\u00e4re man bereit, dessen starre Majest\u00e4t anzuerkennen und auf sich beruhen zu lassen, so h\u00e4tte man es ebenfalls mit der Unzug\u00e4nglichkeit des Urr\u00e4tsels zu tun, jedoch bei deutlich geringerem Aufwand an Ehrfurcht und Behauptungsenergie.<\/p>\n<p>Wer an Gott glaubt, findet genau genommen nicht nur eine unerkl\u00e4rte Grundtatsache vor, sondern gleich deren drei: zun\u00e4chst Gott selbst; dann den von ihm ausgehenden Sch\u00f6pfungsimpuls (denn warum sollte der Erhabene sich zu dieser kleinteiligen Bastelei herablassen?); und schlie\u00dflich das Mi\u00dfverh\u00e4ltnis des vollkommenen Urhebers zu einem Produkt, das h\u00e4ngt und klemmt an allen Enden. Platon hat das Problem, da\u00df ein vollkommener Gott die unvollkommene Welt geschaffen haben soll, gesp\u00fcrt und die Zwischeninstanz seines Demiurgen eingef\u00fchrt, des Handwerkers, dem die Schaffung der Welt von Gott \u00fcbertragen wurde \u2013 das hei\u00dft die Frage hierarchisch, gewisserma\u00dfen auf dem Dienstweg, \u00fcberspielen wollen. Funktionieren kann es nicht.&#8220;<\/p><\/blockquote>\n","protected":false},"excerpt":{"rendered":"<p>Atheisten haben es schwer im Klima der neuen Religiosit\u00e4t. Der Glaube spielt weltpolitisch eine grosse Rolle &#8211; sei es in Form des Evangelikalentums, des revitalisierten Katholizismus oder des islamischen Bruderkampfes zwischen Reformern udn radikalen (oder zwischen Sunniten und Schiiten). Was wird da aus den Gottlosen? Der vollst\u00e4ndige Name Gottes, vom spanischen Kabbalisten Abulafia grafisch aus [&hellip;]<\/p>\n","protected":false},"author":54,"featured_media":0,"comment_status":"open","ping_status":"closed","sticky":false,"template":"","format":"standard","meta":{"jetpack_post_was_ever_published":false,"footnotes":""},"categories":[175],"tags":[],"class_list":["post-194","post","type-post","status-publish","format-standard","hentry","category-religionen-und-rituale"],"yoast_head":"<!-- This site is optimized with the Yoast SEO plugin v21.0 - https:\/\/yoast.com\/wordpress\/plugins\/seo\/ -->\n<title>Ungl\u00e4ubige aller Konfessionen - vereinigt Euch! - J\u00f6rg Lau<\/title>\n<meta name=\"robots\" content=\"index, follow, max-snippet:-1, max-image-preview:large, max-video-preview:-1\" \/>\n<link rel=\"canonical\" href=\"https:\/\/blog.zeit.de\/joerglau\/2007\/02\/05\/unglaubige-aller-konfessionen-vereinigt-euch_194\" \/>\n<meta property=\"og:locale\" content=\"de_DE\" \/>\n<meta property=\"og:type\" content=\"article\" \/>\n<meta property=\"og:title\" content=\"Ungl\u00e4ubige aller Konfessionen - vereinigt Euch! - J\u00f6rg Lau\" \/>\n<meta property=\"og:description\" content=\"Atheisten haben es schwer im Klima der neuen Religiosit\u00e4t. Der Glaube spielt weltpolitisch eine grosse Rolle &#8211; sei es in Form des Evangelikalentums, des revitalisierten Katholizismus oder des islamischen Bruderkampfes zwischen Reformern udn radikalen (oder zwischen Sunniten und Schiiten). Was wird da aus den Gottlosen? Der vollst\u00e4ndige Name Gottes, vom spanischen Kabbalisten Abulafia grafisch aus [&hellip;]\" \/>\n<meta property=\"og:url\" content=\"https:\/\/blog.zeit.de\/joerglau\/2007\/02\/05\/unglaubige-aller-konfessionen-vereinigt-euch_194\" \/>\n<meta property=\"og:site_name\" content=\"J\u00f6rg Lau\" \/>\n<meta property=\"article:published_time\" content=\"2007-02-05T16:26:38+00:00\" \/>\n<meta property=\"og:image\" content=\"https:\/\/blog.zeit.de\/joerglau\/files\/2007\/02\/arkanum_popup1.jpg\" \/>\n<meta name=\"author\" content=\"J\u00f6rg Lau\" \/>\n<meta name=\"twitter:card\" content=\"summary_large_image\" \/>\n<meta name=\"twitter:label1\" content=\"Geschrieben von\" \/>\n\t<meta name=\"twitter:data1\" content=\"J\u00f6rg Lau\" \/>\n\t<meta name=\"twitter:label2\" content=\"Gesch\u00e4tzte Lesezeit\" \/>\n\t<meta name=\"twitter:data2\" content=\"2\u00a0Minuten\" \/>\n<script type=\"application\/ld+json\" class=\"yoast-schema-graph\">{\"@context\":\"https:\/\/schema.org\",\"@graph\":[{\"@type\":\"WebPage\",\"@id\":\"https:\/\/blog.zeit.de\/joerglau\/2007\/02\/05\/unglaubige-aller-konfessionen-vereinigt-euch_194\",\"url\":\"https:\/\/blog.zeit.de\/joerglau\/2007\/02\/05\/unglaubige-aller-konfessionen-vereinigt-euch_194\",\"name\":\"Ungl\u00e4ubige aller Konfessionen - vereinigt Euch! - J\u00f6rg Lau\",\"isPartOf\":{\"@id\":\"https:\/\/blog.zeit.de\/joerglau\/#website\"},\"datePublished\":\"2007-02-05T16:26:38+00:00\",\"dateModified\":\"2007-02-05T16:26:38+00:00\",\"author\":{\"@id\":\"https:\/\/blog.zeit.de\/joerglau\/#\/schema\/person\/55f0be9bfac24815791fbc852b042f57\"},\"breadcrumb\":{\"@id\":\"https:\/\/blog.zeit.de\/joerglau\/2007\/02\/05\/unglaubige-aller-konfessionen-vereinigt-euch_194#breadcrumb\"},\"inLanguage\":\"de\",\"potentialAction\":[{\"@type\":\"ReadAction\",\"target\":[\"https:\/\/blog.zeit.de\/joerglau\/2007\/02\/05\/unglaubige-aller-konfessionen-vereinigt-euch_194\"]}]},{\"@type\":\"BreadcrumbList\",\"@id\":\"https:\/\/blog.zeit.de\/joerglau\/2007\/02\/05\/unglaubige-aller-konfessionen-vereinigt-euch_194#breadcrumb\",\"itemListElement\":[{\"@type\":\"ListItem\",\"position\":1,\"name\":\"Startseite\",\"item\":\"https:\/\/blog.zeit.de\/joerglau\"},{\"@type\":\"ListItem\",\"position\":2,\"name\":\"Ungl\u00e4ubige aller Konfessionen &#8211; vereinigt Euch!\"}]},{\"@type\":\"WebSite\",\"@id\":\"https:\/\/blog.zeit.de\/joerglau\/#website\",\"url\":\"https:\/\/blog.zeit.de\/joerglau\/\",\"name\":\"J\u00f6rg Lau\",\"description\":\"Ein Blog \u00fcber Religion und Politik\",\"potentialAction\":[{\"@type\":\"SearchAction\",\"target\":{\"@type\":\"EntryPoint\",\"urlTemplate\":\"https:\/\/blog.zeit.de\/joerglau\/?s={search_term_string}\"},\"query-input\":\"required name=search_term_string\"}],\"inLanguage\":\"de\"},{\"@type\":\"Person\",\"@id\":\"https:\/\/blog.zeit.de\/joerglau\/#\/schema\/person\/55f0be9bfac24815791fbc852b042f57\",\"name\":\"J\u00f6rg Lau\",\"image\":{\"@type\":\"ImageObject\",\"inLanguage\":\"de\",\"@id\":\"https:\/\/blog.zeit.de\/joerglau\/#\/schema\/person\/image\/\",\"url\":\"https:\/\/secure.gravatar.com\/avatar\/a5fe39bf4f5335b8bac36eefa0b41467221b1598bfea5f05159a0199e391eed0?s=96&d=mm&r=g\",\"contentUrl\":\"https:\/\/secure.gravatar.com\/avatar\/a5fe39bf4f5335b8bac36eefa0b41467221b1598bfea5f05159a0199e391eed0?s=96&d=mm&r=g\",\"caption\":\"J\u00f6rg Lau\"},\"url\":\"https:\/\/blog.zeit.de\/joerglau\/author\/joerg-lau\"}]}<\/script>\n<!-- \/ Yoast SEO plugin. -->","yoast_head_json":{"title":"Ungl\u00e4ubige aller Konfessionen - vereinigt Euch! - J\u00f6rg Lau","robots":{"index":"index","follow":"follow","max-snippet":"max-snippet:-1","max-image-preview":"max-image-preview:large","max-video-preview":"max-video-preview:-1"},"canonical":"https:\/\/blog.zeit.de\/joerglau\/2007\/02\/05\/unglaubige-aller-konfessionen-vereinigt-euch_194","og_locale":"de_DE","og_type":"article","og_title":"Ungl\u00e4ubige aller Konfessionen - vereinigt Euch! - J\u00f6rg Lau","og_description":"Atheisten haben es schwer im Klima der neuen Religiosit\u00e4t. Der Glaube spielt weltpolitisch eine grosse Rolle &#8211; sei es in Form des Evangelikalentums, des revitalisierten Katholizismus oder des islamischen Bruderkampfes zwischen Reformern udn radikalen (oder zwischen Sunniten und Schiiten). Was wird da aus den Gottlosen? Der vollst\u00e4ndige Name Gottes, vom spanischen Kabbalisten Abulafia grafisch aus [&hellip;]","og_url":"https:\/\/blog.zeit.de\/joerglau\/2007\/02\/05\/unglaubige-aller-konfessionen-vereinigt-euch_194","og_site_name":"J\u00f6rg Lau","article_published_time":"2007-02-05T16:26:38+00:00","og_image":[{"url":"https:\/\/blog.zeit.de\/joerglau\/files\/2007\/02\/arkanum_popup1.jpg"}],"author":"J\u00f6rg Lau","twitter_card":"summary_large_image","twitter_misc":{"Geschrieben von":"J\u00f6rg Lau","Gesch\u00e4tzte Lesezeit":"2\u00a0Minuten"},"schema":{"@context":"https:\/\/schema.org","@graph":[{"@type":"WebPage","@id":"https:\/\/blog.zeit.de\/joerglau\/2007\/02\/05\/unglaubige-aller-konfessionen-vereinigt-euch_194","url":"https:\/\/blog.zeit.de\/joerglau\/2007\/02\/05\/unglaubige-aller-konfessionen-vereinigt-euch_194","name":"Ungl\u00e4ubige aller Konfessionen - vereinigt Euch! - J\u00f6rg Lau","isPartOf":{"@id":"https:\/\/blog.zeit.de\/joerglau\/#website"},"datePublished":"2007-02-05T16:26:38+00:00","dateModified":"2007-02-05T16:26:38+00:00","author":{"@id":"https:\/\/blog.zeit.de\/joerglau\/#\/schema\/person\/55f0be9bfac24815791fbc852b042f57"},"breadcrumb":{"@id":"https:\/\/blog.zeit.de\/joerglau\/2007\/02\/05\/unglaubige-aller-konfessionen-vereinigt-euch_194#breadcrumb"},"inLanguage":"de","potentialAction":[{"@type":"ReadAction","target":["https:\/\/blog.zeit.de\/joerglau\/2007\/02\/05\/unglaubige-aller-konfessionen-vereinigt-euch_194"]}]},{"@type":"BreadcrumbList","@id":"https:\/\/blog.zeit.de\/joerglau\/2007\/02\/05\/unglaubige-aller-konfessionen-vereinigt-euch_194#breadcrumb","itemListElement":[{"@type":"ListItem","position":1,"name":"Startseite","item":"https:\/\/blog.zeit.de\/joerglau"},{"@type":"ListItem","position":2,"name":"Ungl\u00e4ubige aller Konfessionen &#8211; vereinigt Euch!"}]},{"@type":"WebSite","@id":"https:\/\/blog.zeit.de\/joerglau\/#website","url":"https:\/\/blog.zeit.de\/joerglau\/","name":"J\u00f6rg Lau","description":"Ein Blog \u00fcber Religion und Politik","potentialAction":[{"@type":"SearchAction","target":{"@type":"EntryPoint","urlTemplate":"https:\/\/blog.zeit.de\/joerglau\/?s={search_term_string}"},"query-input":"required name=search_term_string"}],"inLanguage":"de"},{"@type":"Person","@id":"https:\/\/blog.zeit.de\/joerglau\/#\/schema\/person\/55f0be9bfac24815791fbc852b042f57","name":"J\u00f6rg Lau","image":{"@type":"ImageObject","inLanguage":"de","@id":"https:\/\/blog.zeit.de\/joerglau\/#\/schema\/person\/image\/","url":"https:\/\/secure.gravatar.com\/avatar\/a5fe39bf4f5335b8bac36eefa0b41467221b1598bfea5f05159a0199e391eed0?s=96&d=mm&r=g","contentUrl":"https:\/\/secure.gravatar.com\/avatar\/a5fe39bf4f5335b8bac36eefa0b41467221b1598bfea5f05159a0199e391eed0?s=96&d=mm&r=g","caption":"J\u00f6rg Lau"},"url":"https:\/\/blog.zeit.de\/joerglau\/author\/joerg-lau"}]}},"jetpack_featured_media_url":"","jetpack_sharing_enabled":true,"jetpack_shortlink":"https:\/\/wp.me\/pG02W-38","_links":{"self":[{"href":"https:\/\/blog.zeit.de\/joerglau\/wp-json\/wp\/v2\/posts\/194","targetHints":{"allow":["GET"]}}],"collection":[{"href":"https:\/\/blog.zeit.de\/joerglau\/wp-json\/wp\/v2\/posts"}],"about":[{"href":"https:\/\/blog.zeit.de\/joerglau\/wp-json\/wp\/v2\/types\/post"}],"author":[{"embeddable":true,"href":"https:\/\/blog.zeit.de\/joerglau\/wp-json\/wp\/v2\/users\/54"}],"replies":[{"embeddable":true,"href":"https:\/\/blog.zeit.de\/joerglau\/wp-json\/wp\/v2\/comments?post=194"}],"version-history":[{"count":0,"href":"https:\/\/blog.zeit.de\/joerglau\/wp-json\/wp\/v2\/posts\/194\/revisions"}],"wp:attachment":[{"href":"https:\/\/blog.zeit.de\/joerglau\/wp-json\/wp\/v2\/media?parent=194"}],"wp:term":[{"taxonomy":"category","embeddable":true,"href":"https:\/\/blog.zeit.de\/joerglau\/wp-json\/wp\/v2\/categories?post=194"},{"taxonomy":"post_tag","embeddable":true,"href":"https:\/\/blog.zeit.de\/joerglau\/wp-json\/wp\/v2\/tags?post=194"}],"curies":[{"name":"wp","href":"https:\/\/api.w.org\/{rel}","templated":true}]}}