{"id":195,"date":"2007-02-05T23:59:45","date_gmt":"2007-02-05T21:59:45","guid":{"rendered":"http:\/\/blog.zeit.de\/joerglau\/2007\/02\/05\/islamismus-in-deutschland_195"},"modified":"2007-02-05T23:59:45","modified_gmt":"2007-02-05T21:59:45","slug":"islamismus-in-deutschland","status":"publish","type":"post","link":"https:\/\/blog.zeit.de\/joerglau\/2007\/02\/05\/islamismus-in-deutschland_195","title":{"rendered":"Islamismus in Deutschland"},"content":{"rendered":"<p>Termin: 14. Februar 2007 von  15.00 &#8211; 18.00 Uhr in der Friedrich-Ebert-Stiftung, Berlin, Hiroshimastrasse, Tiergarten<\/p>\n<p>Wort und Begriff &#8222;Islamismus&#8220; sind schon lange in der Diskussion. H\u00e4ufig ist nicht klar, was damit gemeint ist. Gelegentlich werden &#8222;Islam&#8220; und &#8222;Islamismus&#8220; gleichgesetzt. Wir fragen bei Experten nach und wollen Muslime fragen, wie sie mit dem Thema Islamismus umgehen.<\/p>\n<p>15.oo Uhr<br \/>\nBegr\u00fc\u00dfung und Einf\u00fchrung: Prof. Dr. Thomas Meyer, FES<\/p>\n<p>15.15 Uhr<br \/>\n&#8222;Islamismus in Deutschland&#8220;, Prof. Dr. Mathias Rohe, Universit\u00e4t Erlangen<\/p>\n<p>anschlie\u00dfend Diskussion<\/p>\n<p>16. 30 Uhr<br \/>\n&#8222;Islamismus &#8211; eine Herausforderung f\u00fcr den Islam in Deutschland?&#8220;<br \/>\nAiman Mazyek, Zentralrat der Muslime in Deutschland, K\u00f6ln<br \/>\nOguz \u00dcc\u00fcnc\u00fc, Islamische Gemeinschaft Milli G\u00f6r\u00fcs, Kerpen<br \/>\nBekir Alboga, T\u00fcrkische Anstalt f\u00fcr Religionen (DITIB), K\u00f6ln<br \/>\nAli Ertan Toprak, Alevitische Gemeinde Deutschlands, K\u00f6ln<br \/>\nModeration J\u00f6rg Lau, Die Zeit<\/p>\n<p>Vielleicht ist ja jemand in der Stadt&#8230;<\/p>\n","protected":false},"excerpt":{"rendered":"<p>Termin: 14. Februar 2007 von 15.00 &#8211; 18.00 Uhr in der Friedrich-Ebert-Stiftung, Berlin, Hiroshimastrasse, Tiergarten Wort und Begriff &#8222;Islamismus&#8220; sind schon lange in der Diskussion. H\u00e4ufig ist nicht klar, was damit gemeint ist. Gelegentlich werden &#8222;Islam&#8220; und &#8222;Islamismus&#8220; gleichgesetzt. Wir fragen bei Experten nach und wollen Muslime fragen, wie sie mit dem Thema Islamismus umgehen. [&hellip;]<\/p>\n","protected":false},"author":54,"featured_media":0,"comment_status":"open","ping_status":"closed","sticky":false,"template":"","format":"standard","meta":{"jetpack_post_was_ever_published":false,"footnotes":""},"categories":[167],"tags":[],"class_list":["post-195","post","type-post","status-publish","format-standard","hentry","category-islamismus-und-terror"],"yoast_head":"<!-- This site is optimized with the Yoast SEO plugin v21.0 - https:\/\/yoast.com\/wordpress\/plugins\/seo\/ -->\n<title>Islamismus in Deutschland - J\u00f6rg Lau<\/title>\n<meta name=\"robots\" content=\"index, follow, max-snippet:-1, max-image-preview:large, max-video-preview:-1\" \/>\n<link rel=\"canonical\" href=\"https:\/\/blog.zeit.de\/joerglau\/2007\/02\/05\/islamismus-in-deutschland_195\" \/>\n<meta property=\"og:locale\" content=\"de_DE\" \/>\n<meta property=\"og:type\" content=\"article\" \/>\n<meta property=\"og:title\" content=\"Islamismus in Deutschland - J\u00f6rg Lau\" \/>\n<meta property=\"og:description\" content=\"Termin: 14. Februar 2007 von 15.00 &#8211; 18.00 Uhr in der Friedrich-Ebert-Stiftung, Berlin, Hiroshimastrasse, Tiergarten Wort und Begriff &#8222;Islamismus&#8220; sind schon lange in der Diskussion. H\u00e4ufig ist nicht klar, was damit gemeint ist. Gelegentlich werden &#8222;Islam&#8220; und &#8222;Islamismus&#8220; gleichgesetzt. Wir fragen bei Experten nach und wollen Muslime fragen, wie sie mit dem Thema Islamismus umgehen. [&hellip;]\" \/>\n<meta property=\"og:url\" content=\"https:\/\/blog.zeit.de\/joerglau\/2007\/02\/05\/islamismus-in-deutschland_195\" \/>\n<meta property=\"og:site_name\" content=\"J\u00f6rg Lau\" \/>\n<meta property=\"article:published_time\" content=\"2007-02-05T21:59:45+00:00\" \/>\n<meta name=\"author\" content=\"J\u00f6rg Lau\" \/>\n<meta name=\"twitter:card\" content=\"summary_large_image\" \/>\n<meta name=\"twitter:label1\" content=\"Geschrieben von\" \/>\n\t<meta name=\"twitter:data1\" content=\"J\u00f6rg Lau\" \/>\n\t<meta name=\"twitter:label2\" content=\"Gesch\u00e4tzte Lesezeit\" \/>\n\t<meta name=\"twitter:data2\" content=\"1\u00a0Minute\" \/>\n<script type=\"application\/ld+json\" class=\"yoast-schema-graph\">{\"@context\":\"https:\/\/schema.org\",\"@graph\":[{\"@type\":\"WebPage\",\"@id\":\"https:\/\/blog.zeit.de\/joerglau\/2007\/02\/05\/islamismus-in-deutschland_195\",\"url\":\"https:\/\/blog.zeit.de\/joerglau\/2007\/02\/05\/islamismus-in-deutschland_195\",\"name\":\"Islamismus in Deutschland - J\u00f6rg Lau\",\"isPartOf\":{\"@id\":\"https:\/\/blog.zeit.de\/joerglau\/#website\"},\"datePublished\":\"2007-02-05T21:59:45+00:00\",\"dateModified\":\"2007-02-05T21:59:45+00:00\",\"author\":{\"@id\":\"https:\/\/blog.zeit.de\/joerglau\/#\/schema\/person\/55f0be9bfac24815791fbc852b042f57\"},\"breadcrumb\":{\"@id\":\"https:\/\/blog.zeit.de\/joerglau\/2007\/02\/05\/islamismus-in-deutschland_195#breadcrumb\"},\"inLanguage\":\"de\",\"potentialAction\":[{\"@type\":\"ReadAction\",\"target\":[\"https:\/\/blog.zeit.de\/joerglau\/2007\/02\/05\/islamismus-in-deutschland_195\"]}]},{\"@type\":\"BreadcrumbList\",\"@id\":\"https:\/\/blog.zeit.de\/joerglau\/2007\/02\/05\/islamismus-in-deutschland_195#breadcrumb\",\"itemListElement\":[{\"@type\":\"ListItem\",\"position\":1,\"name\":\"Startseite\",\"item\":\"https:\/\/blog.zeit.de\/joerglau\"},{\"@type\":\"ListItem\",\"position\":2,\"name\":\"Islamismus in Deutschland\"}]},{\"@type\":\"WebSite\",\"@id\":\"https:\/\/blog.zeit.de\/joerglau\/#website\",\"url\":\"https:\/\/blog.zeit.de\/joerglau\/\",\"name\":\"J\u00f6rg Lau\",\"description\":\"Ein Blog \u00fcber Religion und Politik\",\"potentialAction\":[{\"@type\":\"SearchAction\",\"target\":{\"@type\":\"EntryPoint\",\"urlTemplate\":\"https:\/\/blog.zeit.de\/joerglau\/?s={search_term_string}\"},\"query-input\":\"required name=search_term_string\"}],\"inLanguage\":\"de\"},{\"@type\":\"Person\",\"@id\":\"https:\/\/blog.zeit.de\/joerglau\/#\/schema\/person\/55f0be9bfac24815791fbc852b042f57\",\"name\":\"J\u00f6rg Lau\",\"image\":{\"@type\":\"ImageObject\",\"inLanguage\":\"de\",\"@id\":\"https:\/\/blog.zeit.de\/joerglau\/#\/schema\/person\/image\/\",\"url\":\"https:\/\/secure.gravatar.com\/avatar\/a5fe39bf4f5335b8bac36eefa0b41467221b1598bfea5f05159a0199e391eed0?s=96&d=mm&r=g\",\"contentUrl\":\"https:\/\/secure.gravatar.com\/avatar\/a5fe39bf4f5335b8bac36eefa0b41467221b1598bfea5f05159a0199e391eed0?s=96&d=mm&r=g\",\"caption\":\"J\u00f6rg Lau\"},\"url\":\"https:\/\/blog.zeit.de\/joerglau\/author\/joerg-lau\"}]}<\/script>\n<!-- \/ Yoast SEO plugin. -->","yoast_head_json":{"title":"Islamismus in Deutschland - J\u00f6rg Lau","robots":{"index":"index","follow":"follow","max-snippet":"max-snippet:-1","max-image-preview":"max-image-preview:large","max-video-preview":"max-video-preview:-1"},"canonical":"https:\/\/blog.zeit.de\/joerglau\/2007\/02\/05\/islamismus-in-deutschland_195","og_locale":"de_DE","og_type":"article","og_title":"Islamismus in Deutschland - J\u00f6rg Lau","og_description":"Termin: 14. Februar 2007 von 15.00 &#8211; 18.00 Uhr in der Friedrich-Ebert-Stiftung, Berlin, Hiroshimastrasse, Tiergarten Wort und Begriff &#8222;Islamismus&#8220; sind schon lange in der Diskussion. H\u00e4ufig ist nicht klar, was damit gemeint ist. Gelegentlich werden &#8222;Islam&#8220; und &#8222;Islamismus&#8220; gleichgesetzt. Wir fragen bei Experten nach und wollen Muslime fragen, wie sie mit dem Thema Islamismus umgehen. [&hellip;]","og_url":"https:\/\/blog.zeit.de\/joerglau\/2007\/02\/05\/islamismus-in-deutschland_195","og_site_name":"J\u00f6rg Lau","article_published_time":"2007-02-05T21:59:45+00:00","author":"J\u00f6rg Lau","twitter_card":"summary_large_image","twitter_misc":{"Geschrieben von":"J\u00f6rg Lau","Gesch\u00e4tzte Lesezeit":"1\u00a0Minute"},"schema":{"@context":"https:\/\/schema.org","@graph":[{"@type":"WebPage","@id":"https:\/\/blog.zeit.de\/joerglau\/2007\/02\/05\/islamismus-in-deutschland_195","url":"https:\/\/blog.zeit.de\/joerglau\/2007\/02\/05\/islamismus-in-deutschland_195","name":"Islamismus in Deutschland - J\u00f6rg Lau","isPartOf":{"@id":"https:\/\/blog.zeit.de\/joerglau\/#website"},"datePublished":"2007-02-05T21:59:45+00:00","dateModified":"2007-02-05T21:59:45+00:00","author":{"@id":"https:\/\/blog.zeit.de\/joerglau\/#\/schema\/person\/55f0be9bfac24815791fbc852b042f57"},"breadcrumb":{"@id":"https:\/\/blog.zeit.de\/joerglau\/2007\/02\/05\/islamismus-in-deutschland_195#breadcrumb"},"inLanguage":"de","potentialAction":[{"@type":"ReadAction","target":["https:\/\/blog.zeit.de\/joerglau\/2007\/02\/05\/islamismus-in-deutschland_195"]}]},{"@type":"BreadcrumbList","@id":"https:\/\/blog.zeit.de\/joerglau\/2007\/02\/05\/islamismus-in-deutschland_195#breadcrumb","itemListElement":[{"@type":"ListItem","position":1,"name":"Startseite","item":"https:\/\/blog.zeit.de\/joerglau"},{"@type":"ListItem","position":2,"name":"Islamismus in Deutschland"}]},{"@type":"WebSite","@id":"https:\/\/blog.zeit.de\/joerglau\/#website","url":"https:\/\/blog.zeit.de\/joerglau\/","name":"J\u00f6rg Lau","description":"Ein Blog \u00fcber Religion und Politik","potentialAction":[{"@type":"SearchAction","target":{"@type":"EntryPoint","urlTemplate":"https:\/\/blog.zeit.de\/joerglau\/?s={search_term_string}"},"query-input":"required name=search_term_string"}],"inLanguage":"de"},{"@type":"Person","@id":"https:\/\/blog.zeit.de\/joerglau\/#\/schema\/person\/55f0be9bfac24815791fbc852b042f57","name":"J\u00f6rg Lau","image":{"@type":"ImageObject","inLanguage":"de","@id":"https:\/\/blog.zeit.de\/joerglau\/#\/schema\/person\/image\/","url":"https:\/\/secure.gravatar.com\/avatar\/a5fe39bf4f5335b8bac36eefa0b41467221b1598bfea5f05159a0199e391eed0?s=96&d=mm&r=g","contentUrl":"https:\/\/secure.gravatar.com\/avatar\/a5fe39bf4f5335b8bac36eefa0b41467221b1598bfea5f05159a0199e391eed0?s=96&d=mm&r=g","caption":"J\u00f6rg Lau"},"url":"https:\/\/blog.zeit.de\/joerglau\/author\/joerg-lau"}]}},"jetpack_featured_media_url":"","jetpack_sharing_enabled":true,"jetpack_shortlink":"https:\/\/wp.me\/pG02W-39","_links":{"self":[{"href":"https:\/\/blog.zeit.de\/joerglau\/wp-json\/wp\/v2\/posts\/195","targetHints":{"allow":["GET"]}}],"collection":[{"href":"https:\/\/blog.zeit.de\/joerglau\/wp-json\/wp\/v2\/posts"}],"about":[{"href":"https:\/\/blog.zeit.de\/joerglau\/wp-json\/wp\/v2\/types\/post"}],"author":[{"embeddable":true,"href":"https:\/\/blog.zeit.de\/joerglau\/wp-json\/wp\/v2\/users\/54"}],"replies":[{"embeddable":true,"href":"https:\/\/blog.zeit.de\/joerglau\/wp-json\/wp\/v2\/comments?post=195"}],"version-history":[{"count":0,"href":"https:\/\/blog.zeit.de\/joerglau\/wp-json\/wp\/v2\/posts\/195\/revisions"}],"wp:attachment":[{"href":"https:\/\/blog.zeit.de\/joerglau\/wp-json\/wp\/v2\/media?parent=195"}],"wp:term":[{"taxonomy":"category","embeddable":true,"href":"https:\/\/blog.zeit.de\/joerglau\/wp-json\/wp\/v2\/categories?post=195"},{"taxonomy":"post_tag","embeddable":true,"href":"https:\/\/blog.zeit.de\/joerglau\/wp-json\/wp\/v2\/tags?post=195"}],"curies":[{"name":"wp","href":"https:\/\/api.w.org\/{rel}","templated":true}]}}