{"id":1970,"date":"2009-01-26T10:31:18","date_gmt":"2009-01-26T09:31:18","guid":{"rendered":"http:\/\/blog.zeit.de\/joerglau\/?p=1970"},"modified":"2009-01-26T10:31:18","modified_gmt":"2009-01-26T09:31:18","slug":"neue-studie-turken-am-schlechtesten-integriert","status":"publish","type":"post","link":"https:\/\/blog.zeit.de\/joerglau\/2009\/01\/26\/neue-studie-turken-am-schlechtesten-integriert_1970","title":{"rendered":"Neue Studie: T\u00fcrken am schlechtesten integriert"},"content":{"rendered":"<p>Nichts Neues f\u00fcr dieses Blog, aber eine herbe Nachricht f\u00fcr das Land und f\u00fcr Berlin im Besonderen: Eine Studie des <a href=\"http:\/\/www.berlin-institut.org\/\">Berlin-Instituts f\u00fcr Bev\u00f6lkerung und Entwicklung<\/a> zeichnet ein <a href=\"http:\/\/www.berlinonline.de\/berliner-zeitung\/politik\/119098\/index.php\">dramatisches Bild<\/a> von der (Nicht-)Integration weiter\u00a0 Kreise unter den hiesigen t\u00fcrkischst\u00e4mmigen Migranten.<br \/>\n30 Prozent ohne Schulabschluss, nur 14 % eines Jahrgangs machen Abitur, kaum Bildungsmotivation bei der dritten Generation, und zu 93 % wird in der eigenen Gruppe geheiratet.<br \/>\nDie Sp\u00e4taussiedler, die auch erhebliche Integrations-Schwierigkeiten hatten, scheinen sich zunehmend besser zu integrieren. EU-Ausl\u00e4nder kommen besser klar. Afrikaner kommen besser zurecht. Asiaten sowieso. ALLE kommen besser zurecht als die T\u00fcrken. Wann wird das zu einer Stolz-Frage f\u00fcr diese sonst so stolze Gruppe?<br \/>\nWas aber sind die <a href=\"http:\/\/www.berlinonline.de\/berliner-zeitung\/archiv\/.bin\/dump.fcgi\/2009\/0126\/meinung\/0061\/index.html\">ersten Folgerungen<\/a> aus der Studie, die heute erst komplett der \u00d6ffentlichkeit vorgestellt wird? Mehr F\u00f6rderung, b\u00fcrokratische H\u00fcrden senken, den Doppelpass erlauben&#8230;<br \/>\nMacht nichts, dass der Vergleich mit anderen Einwanderergruppen \u00fcberhaupt keinen Anlass gibt zu diesen Forderungen!<\/p>\n<p>Ein Satz aus der <a href=\"http:\/\/www.berlinonline.de\/berliner-zeitung\/archiv\/.bin\/dump.fcgi\/2009\/0126\/meinung\/0061\/index.html\">Berliner Zeitung<\/a> bringt die Realit\u00e4tsverweigerung auf den Punkt:<\/p>\n<p><em>&#8222;Sie wurden wie G\u00e4ste behandelt, und fingen an, sich auch wie solche zu verhalten. Als ihr Zuhause sahen sie Deutschland nicht.&#8220;<\/em><\/p>\n<p>Wer als Gast behandelt wird, hat also keine Verpflichtungen? Wer als Gast behandelt wird, kann sich h\u00e4ngen lassen? Wer als Gast kommt, wird darum hier nicht zuhause sein wollen?<\/p>\n<p>Es ist also eine Strafe, als Gast aufgenommen zu werden? Gast zu sein demotiviert?<\/p>\n<p>Haarstr\u00e4ubend. Wieder ist die Gastgesellschaft schuld. Man hat den T\u00fcrken einfach nicht genug gegeben. H\u00e4tten Sie von Anfang an einen Doppelpass gehabt, h\u00e4tten wir heute keine Integrationsprobleme. Wer glaubt denn sowas?<\/p>\n<p>Man lese etwa folgenden <a href=\"http:\/\/www.zeit.de\/2009\/05\/B-Vietnamesen?page=1\">Text meines Kollegen Martin Spiewak<\/a>, der sich auf die Spurensuche nach den Gr\u00fcnden des Erfolgs der Vietnamesen in Deutschland gemacht hat:<\/p>\n<p><em>&#8222;Die meisten Vietnamesen halten sich als Selbstst\u00e4ndige \u00fcber Wasser. Wegen ihrer Sprachprobleme finden sie keine regul\u00e4re Anstellung. Bis zu 60 Stunden in der Woche arbeiten sie in ihren Nippesl\u00e4den und Blumengesch\u00e4ften, in Nagelstudios oder auf Wochenm\u00e4rkten. Dass viele sich verpflichtet f\u00fchlen, regelm\u00e4\u00dfig Geld an Verwandte in der Heimat zu schicken, erh\u00f6ht den Einkommensdruck.<\/em><\/p>\n<p><em>Oft m\u00fcssen die Kinder im Gesch\u00e4ft mit anpacken. Dung musste sich um Bruder und Schwester k\u00fcmmern. Denn jahrelang bekamen die Kinder ihre Eltern wenig zu sehen. Nur am Nachmittag erschien die Mutter kurz, um das Essen zuzubereiten. Ansonsten waren die Geschwister viele Stunden auf sich allein gestellt. Dennoch beugten sie sich am Nachmittag \u00fcber die B\u00fccher und brachten exzellente Noten nach Hause.<\/em><\/p>\n<p><em>Wie ist das m\u00f6glich, Herr Nguyen? Warum sind vietnamesische Kinder so gut in der Schule? Jetzt l\u00e4chelt der Vater, der bislang recht streng geschaut hat, das erste Mal. Das Thema gef\u00e4llt ihm besser als das Reden \u00fcber die Vergangenheit. Seine Antwort ist verbl\u00fcffend einfach: \u00bbWeil alle vietnamesischen Eltern wollen, dass ihre Kinder gut sind in der Schule.\u00ab \u00dcbersetzt hei\u00dft dies wohl: Die Kinder lernen fr\u00fch, welche Noten sie ihren Eltern schulden und dass sie daf\u00fcr viel lernen m\u00fcssen.&#8220;<\/em><\/p>\n<p>In anderen Worten: Es ist eine Frage des Bewu\u00dftseins, der Mentalit\u00e4t, der Kultur. Eine andere Lern- und Bildungskultur ist entscheidend. Wenn diese nicht von den Eltern vertreten und durchgesetzt wird, kann der Staat nicht mehr viel retten.<\/p>\n<p>p.s. Und hier die erste Reaktion von Kenan Kolat, Vorsitzender der T\u00fcrkischen Gemeinde (TGD):<\/p>\n<p><span>&#8222;Der   Vorsitzende der T\u00fcrkischen Gemeinde in Deutschland (TGD), Kenan Kolat, hat   sich Angaben der MILLIYET zufolge gegen Ergebnisse einer Studie des   Berlin-Instituts f\u00fcr Bev\u00f6lkerung und Entwicklung gewendet, die t\u00fcrkische   B\u00fcrger in Deutschland als die am wenigsten integrierte Bev\u00f6lkerungsgruppe   darstellt. Aus den Ergebnissen k\u00f6nnten falsche Schl\u00fcsse gezogen werden, so   Kolat. Doch vielmehr gelte es darum, das Zustandekommen zu analysieren.   Kritik \u00e4u\u00dfert Kolat daran, dass in der Studie weder die finanzielle Situation   noch die Bildungssituation der untersuchten Menschen thematisiert werde. Die   t\u00fcrkische Community in Deutschland habe 80 Prozent, die in   Armutsverh\u00e4ltnissen lebten. Unter Deutschen seien das nur 13 Prozent. Es   k\u00f6nne nicht sein, dass diese Zahlen nicht ber\u00fccksichtigt werden.&#8220; <\/span><\/p>\n<p>Warum aber leben 80 Prozent in &#8222;Armutsverh\u00e4ltnissen&#8220;? Warum haben sie eine so schlechten &#8222;Bildungssituation&#8220;? Ob Herr Kolat sich einmal mit einem Vetreter der Vietnamesen unterhalten m\u00f6chte? Der k\u00f6nnte ihm sicher einige Tips geben.<\/p>\n<p>p.p.s. Die Studie <a href=\"http:\/\/www.berlin-institut.org\/fileadmin\/user_upload\/Zuwanderung\/090122_Zusammenfassung.pdf\">jetzt hier<\/a>.<\/p>\n","protected":false},"excerpt":{"rendered":"<p>Nichts Neues f\u00fcr dieses Blog, aber eine herbe Nachricht f\u00fcr das Land und f\u00fcr Berlin im Besonderen: Eine Studie des Berlin-Instituts f\u00fcr Bev\u00f6lkerung und Entwicklung zeichnet ein dramatisches Bild von der (Nicht-)Integration weiter\u00a0 Kreise unter den hiesigen t\u00fcrkischst\u00e4mmigen Migranten. 30 Prozent ohne Schulabschluss, nur 14 % eines Jahrgangs machen Abitur, kaum Bildungsmotivation bei der dritten [&hellip;]<\/p>\n","protected":false},"author":54,"featured_media":0,"comment_status":"open","ping_status":"closed","sticky":false,"template":"","format":"standard","meta":{"jetpack_post_was_ever_published":false,"footnotes":""},"categories":[163],"tags":[],"class_list":["post-1970","post","type-post","status-publish","format-standard","hentry","category-integration"],"yoast_head":"<!-- This site is optimized with the Yoast SEO plugin v21.0 - https:\/\/yoast.com\/wordpress\/plugins\/seo\/ -->\n<title>Neue Studie: T\u00fcrken am schlechtesten integriert - J\u00f6rg Lau<\/title>\n<meta name=\"robots\" content=\"index, follow, max-snippet:-1, max-image-preview:large, max-video-preview:-1\" \/>\n<link rel=\"canonical\" href=\"https:\/\/blog.zeit.de\/joerglau\/2009\/01\/26\/neue-studie-turken-am-schlechtesten-integriert_1970\" \/>\n<meta property=\"og:locale\" content=\"de_DE\" \/>\n<meta property=\"og:type\" content=\"article\" \/>\n<meta property=\"og:title\" content=\"Neue Studie: T\u00fcrken am schlechtesten integriert - J\u00f6rg Lau\" \/>\n<meta property=\"og:description\" content=\"Nichts Neues f\u00fcr dieses Blog, aber eine herbe Nachricht f\u00fcr das Land und f\u00fcr Berlin im Besonderen: Eine Studie des Berlin-Instituts f\u00fcr Bev\u00f6lkerung und Entwicklung zeichnet ein dramatisches Bild von der (Nicht-)Integration weiter\u00a0 Kreise unter den hiesigen t\u00fcrkischst\u00e4mmigen Migranten. 30 Prozent ohne Schulabschluss, nur 14 % eines Jahrgangs machen Abitur, kaum Bildungsmotivation bei der dritten [&hellip;]\" \/>\n<meta property=\"og:url\" content=\"https:\/\/blog.zeit.de\/joerglau\/2009\/01\/26\/neue-studie-turken-am-schlechtesten-integriert_1970\" \/>\n<meta property=\"og:site_name\" content=\"J\u00f6rg Lau\" \/>\n<meta property=\"article:published_time\" content=\"2009-01-26T09:31:18+00:00\" \/>\n<meta name=\"author\" content=\"J\u00f6rg Lau\" \/>\n<meta name=\"twitter:card\" content=\"summary_large_image\" \/>\n<meta name=\"twitter:label1\" content=\"Geschrieben von\" \/>\n\t<meta name=\"twitter:data1\" content=\"J\u00f6rg Lau\" \/>\n\t<meta name=\"twitter:label2\" content=\"Gesch\u00e4tzte Lesezeit\" \/>\n\t<meta name=\"twitter:data2\" content=\"4\u00a0Minuten\" \/>\n<script type=\"application\/ld+json\" class=\"yoast-schema-graph\">{\"@context\":\"https:\/\/schema.org\",\"@graph\":[{\"@type\":\"WebPage\",\"@id\":\"https:\/\/blog.zeit.de\/joerglau\/2009\/01\/26\/neue-studie-turken-am-schlechtesten-integriert_1970\",\"url\":\"https:\/\/blog.zeit.de\/joerglau\/2009\/01\/26\/neue-studie-turken-am-schlechtesten-integriert_1970\",\"name\":\"Neue Studie: T\u00fcrken am schlechtesten integriert - J\u00f6rg Lau\",\"isPartOf\":{\"@id\":\"https:\/\/blog.zeit.de\/joerglau\/#website\"},\"datePublished\":\"2009-01-26T09:31:18+00:00\",\"dateModified\":\"2009-01-26T09:31:18+00:00\",\"author\":{\"@id\":\"https:\/\/blog.zeit.de\/joerglau\/#\/schema\/person\/55f0be9bfac24815791fbc852b042f57\"},\"breadcrumb\":{\"@id\":\"https:\/\/blog.zeit.de\/joerglau\/2009\/01\/26\/neue-studie-turken-am-schlechtesten-integriert_1970#breadcrumb\"},\"inLanguage\":\"de\",\"potentialAction\":[{\"@type\":\"ReadAction\",\"target\":[\"https:\/\/blog.zeit.de\/joerglau\/2009\/01\/26\/neue-studie-turken-am-schlechtesten-integriert_1970\"]}]},{\"@type\":\"BreadcrumbList\",\"@id\":\"https:\/\/blog.zeit.de\/joerglau\/2009\/01\/26\/neue-studie-turken-am-schlechtesten-integriert_1970#breadcrumb\",\"itemListElement\":[{\"@type\":\"ListItem\",\"position\":1,\"name\":\"Startseite\",\"item\":\"https:\/\/blog.zeit.de\/joerglau\"},{\"@type\":\"ListItem\",\"position\":2,\"name\":\"Neue Studie: T\u00fcrken am schlechtesten integriert\"}]},{\"@type\":\"WebSite\",\"@id\":\"https:\/\/blog.zeit.de\/joerglau\/#website\",\"url\":\"https:\/\/blog.zeit.de\/joerglau\/\",\"name\":\"J\u00f6rg Lau\",\"description\":\"Ein Blog \u00fcber Religion und Politik\",\"potentialAction\":[{\"@type\":\"SearchAction\",\"target\":{\"@type\":\"EntryPoint\",\"urlTemplate\":\"https:\/\/blog.zeit.de\/joerglau\/?s={search_term_string}\"},\"query-input\":\"required name=search_term_string\"}],\"inLanguage\":\"de\"},{\"@type\":\"Person\",\"@id\":\"https:\/\/blog.zeit.de\/joerglau\/#\/schema\/person\/55f0be9bfac24815791fbc852b042f57\",\"name\":\"J\u00f6rg Lau\",\"image\":{\"@type\":\"ImageObject\",\"inLanguage\":\"de\",\"@id\":\"https:\/\/blog.zeit.de\/joerglau\/#\/schema\/person\/image\/\",\"url\":\"https:\/\/secure.gravatar.com\/avatar\/a5fe39bf4f5335b8bac36eefa0b41467221b1598bfea5f05159a0199e391eed0?s=96&d=mm&r=g\",\"contentUrl\":\"https:\/\/secure.gravatar.com\/avatar\/a5fe39bf4f5335b8bac36eefa0b41467221b1598bfea5f05159a0199e391eed0?s=96&d=mm&r=g\",\"caption\":\"J\u00f6rg Lau\"},\"url\":\"https:\/\/blog.zeit.de\/joerglau\/author\/joerg-lau\"}]}<\/script>\n<!-- \/ Yoast SEO plugin. -->","yoast_head_json":{"title":"Neue Studie: T\u00fcrken am schlechtesten integriert - J\u00f6rg Lau","robots":{"index":"index","follow":"follow","max-snippet":"max-snippet:-1","max-image-preview":"max-image-preview:large","max-video-preview":"max-video-preview:-1"},"canonical":"https:\/\/blog.zeit.de\/joerglau\/2009\/01\/26\/neue-studie-turken-am-schlechtesten-integriert_1970","og_locale":"de_DE","og_type":"article","og_title":"Neue Studie: T\u00fcrken am schlechtesten integriert - J\u00f6rg Lau","og_description":"Nichts Neues f\u00fcr dieses Blog, aber eine herbe Nachricht f\u00fcr das Land und f\u00fcr Berlin im Besonderen: Eine Studie des Berlin-Instituts f\u00fcr Bev\u00f6lkerung und Entwicklung zeichnet ein dramatisches Bild von der (Nicht-)Integration weiter\u00a0 Kreise unter den hiesigen t\u00fcrkischst\u00e4mmigen Migranten. 30 Prozent ohne Schulabschluss, nur 14 % eines Jahrgangs machen Abitur, kaum Bildungsmotivation bei der dritten [&hellip;]","og_url":"https:\/\/blog.zeit.de\/joerglau\/2009\/01\/26\/neue-studie-turken-am-schlechtesten-integriert_1970","og_site_name":"J\u00f6rg Lau","article_published_time":"2009-01-26T09:31:18+00:00","author":"J\u00f6rg Lau","twitter_card":"summary_large_image","twitter_misc":{"Geschrieben von":"J\u00f6rg Lau","Gesch\u00e4tzte Lesezeit":"4\u00a0Minuten"},"schema":{"@context":"https:\/\/schema.org","@graph":[{"@type":"WebPage","@id":"https:\/\/blog.zeit.de\/joerglau\/2009\/01\/26\/neue-studie-turken-am-schlechtesten-integriert_1970","url":"https:\/\/blog.zeit.de\/joerglau\/2009\/01\/26\/neue-studie-turken-am-schlechtesten-integriert_1970","name":"Neue Studie: T\u00fcrken am schlechtesten integriert - J\u00f6rg Lau","isPartOf":{"@id":"https:\/\/blog.zeit.de\/joerglau\/#website"},"datePublished":"2009-01-26T09:31:18+00:00","dateModified":"2009-01-26T09:31:18+00:00","author":{"@id":"https:\/\/blog.zeit.de\/joerglau\/#\/schema\/person\/55f0be9bfac24815791fbc852b042f57"},"breadcrumb":{"@id":"https:\/\/blog.zeit.de\/joerglau\/2009\/01\/26\/neue-studie-turken-am-schlechtesten-integriert_1970#breadcrumb"},"inLanguage":"de","potentialAction":[{"@type":"ReadAction","target":["https:\/\/blog.zeit.de\/joerglau\/2009\/01\/26\/neue-studie-turken-am-schlechtesten-integriert_1970"]}]},{"@type":"BreadcrumbList","@id":"https:\/\/blog.zeit.de\/joerglau\/2009\/01\/26\/neue-studie-turken-am-schlechtesten-integriert_1970#breadcrumb","itemListElement":[{"@type":"ListItem","position":1,"name":"Startseite","item":"https:\/\/blog.zeit.de\/joerglau"},{"@type":"ListItem","position":2,"name":"Neue Studie: T\u00fcrken am schlechtesten integriert"}]},{"@type":"WebSite","@id":"https:\/\/blog.zeit.de\/joerglau\/#website","url":"https:\/\/blog.zeit.de\/joerglau\/","name":"J\u00f6rg Lau","description":"Ein Blog \u00fcber Religion und Politik","potentialAction":[{"@type":"SearchAction","target":{"@type":"EntryPoint","urlTemplate":"https:\/\/blog.zeit.de\/joerglau\/?s={search_term_string}"},"query-input":"required name=search_term_string"}],"inLanguage":"de"},{"@type":"Person","@id":"https:\/\/blog.zeit.de\/joerglau\/#\/schema\/person\/55f0be9bfac24815791fbc852b042f57","name":"J\u00f6rg Lau","image":{"@type":"ImageObject","inLanguage":"de","@id":"https:\/\/blog.zeit.de\/joerglau\/#\/schema\/person\/image\/","url":"https:\/\/secure.gravatar.com\/avatar\/a5fe39bf4f5335b8bac36eefa0b41467221b1598bfea5f05159a0199e391eed0?s=96&d=mm&r=g","contentUrl":"https:\/\/secure.gravatar.com\/avatar\/a5fe39bf4f5335b8bac36eefa0b41467221b1598bfea5f05159a0199e391eed0?s=96&d=mm&r=g","caption":"J\u00f6rg Lau"},"url":"https:\/\/blog.zeit.de\/joerglau\/author\/joerg-lau"}]}},"jetpack_featured_media_url":"","jetpack_sharing_enabled":true,"jetpack_shortlink":"https:\/\/wp.me\/pG02W-vM","_links":{"self":[{"href":"https:\/\/blog.zeit.de\/joerglau\/wp-json\/wp\/v2\/posts\/1970","targetHints":{"allow":["GET"]}}],"collection":[{"href":"https:\/\/blog.zeit.de\/joerglau\/wp-json\/wp\/v2\/posts"}],"about":[{"href":"https:\/\/blog.zeit.de\/joerglau\/wp-json\/wp\/v2\/types\/post"}],"author":[{"embeddable":true,"href":"https:\/\/blog.zeit.de\/joerglau\/wp-json\/wp\/v2\/users\/54"}],"replies":[{"embeddable":true,"href":"https:\/\/blog.zeit.de\/joerglau\/wp-json\/wp\/v2\/comments?post=1970"}],"version-history":[{"count":0,"href":"https:\/\/blog.zeit.de\/joerglau\/wp-json\/wp\/v2\/posts\/1970\/revisions"}],"wp:attachment":[{"href":"https:\/\/blog.zeit.de\/joerglau\/wp-json\/wp\/v2\/media?parent=1970"}],"wp:term":[{"taxonomy":"category","embeddable":true,"href":"https:\/\/blog.zeit.de\/joerglau\/wp-json\/wp\/v2\/categories?post=1970"},{"taxonomy":"post_tag","embeddable":true,"href":"https:\/\/blog.zeit.de\/joerglau\/wp-json\/wp\/v2\/tags?post=1970"}],"curies":[{"name":"wp","href":"https:\/\/api.w.org\/{rel}","templated":true}]}}