{"id":198,"date":"2007-02-06T12:10:36","date_gmt":"2007-02-06T10:10:36","guid":{"rendered":"http:\/\/blog.zeit.de\/joerglau\/2007\/02\/06\/deutschturken-debattieren_198"},"modified":"2007-02-06T12:10:36","modified_gmt":"2007-02-06T10:10:36","slug":"deutschturken-debattieren","status":"publish","type":"post","link":"https:\/\/blog.zeit.de\/joerglau\/2007\/02\/06\/deutschturken-debattieren_198","title":{"rendered":"Nicht-t\u00fcrkische Deutsche"},"content":{"rendered":"<p>Das Manifest von Birand Bing\u00fcl wird heftig unter Deutscht\u00fcrken debattiert. Siehe das Forum von &#8222;<a href=\"http:\/\/www.politikcity.de\/forum\/showthread.php?t=16898\">Politikcity<\/a>&#8222;.<br \/>\nAusserdem <a href=\"http:\/\/www.taz.de\/pt\/2007\/02\/06\/a0178.1\/text\">heute in der taz<\/a> eine W\u00fcrdigung von Isolde Charim. Wie es f\u00fcr die taz nicht weiter \u00fcberrascht, werden vor allem die Auswirkungen auf die Mehrheitsdeutschen begr\u00fcsst, die sich nun auch als Bindestrich-Deutsche (&#8222;nicht-t\u00fcrkische Deutsche&#8220;) zu verstehen h\u00e4tten.<br \/>\nNa ja. They don&#8217;t get it.<\/p>\n","protected":false},"excerpt":{"rendered":"<p>Das Manifest von Birand Bing\u00fcl wird heftig unter Deutscht\u00fcrken debattiert. Siehe das Forum von &#8222;Politikcity&#8222;. Ausserdem heute in der taz eine W\u00fcrdigung von Isolde Charim. Wie es f\u00fcr die taz nicht weiter \u00fcberrascht, werden vor allem die Auswirkungen auf die Mehrheitsdeutschen begr\u00fcsst, die sich nun auch als Bindestrich-Deutsche (&#8222;nicht-t\u00fcrkische Deutsche&#8220;) zu verstehen h\u00e4tten. Na ja. [&hellip;]<\/p>\n","protected":false},"author":54,"featured_media":0,"comment_status":"open","ping_status":"closed","sticky":false,"template":"","format":"standard","meta":{"jetpack_post_was_ever_published":false,"footnotes":""},"categories":[163],"tags":[],"class_list":["post-198","post","type-post","status-publish","format-standard","hentry","category-integration"],"yoast_head":"<!-- This site is optimized with the Yoast SEO plugin v21.0 - https:\/\/yoast.com\/wordpress\/plugins\/seo\/ -->\n<title>Nicht-t\u00fcrkische Deutsche - J\u00f6rg Lau<\/title>\n<meta name=\"robots\" content=\"index, follow, max-snippet:-1, max-image-preview:large, max-video-preview:-1\" \/>\n<link rel=\"canonical\" href=\"https:\/\/blog.zeit.de\/joerglau\/2007\/02\/06\/deutschturken-debattieren_198\" \/>\n<meta property=\"og:locale\" content=\"de_DE\" \/>\n<meta property=\"og:type\" content=\"article\" \/>\n<meta property=\"og:title\" content=\"Nicht-t\u00fcrkische Deutsche - J\u00f6rg Lau\" \/>\n<meta property=\"og:description\" content=\"Das Manifest von Birand Bing\u00fcl wird heftig unter Deutscht\u00fcrken debattiert. Siehe das Forum von &#8222;Politikcity&#8222;. Ausserdem heute in der taz eine W\u00fcrdigung von Isolde Charim. Wie es f\u00fcr die taz nicht weiter \u00fcberrascht, werden vor allem die Auswirkungen auf die Mehrheitsdeutschen begr\u00fcsst, die sich nun auch als Bindestrich-Deutsche (&#8222;nicht-t\u00fcrkische Deutsche&#8220;) zu verstehen h\u00e4tten. Na ja. [&hellip;]\" \/>\n<meta property=\"og:url\" content=\"https:\/\/blog.zeit.de\/joerglau\/2007\/02\/06\/deutschturken-debattieren_198\" \/>\n<meta property=\"og:site_name\" content=\"J\u00f6rg Lau\" \/>\n<meta property=\"article:published_time\" content=\"2007-02-06T10:10:36+00:00\" \/>\n<meta name=\"author\" content=\"J\u00f6rg Lau\" \/>\n<meta name=\"twitter:card\" content=\"summary_large_image\" \/>\n<meta name=\"twitter:label1\" content=\"Geschrieben von\" \/>\n\t<meta name=\"twitter:data1\" content=\"J\u00f6rg Lau\" \/>\n<script type=\"application\/ld+json\" class=\"yoast-schema-graph\">{\"@context\":\"https:\/\/schema.org\",\"@graph\":[{\"@type\":\"WebPage\",\"@id\":\"https:\/\/blog.zeit.de\/joerglau\/2007\/02\/06\/deutschturken-debattieren_198\",\"url\":\"https:\/\/blog.zeit.de\/joerglau\/2007\/02\/06\/deutschturken-debattieren_198\",\"name\":\"Nicht-t\u00fcrkische Deutsche - J\u00f6rg Lau\",\"isPartOf\":{\"@id\":\"https:\/\/blog.zeit.de\/joerglau\/#website\"},\"datePublished\":\"2007-02-06T10:10:36+00:00\",\"dateModified\":\"2007-02-06T10:10:36+00:00\",\"author\":{\"@id\":\"https:\/\/blog.zeit.de\/joerglau\/#\/schema\/person\/55f0be9bfac24815791fbc852b042f57\"},\"breadcrumb\":{\"@id\":\"https:\/\/blog.zeit.de\/joerglau\/2007\/02\/06\/deutschturken-debattieren_198#breadcrumb\"},\"inLanguage\":\"de\",\"potentialAction\":[{\"@type\":\"ReadAction\",\"target\":[\"https:\/\/blog.zeit.de\/joerglau\/2007\/02\/06\/deutschturken-debattieren_198\"]}]},{\"@type\":\"BreadcrumbList\",\"@id\":\"https:\/\/blog.zeit.de\/joerglau\/2007\/02\/06\/deutschturken-debattieren_198#breadcrumb\",\"itemListElement\":[{\"@type\":\"ListItem\",\"position\":1,\"name\":\"Startseite\",\"item\":\"https:\/\/blog.zeit.de\/joerglau\"},{\"@type\":\"ListItem\",\"position\":2,\"name\":\"Nicht-t\u00fcrkische Deutsche\"}]},{\"@type\":\"WebSite\",\"@id\":\"https:\/\/blog.zeit.de\/joerglau\/#website\",\"url\":\"https:\/\/blog.zeit.de\/joerglau\/\",\"name\":\"J\u00f6rg Lau\",\"description\":\"Ein Blog \u00fcber Religion und Politik\",\"potentialAction\":[{\"@type\":\"SearchAction\",\"target\":{\"@type\":\"EntryPoint\",\"urlTemplate\":\"https:\/\/blog.zeit.de\/joerglau\/?s={search_term_string}\"},\"query-input\":\"required name=search_term_string\"}],\"inLanguage\":\"de\"},{\"@type\":\"Person\",\"@id\":\"https:\/\/blog.zeit.de\/joerglau\/#\/schema\/person\/55f0be9bfac24815791fbc852b042f57\",\"name\":\"J\u00f6rg Lau\",\"image\":{\"@type\":\"ImageObject\",\"inLanguage\":\"de\",\"@id\":\"https:\/\/blog.zeit.de\/joerglau\/#\/schema\/person\/image\/\",\"url\":\"https:\/\/secure.gravatar.com\/avatar\/a5fe39bf4f5335b8bac36eefa0b41467221b1598bfea5f05159a0199e391eed0?s=96&d=mm&r=g\",\"contentUrl\":\"https:\/\/secure.gravatar.com\/avatar\/a5fe39bf4f5335b8bac36eefa0b41467221b1598bfea5f05159a0199e391eed0?s=96&d=mm&r=g\",\"caption\":\"J\u00f6rg Lau\"},\"url\":\"https:\/\/blog.zeit.de\/joerglau\/author\/joerg-lau\"}]}<\/script>\n<!-- \/ Yoast SEO plugin. -->","yoast_head_json":{"title":"Nicht-t\u00fcrkische Deutsche - J\u00f6rg Lau","robots":{"index":"index","follow":"follow","max-snippet":"max-snippet:-1","max-image-preview":"max-image-preview:large","max-video-preview":"max-video-preview:-1"},"canonical":"https:\/\/blog.zeit.de\/joerglau\/2007\/02\/06\/deutschturken-debattieren_198","og_locale":"de_DE","og_type":"article","og_title":"Nicht-t\u00fcrkische Deutsche - J\u00f6rg Lau","og_description":"Das Manifest von Birand Bing\u00fcl wird heftig unter Deutscht\u00fcrken debattiert. Siehe das Forum von &#8222;Politikcity&#8222;. Ausserdem heute in der taz eine W\u00fcrdigung von Isolde Charim. Wie es f\u00fcr die taz nicht weiter \u00fcberrascht, werden vor allem die Auswirkungen auf die Mehrheitsdeutschen begr\u00fcsst, die sich nun auch als Bindestrich-Deutsche (&#8222;nicht-t\u00fcrkische Deutsche&#8220;) zu verstehen h\u00e4tten. Na ja. [&hellip;]","og_url":"https:\/\/blog.zeit.de\/joerglau\/2007\/02\/06\/deutschturken-debattieren_198","og_site_name":"J\u00f6rg Lau","article_published_time":"2007-02-06T10:10:36+00:00","author":"J\u00f6rg Lau","twitter_card":"summary_large_image","twitter_misc":{"Geschrieben von":"J\u00f6rg Lau"},"schema":{"@context":"https:\/\/schema.org","@graph":[{"@type":"WebPage","@id":"https:\/\/blog.zeit.de\/joerglau\/2007\/02\/06\/deutschturken-debattieren_198","url":"https:\/\/blog.zeit.de\/joerglau\/2007\/02\/06\/deutschturken-debattieren_198","name":"Nicht-t\u00fcrkische Deutsche - J\u00f6rg Lau","isPartOf":{"@id":"https:\/\/blog.zeit.de\/joerglau\/#website"},"datePublished":"2007-02-06T10:10:36+00:00","dateModified":"2007-02-06T10:10:36+00:00","author":{"@id":"https:\/\/blog.zeit.de\/joerglau\/#\/schema\/person\/55f0be9bfac24815791fbc852b042f57"},"breadcrumb":{"@id":"https:\/\/blog.zeit.de\/joerglau\/2007\/02\/06\/deutschturken-debattieren_198#breadcrumb"},"inLanguage":"de","potentialAction":[{"@type":"ReadAction","target":["https:\/\/blog.zeit.de\/joerglau\/2007\/02\/06\/deutschturken-debattieren_198"]}]},{"@type":"BreadcrumbList","@id":"https:\/\/blog.zeit.de\/joerglau\/2007\/02\/06\/deutschturken-debattieren_198#breadcrumb","itemListElement":[{"@type":"ListItem","position":1,"name":"Startseite","item":"https:\/\/blog.zeit.de\/joerglau"},{"@type":"ListItem","position":2,"name":"Nicht-t\u00fcrkische Deutsche"}]},{"@type":"WebSite","@id":"https:\/\/blog.zeit.de\/joerglau\/#website","url":"https:\/\/blog.zeit.de\/joerglau\/","name":"J\u00f6rg Lau","description":"Ein Blog \u00fcber Religion und Politik","potentialAction":[{"@type":"SearchAction","target":{"@type":"EntryPoint","urlTemplate":"https:\/\/blog.zeit.de\/joerglau\/?s={search_term_string}"},"query-input":"required name=search_term_string"}],"inLanguage":"de"},{"@type":"Person","@id":"https:\/\/blog.zeit.de\/joerglau\/#\/schema\/person\/55f0be9bfac24815791fbc852b042f57","name":"J\u00f6rg Lau","image":{"@type":"ImageObject","inLanguage":"de","@id":"https:\/\/blog.zeit.de\/joerglau\/#\/schema\/person\/image\/","url":"https:\/\/secure.gravatar.com\/avatar\/a5fe39bf4f5335b8bac36eefa0b41467221b1598bfea5f05159a0199e391eed0?s=96&d=mm&r=g","contentUrl":"https:\/\/secure.gravatar.com\/avatar\/a5fe39bf4f5335b8bac36eefa0b41467221b1598bfea5f05159a0199e391eed0?s=96&d=mm&r=g","caption":"J\u00f6rg Lau"},"url":"https:\/\/blog.zeit.de\/joerglau\/author\/joerg-lau"}]}},"jetpack_featured_media_url":"","jetpack_sharing_enabled":true,"jetpack_shortlink":"https:\/\/wp.me\/pG02W-3c","_links":{"self":[{"href":"https:\/\/blog.zeit.de\/joerglau\/wp-json\/wp\/v2\/posts\/198","targetHints":{"allow":["GET"]}}],"collection":[{"href":"https:\/\/blog.zeit.de\/joerglau\/wp-json\/wp\/v2\/posts"}],"about":[{"href":"https:\/\/blog.zeit.de\/joerglau\/wp-json\/wp\/v2\/types\/post"}],"author":[{"embeddable":true,"href":"https:\/\/blog.zeit.de\/joerglau\/wp-json\/wp\/v2\/users\/54"}],"replies":[{"embeddable":true,"href":"https:\/\/blog.zeit.de\/joerglau\/wp-json\/wp\/v2\/comments?post=198"}],"version-history":[{"count":0,"href":"https:\/\/blog.zeit.de\/joerglau\/wp-json\/wp\/v2\/posts\/198\/revisions"}],"wp:attachment":[{"href":"https:\/\/blog.zeit.de\/joerglau\/wp-json\/wp\/v2\/media?parent=198"}],"wp:term":[{"taxonomy":"category","embeddable":true,"href":"https:\/\/blog.zeit.de\/joerglau\/wp-json\/wp\/v2\/categories?post=198"},{"taxonomy":"post_tag","embeddable":true,"href":"https:\/\/blog.zeit.de\/joerglau\/wp-json\/wp\/v2\/tags?post=198"}],"curies":[{"name":"wp","href":"https:\/\/api.w.org\/{rel}","templated":true}]}}