{"id":2001,"date":"2009-02-03T13:34:36","date_gmt":"2009-02-03T12:34:36","guid":{"rendered":"http:\/\/blog.zeit.de\/joerglau\/?p=2001"},"modified":"2009-02-03T13:34:36","modified_gmt":"2009-02-03T12:34:36","slug":"turken-haben-keine-lobby","status":"publish","type":"post","link":"https:\/\/blog.zeit.de\/joerglau\/2009\/02\/03\/turken-haben-keine-lobby_2001","title":{"rendered":"T\u00fcrken haben keine Lobby"},"content":{"rendered":"<p>Und wenn, dann die falsche, meint Necla Kelek in der FAZ, wo sie die Debatte \u00fcber den <a href=\"https:\/\/blog.zeit.de\/joerglau\/2009\/01\/26\/neue-studie-turken-am-schlechtesten-integriert_1970\">Integrationsreport<\/a> kommentiert:<br \/>\n&#8222;Liest und h\u00f6rt man die Kommentare der t\u00fcrkischst\u00e4mmigen Politiker, scheint tats\u00e4chlich das Integrationsproblem mit den T\u00fcrken wenig, mit der deutschen Politik aber viel zu tun zu haben. \u201eEs geht vor allem um eine soziale Frage und nicht um eine kulturelle\u201c, so der Gr\u00fcnen-Chef Cem \u00d6zdemir. \u201eEs ist falsch, Integration nach ethnischen Kriterien zu beurteilen\u201c, erkl\u00e4rt Hakki Keskin von der PDS, und sein Parteigenosse Ali al Dailami m\u00f6chte gleich alle T\u00fcrken einb\u00fcrgern. Emine Demirb\u00fcken-Wegner aus dem Bundesvorstand der CDU sagte Tage zuvor zum Problem der Gewalt unter Jugendlichen \u00c4hnliches: \u201eEthnisierung des Problems hilft uns nicht weiter.\u201c Und die K\u00f6lner SPD-Abgeordnete Lale Akg\u00fcn erkl\u00e4rt, dass die schlechten Ergebnisse an der Bildungspolitik und an mangelnden Perspektiven f\u00fcr die Migranten l\u00e4gen.<\/p>\n<p>Keiner der t\u00fcrkischst\u00e4mmigen Politiker stellt sich hin und sagt: Ja, es gibt spezifische Probleme, die nicht relativiert werden d\u00fcrfen. Warum reden sie nicht \u00fcber arrangierte Ehen, Ferienbr\u00e4ute, Ehrenmorde, Gewalt in Familien, Diskriminierung der Frau? Warum redet ein Sozialp\u00e4dagoge wie Cem \u00d6zdemir in der \u201eTageszeitung\u201c am liebsten nur von der t\u00fcrkischen Mittelschicht, warum klangen manche seiner \u00c4u\u00dferungen in der Vergangenheit so, als sei er Pressesprecher in Ankara? Warum fordert der T\u00fcrken-Lobbyist und SPD-Genosse Kenan Kolat gebetsm\u00fchlenartig mehr Geld f\u00fcr T\u00fcrken, warum m\u00f6chte Lale Akg\u00fcn am liebsten die Islamkonferenz und den Integrationsgipfel abschaffen, und warum h\u00e4lt die Berliner SPD-Abgeordnete \u00dclker Radziwill es f\u00fcr unangemessen, dass t\u00fcrkische Eltern ihren Kindern bei den Schularbeiten helfen, nach dem Motto: \u201eDas k\u00f6nnen migrantische Eltern nicht leisten\u201c? Die Antwort ist einfach und bitter. Diese t\u00fcrkischst\u00e4mmigen Politiker arbeiten seit Jahrzehnten daran, sich und ihre Klientel als Opfer zu stilisieren und selbst als Opferanw\u00e4lte aufzutreten.&#8220;<\/p>\n<p>Mehr <a href=\"http:\/\/www.faz.net\/s\/Rub9B4326FE2669456BAC0CF17E0C7E9105\/Doc~ECB7A2CACEA6845479A8A78C67B393CAB~ATpl~Ecommon~Scontent.html\">hier<\/a>.<\/p>\n","protected":false},"excerpt":{"rendered":"<p>Und wenn, dann die falsche, meint Necla Kelek in der FAZ, wo sie die Debatte \u00fcber den Integrationsreport kommentiert: &#8222;Liest und h\u00f6rt man die Kommentare der t\u00fcrkischst\u00e4mmigen Politiker, scheint tats\u00e4chlich das Integrationsproblem mit den T\u00fcrken wenig, mit der deutschen Politik aber viel zu tun zu haben. \u201eEs geht vor allem um eine soziale Frage und [&hellip;]<\/p>\n","protected":false},"author":54,"featured_media":0,"comment_status":"open","ping_status":"closed","sticky":false,"template":"","format":"standard","meta":{"jetpack_post_was_ever_published":false,"footnotes":""},"categories":[163],"tags":[],"class_list":["post-2001","post","type-post","status-publish","format-standard","hentry","category-integration"],"yoast_head":"<!-- This site is optimized with the Yoast SEO plugin v21.0 - https:\/\/yoast.com\/wordpress\/plugins\/seo\/ -->\n<title>T\u00fcrken haben keine Lobby - J\u00f6rg Lau<\/title>\n<meta name=\"robots\" content=\"index, follow, max-snippet:-1, max-image-preview:large, max-video-preview:-1\" \/>\n<link rel=\"canonical\" href=\"https:\/\/blog.zeit.de\/joerglau\/2009\/02\/03\/turken-haben-keine-lobby_2001\" \/>\n<meta property=\"og:locale\" content=\"de_DE\" \/>\n<meta property=\"og:type\" content=\"article\" \/>\n<meta property=\"og:title\" content=\"T\u00fcrken haben keine Lobby - J\u00f6rg Lau\" \/>\n<meta property=\"og:description\" content=\"Und wenn, dann die falsche, meint Necla Kelek in der FAZ, wo sie die Debatte \u00fcber den Integrationsreport kommentiert: &#8222;Liest und h\u00f6rt man die Kommentare der t\u00fcrkischst\u00e4mmigen Politiker, scheint tats\u00e4chlich das Integrationsproblem mit den T\u00fcrken wenig, mit der deutschen Politik aber viel zu tun zu haben. \u201eEs geht vor allem um eine soziale Frage und [&hellip;]\" \/>\n<meta property=\"og:url\" content=\"https:\/\/blog.zeit.de\/joerglau\/2009\/02\/03\/turken-haben-keine-lobby_2001\" \/>\n<meta property=\"og:site_name\" content=\"J\u00f6rg Lau\" \/>\n<meta property=\"article:published_time\" content=\"2009-02-03T12:34:36+00:00\" \/>\n<meta name=\"author\" content=\"J\u00f6rg Lau\" \/>\n<meta name=\"twitter:card\" content=\"summary_large_image\" \/>\n<meta name=\"twitter:label1\" content=\"Geschrieben von\" \/>\n\t<meta name=\"twitter:data1\" content=\"J\u00f6rg Lau\" \/>\n\t<meta name=\"twitter:label2\" content=\"Gesch\u00e4tzte Lesezeit\" \/>\n\t<meta name=\"twitter:data2\" content=\"2\u00a0Minuten\" \/>\n<script type=\"application\/ld+json\" class=\"yoast-schema-graph\">{\"@context\":\"https:\/\/schema.org\",\"@graph\":[{\"@type\":\"WebPage\",\"@id\":\"https:\/\/blog.zeit.de\/joerglau\/2009\/02\/03\/turken-haben-keine-lobby_2001\",\"url\":\"https:\/\/blog.zeit.de\/joerglau\/2009\/02\/03\/turken-haben-keine-lobby_2001\",\"name\":\"T\u00fcrken haben keine Lobby - J\u00f6rg Lau\",\"isPartOf\":{\"@id\":\"https:\/\/blog.zeit.de\/joerglau\/#website\"},\"datePublished\":\"2009-02-03T12:34:36+00:00\",\"dateModified\":\"2009-02-03T12:34:36+00:00\",\"author\":{\"@id\":\"https:\/\/blog.zeit.de\/joerglau\/#\/schema\/person\/55f0be9bfac24815791fbc852b042f57\"},\"breadcrumb\":{\"@id\":\"https:\/\/blog.zeit.de\/joerglau\/2009\/02\/03\/turken-haben-keine-lobby_2001#breadcrumb\"},\"inLanguage\":\"de\",\"potentialAction\":[{\"@type\":\"ReadAction\",\"target\":[\"https:\/\/blog.zeit.de\/joerglau\/2009\/02\/03\/turken-haben-keine-lobby_2001\"]}]},{\"@type\":\"BreadcrumbList\",\"@id\":\"https:\/\/blog.zeit.de\/joerglau\/2009\/02\/03\/turken-haben-keine-lobby_2001#breadcrumb\",\"itemListElement\":[{\"@type\":\"ListItem\",\"position\":1,\"name\":\"Startseite\",\"item\":\"https:\/\/blog.zeit.de\/joerglau\"},{\"@type\":\"ListItem\",\"position\":2,\"name\":\"T\u00fcrken haben keine Lobby\"}]},{\"@type\":\"WebSite\",\"@id\":\"https:\/\/blog.zeit.de\/joerglau\/#website\",\"url\":\"https:\/\/blog.zeit.de\/joerglau\/\",\"name\":\"J\u00f6rg Lau\",\"description\":\"Ein Blog \u00fcber Religion und Politik\",\"potentialAction\":[{\"@type\":\"SearchAction\",\"target\":{\"@type\":\"EntryPoint\",\"urlTemplate\":\"https:\/\/blog.zeit.de\/joerglau\/?s={search_term_string}\"},\"query-input\":\"required name=search_term_string\"}],\"inLanguage\":\"de\"},{\"@type\":\"Person\",\"@id\":\"https:\/\/blog.zeit.de\/joerglau\/#\/schema\/person\/55f0be9bfac24815791fbc852b042f57\",\"name\":\"J\u00f6rg Lau\",\"image\":{\"@type\":\"ImageObject\",\"inLanguage\":\"de\",\"@id\":\"https:\/\/blog.zeit.de\/joerglau\/#\/schema\/person\/image\/\",\"url\":\"https:\/\/secure.gravatar.com\/avatar\/a5fe39bf4f5335b8bac36eefa0b41467221b1598bfea5f05159a0199e391eed0?s=96&d=mm&r=g\",\"contentUrl\":\"https:\/\/secure.gravatar.com\/avatar\/a5fe39bf4f5335b8bac36eefa0b41467221b1598bfea5f05159a0199e391eed0?s=96&d=mm&r=g\",\"caption\":\"J\u00f6rg Lau\"},\"url\":\"https:\/\/blog.zeit.de\/joerglau\/author\/joerg-lau\"}]}<\/script>\n<!-- \/ Yoast SEO plugin. -->","yoast_head_json":{"title":"T\u00fcrken haben keine Lobby - J\u00f6rg Lau","robots":{"index":"index","follow":"follow","max-snippet":"max-snippet:-1","max-image-preview":"max-image-preview:large","max-video-preview":"max-video-preview:-1"},"canonical":"https:\/\/blog.zeit.de\/joerglau\/2009\/02\/03\/turken-haben-keine-lobby_2001","og_locale":"de_DE","og_type":"article","og_title":"T\u00fcrken haben keine Lobby - J\u00f6rg Lau","og_description":"Und wenn, dann die falsche, meint Necla Kelek in der FAZ, wo sie die Debatte \u00fcber den Integrationsreport kommentiert: &#8222;Liest und h\u00f6rt man die Kommentare der t\u00fcrkischst\u00e4mmigen Politiker, scheint tats\u00e4chlich das Integrationsproblem mit den T\u00fcrken wenig, mit der deutschen Politik aber viel zu tun zu haben. \u201eEs geht vor allem um eine soziale Frage und [&hellip;]","og_url":"https:\/\/blog.zeit.de\/joerglau\/2009\/02\/03\/turken-haben-keine-lobby_2001","og_site_name":"J\u00f6rg Lau","article_published_time":"2009-02-03T12:34:36+00:00","author":"J\u00f6rg Lau","twitter_card":"summary_large_image","twitter_misc":{"Geschrieben von":"J\u00f6rg Lau","Gesch\u00e4tzte Lesezeit":"2\u00a0Minuten"},"schema":{"@context":"https:\/\/schema.org","@graph":[{"@type":"WebPage","@id":"https:\/\/blog.zeit.de\/joerglau\/2009\/02\/03\/turken-haben-keine-lobby_2001","url":"https:\/\/blog.zeit.de\/joerglau\/2009\/02\/03\/turken-haben-keine-lobby_2001","name":"T\u00fcrken haben keine Lobby - J\u00f6rg Lau","isPartOf":{"@id":"https:\/\/blog.zeit.de\/joerglau\/#website"},"datePublished":"2009-02-03T12:34:36+00:00","dateModified":"2009-02-03T12:34:36+00:00","author":{"@id":"https:\/\/blog.zeit.de\/joerglau\/#\/schema\/person\/55f0be9bfac24815791fbc852b042f57"},"breadcrumb":{"@id":"https:\/\/blog.zeit.de\/joerglau\/2009\/02\/03\/turken-haben-keine-lobby_2001#breadcrumb"},"inLanguage":"de","potentialAction":[{"@type":"ReadAction","target":["https:\/\/blog.zeit.de\/joerglau\/2009\/02\/03\/turken-haben-keine-lobby_2001"]}]},{"@type":"BreadcrumbList","@id":"https:\/\/blog.zeit.de\/joerglau\/2009\/02\/03\/turken-haben-keine-lobby_2001#breadcrumb","itemListElement":[{"@type":"ListItem","position":1,"name":"Startseite","item":"https:\/\/blog.zeit.de\/joerglau"},{"@type":"ListItem","position":2,"name":"T\u00fcrken haben keine Lobby"}]},{"@type":"WebSite","@id":"https:\/\/blog.zeit.de\/joerglau\/#website","url":"https:\/\/blog.zeit.de\/joerglau\/","name":"J\u00f6rg Lau","description":"Ein Blog \u00fcber Religion und Politik","potentialAction":[{"@type":"SearchAction","target":{"@type":"EntryPoint","urlTemplate":"https:\/\/blog.zeit.de\/joerglau\/?s={search_term_string}"},"query-input":"required name=search_term_string"}],"inLanguage":"de"},{"@type":"Person","@id":"https:\/\/blog.zeit.de\/joerglau\/#\/schema\/person\/55f0be9bfac24815791fbc852b042f57","name":"J\u00f6rg Lau","image":{"@type":"ImageObject","inLanguage":"de","@id":"https:\/\/blog.zeit.de\/joerglau\/#\/schema\/person\/image\/","url":"https:\/\/secure.gravatar.com\/avatar\/a5fe39bf4f5335b8bac36eefa0b41467221b1598bfea5f05159a0199e391eed0?s=96&d=mm&r=g","contentUrl":"https:\/\/secure.gravatar.com\/avatar\/a5fe39bf4f5335b8bac36eefa0b41467221b1598bfea5f05159a0199e391eed0?s=96&d=mm&r=g","caption":"J\u00f6rg Lau"},"url":"https:\/\/blog.zeit.de\/joerglau\/author\/joerg-lau"}]}},"jetpack_featured_media_url":"","jetpack_sharing_enabled":true,"jetpack_shortlink":"https:\/\/wp.me\/pG02W-wh","_links":{"self":[{"href":"https:\/\/blog.zeit.de\/joerglau\/wp-json\/wp\/v2\/posts\/2001","targetHints":{"allow":["GET"]}}],"collection":[{"href":"https:\/\/blog.zeit.de\/joerglau\/wp-json\/wp\/v2\/posts"}],"about":[{"href":"https:\/\/blog.zeit.de\/joerglau\/wp-json\/wp\/v2\/types\/post"}],"author":[{"embeddable":true,"href":"https:\/\/blog.zeit.de\/joerglau\/wp-json\/wp\/v2\/users\/54"}],"replies":[{"embeddable":true,"href":"https:\/\/blog.zeit.de\/joerglau\/wp-json\/wp\/v2\/comments?post=2001"}],"version-history":[{"count":0,"href":"https:\/\/blog.zeit.de\/joerglau\/wp-json\/wp\/v2\/posts\/2001\/revisions"}],"wp:attachment":[{"href":"https:\/\/blog.zeit.de\/joerglau\/wp-json\/wp\/v2\/media?parent=2001"}],"wp:term":[{"taxonomy":"category","embeddable":true,"href":"https:\/\/blog.zeit.de\/joerglau\/wp-json\/wp\/v2\/categories?post=2001"},{"taxonomy":"post_tag","embeddable":true,"href":"https:\/\/blog.zeit.de\/joerglau\/wp-json\/wp\/v2\/tags?post=2001"}],"curies":[{"name":"wp","href":"https:\/\/api.w.org\/{rel}","templated":true}]}}