{"id":2101,"date":"2009-02-26T11:55:55","date_gmt":"2009-02-26T10:55:55","guid":{"rendered":"http:\/\/blog.zeit.de\/joerglau\/?p=2101"},"modified":"2009-02-26T11:55:55","modified_gmt":"2009-02-26T10:55:55","slug":"noch-mehr-bittere-wahrheiten-uber-die-nichtintegration-der-migranten-in-deutschland","status":"publish","type":"post","link":"https:\/\/blog.zeit.de\/joerglau\/2009\/02\/26\/noch-mehr-bittere-wahrheiten-uber-die-nichtintegration-der-migranten-in-deutschland_2101","title":{"rendered":"(Mehr) Bittere Wahrheiten \u00fcber die Nichtintegration der Migranten"},"content":{"rendered":"<p>Das K\u00f6lner Institut der Deutschen Wirtschaft ver\u00f6ffentlich dieser Tage seinen <a href=\"http:\/\/www.iwkoeln.de\/Portals\/0\/PDF\/pm10_09.pdf\">Integrationsmonitor<\/a>. \u00a0Die Zahlen sind alarmierend (f\u00fcr diejenigen, die noch nicht alarmiert sind, also nicht die regelm\u00e4ssigen Leser dieses Blogs).<\/p>\n<p>Fazit: &#8222;Alle 16 Bundesl\u00e4nder weisen einen unzureichenden Integrationsstand in den Bereichen Bildung, Arbeitsmarkt und Soziales auf &#8211; ob in einem Bundesland relativ viele oder wenige Ausl\u00e4nder leben, spielt dabei keine Rolle f\u00fcr den Grad der Eingliederung.&#8220;<\/p>\n<p>Es gibt einen erheblichen Unterschied beim Zugang zu Bildung in Deutschland. &#8222;Migrantenkinder haben beim Lesen einen \u00a0Wissensr\u00fcckstand von bis zu zwei Schuljahren, ausl\u00e4ndische Jugendliche brechen mehr als doppelt so h\u00e4ufig die Schule ab und machen seltener das Abitur als ihre deutschen Mitsch\u00fcler; au\u00dferdem ergattern sie deutlich seltener einen Ausbildungsplatz und fangen auch nicht so oft ein Hochschulstudium an wie Schulabg\u00e4nger mit deutschem Pass.&#8220;<\/p>\n<p>Zwei interessante Fakten aus der Vorabinformation zu der Studie:<\/p>\n<p>Berlin liegt weit abgeschlagen bei 20,3 Punkten, was die Integration der Ausl\u00e4nder in das Bildungssystem angeht. Bayern erzielt doppelt so hohe Punktzahlen, NRW dreimal so hohe. Das ist ein Alptraum, wenn man an die schiere Zahl der Betroffenen in der Hauptstadt denkt.*<\/p>\n<p>Was die Berufschancen ausl\u00e4ndischer Akademiker angeht, sieht es d\u00fcster aus: Deutsche Hochschulabg\u00e4nger haben bis zu dreimal h\u00f6here Chancen auf einen Job als als Hochqualifizierte mit einem ausl\u00e4ndischen Pass. Warum? Reden wir nicht seit Jahren davon, dass wir als Exporteur und globalisierte Wirtschaft unbedingt Hochqualifizierte aus aller Welt brauchen? \u00a0Und dann stellen wir doch lieber Kerndeutsche ein? \u00dcbrigens: Nur in Hessen und Baden-W\u00fcrttemberg gibt es ann\u00e4hernd Chancengleichheit f\u00fcr nichtdeutsche Akademiker.<\/p>\n<p>\u00a0<\/p>\n<p><a href=\"https:\/\/blog.zeit.de\/joerglau\/files\/2009\/02\/picture-1.png\"><img loading=\"lazy\" decoding=\"async\" class=\"alignnone size-full wp-image-2100\" title=\"picture-1\" src=\"https:\/\/blog.zeit.de\/joerglau\/files\/2009\/02\/picture-1.png\" alt=\"\" width=\"450\" height=\"306\" srcset=\"https:\/\/blog.zeit.de\/joerglau\/files\/2009\/02\/picture-1.png 525w, https:\/\/blog.zeit.de\/joerglau\/files\/2009\/02\/picture-1-300x204.png 300w\" sizes=\"auto, (max-width: 450px) 100vw, 450px\" \/><\/a><\/p>\n<p>Grafik: IW K\u00f6ln<\/p>\n<p>* Zahlen aus Berlin:\u00a0Laut Amt f\u00fcr Statistik Berlin-Brandenburg leben in Berlin 470.000 registrierte Ausl\u00e4nder plus 393.000 Deutsche mit Migrationshintergrund.\u00a0<\/p>\n<p><!--StartFragment--><span style=\"font-family: Verdana, Helvetica, Arial;\"><span> \u00a0<br \/>\nVon den 3.405.300 Einwohnern Berlins h\u00e4tten somit 863.500 einen Migrationshintergrund.<\/span><\/span><\/p>\n<p><!--EndFragment--><\/p>\n","protected":false},"excerpt":{"rendered":"<p>Das K\u00f6lner Institut der Deutschen Wirtschaft ver\u00f6ffentlich dieser Tage seinen Integrationsmonitor. \u00a0Die Zahlen sind alarmierend (f\u00fcr diejenigen, die noch nicht alarmiert sind, also nicht die regelm\u00e4ssigen Leser dieses Blogs). Fazit: &#8222;Alle 16 Bundesl\u00e4nder weisen einen unzureichenden Integrationsstand in den Bereichen Bildung, Arbeitsmarkt und Soziales auf &#8211; ob in einem Bundesland relativ viele oder wenige Ausl\u00e4nder [&hellip;]<\/p>\n","protected":false},"author":54,"featured_media":0,"comment_status":"open","ping_status":"closed","sticky":false,"template":"","format":"standard","meta":{"jetpack_post_was_ever_published":false,"footnotes":""},"categories":[163],"tags":[],"class_list":["post-2101","post","type-post","status-publish","format-standard","hentry","category-integration"],"yoast_head":"<!-- This site is optimized with the Yoast SEO plugin v21.0 - https:\/\/yoast.com\/wordpress\/plugins\/seo\/ -->\n<title>(Mehr) Bittere Wahrheiten \u00fcber die Nichtintegration der Migranten - J\u00f6rg Lau<\/title>\n<meta name=\"robots\" content=\"index, follow, max-snippet:-1, max-image-preview:large, max-video-preview:-1\" \/>\n<link rel=\"canonical\" href=\"https:\/\/blog.zeit.de\/joerglau\/2009\/02\/26\/noch-mehr-bittere-wahrheiten-uber-die-nichtintegration-der-migranten-in-deutschland_2101\" \/>\n<meta property=\"og:locale\" content=\"de_DE\" \/>\n<meta property=\"og:type\" content=\"article\" \/>\n<meta property=\"og:title\" content=\"(Mehr) Bittere Wahrheiten \u00fcber die Nichtintegration der Migranten - J\u00f6rg Lau\" \/>\n<meta property=\"og:description\" content=\"Das K\u00f6lner Institut der Deutschen Wirtschaft ver\u00f6ffentlich dieser Tage seinen Integrationsmonitor. \u00a0Die Zahlen sind alarmierend (f\u00fcr diejenigen, die noch nicht alarmiert sind, also nicht die regelm\u00e4ssigen Leser dieses Blogs). Fazit: &#8222;Alle 16 Bundesl\u00e4nder weisen einen unzureichenden Integrationsstand in den Bereichen Bildung, Arbeitsmarkt und Soziales auf &#8211; ob in einem Bundesland relativ viele oder wenige Ausl\u00e4nder [&hellip;]\" \/>\n<meta property=\"og:url\" content=\"https:\/\/blog.zeit.de\/joerglau\/2009\/02\/26\/noch-mehr-bittere-wahrheiten-uber-die-nichtintegration-der-migranten-in-deutschland_2101\" \/>\n<meta property=\"og:site_name\" content=\"J\u00f6rg Lau\" \/>\n<meta property=\"article:published_time\" content=\"2009-02-26T10:55:55+00:00\" \/>\n<meta property=\"og:image\" content=\"https:\/\/blog.zeit.de\/joerglau\/files\/2009\/02\/picture-1.png\" \/>\n<meta name=\"author\" content=\"J\u00f6rg Lau\" \/>\n<meta name=\"twitter:card\" content=\"summary_large_image\" \/>\n<meta name=\"twitter:label1\" content=\"Geschrieben von\" \/>\n\t<meta name=\"twitter:data1\" content=\"J\u00f6rg Lau\" \/>\n\t<meta name=\"twitter:label2\" content=\"Gesch\u00e4tzte Lesezeit\" \/>\n\t<meta name=\"twitter:data2\" content=\"2\u00a0Minuten\" \/>\n<script type=\"application\/ld+json\" class=\"yoast-schema-graph\">{\"@context\":\"https:\/\/schema.org\",\"@graph\":[{\"@type\":\"WebPage\",\"@id\":\"https:\/\/blog.zeit.de\/joerglau\/2009\/02\/26\/noch-mehr-bittere-wahrheiten-uber-die-nichtintegration-der-migranten-in-deutschland_2101\",\"url\":\"https:\/\/blog.zeit.de\/joerglau\/2009\/02\/26\/noch-mehr-bittere-wahrheiten-uber-die-nichtintegration-der-migranten-in-deutschland_2101\",\"name\":\"(Mehr) Bittere Wahrheiten \u00fcber die Nichtintegration der Migranten - J\u00f6rg Lau\",\"isPartOf\":{\"@id\":\"https:\/\/blog.zeit.de\/joerglau\/#website\"},\"datePublished\":\"2009-02-26T10:55:55+00:00\",\"dateModified\":\"2009-02-26T10:55:55+00:00\",\"author\":{\"@id\":\"https:\/\/blog.zeit.de\/joerglau\/#\/schema\/person\/55f0be9bfac24815791fbc852b042f57\"},\"breadcrumb\":{\"@id\":\"https:\/\/blog.zeit.de\/joerglau\/2009\/02\/26\/noch-mehr-bittere-wahrheiten-uber-die-nichtintegration-der-migranten-in-deutschland_2101#breadcrumb\"},\"inLanguage\":\"de\",\"potentialAction\":[{\"@type\":\"ReadAction\",\"target\":[\"https:\/\/blog.zeit.de\/joerglau\/2009\/02\/26\/noch-mehr-bittere-wahrheiten-uber-die-nichtintegration-der-migranten-in-deutschland_2101\"]}]},{\"@type\":\"BreadcrumbList\",\"@id\":\"https:\/\/blog.zeit.de\/joerglau\/2009\/02\/26\/noch-mehr-bittere-wahrheiten-uber-die-nichtintegration-der-migranten-in-deutschland_2101#breadcrumb\",\"itemListElement\":[{\"@type\":\"ListItem\",\"position\":1,\"name\":\"Startseite\",\"item\":\"https:\/\/blog.zeit.de\/joerglau\"},{\"@type\":\"ListItem\",\"position\":2,\"name\":\"(Mehr) Bittere Wahrheiten \u00fcber die Nichtintegration der Migranten\"}]},{\"@type\":\"WebSite\",\"@id\":\"https:\/\/blog.zeit.de\/joerglau\/#website\",\"url\":\"https:\/\/blog.zeit.de\/joerglau\/\",\"name\":\"J\u00f6rg Lau\",\"description\":\"Ein Blog \u00fcber Religion und Politik\",\"potentialAction\":[{\"@type\":\"SearchAction\",\"target\":{\"@type\":\"EntryPoint\",\"urlTemplate\":\"https:\/\/blog.zeit.de\/joerglau\/?s={search_term_string}\"},\"query-input\":\"required name=search_term_string\"}],\"inLanguage\":\"de\"},{\"@type\":\"Person\",\"@id\":\"https:\/\/blog.zeit.de\/joerglau\/#\/schema\/person\/55f0be9bfac24815791fbc852b042f57\",\"name\":\"J\u00f6rg Lau\",\"image\":{\"@type\":\"ImageObject\",\"inLanguage\":\"de\",\"@id\":\"https:\/\/blog.zeit.de\/joerglau\/#\/schema\/person\/image\/\",\"url\":\"https:\/\/secure.gravatar.com\/avatar\/a5fe39bf4f5335b8bac36eefa0b41467221b1598bfea5f05159a0199e391eed0?s=96&d=mm&r=g\",\"contentUrl\":\"https:\/\/secure.gravatar.com\/avatar\/a5fe39bf4f5335b8bac36eefa0b41467221b1598bfea5f05159a0199e391eed0?s=96&d=mm&r=g\",\"caption\":\"J\u00f6rg Lau\"},\"url\":\"https:\/\/blog.zeit.de\/joerglau\/author\/joerg-lau\"}]}<\/script>\n<!-- \/ Yoast SEO plugin. -->","yoast_head_json":{"title":"(Mehr) Bittere Wahrheiten \u00fcber die Nichtintegration der Migranten - J\u00f6rg Lau","robots":{"index":"index","follow":"follow","max-snippet":"max-snippet:-1","max-image-preview":"max-image-preview:large","max-video-preview":"max-video-preview:-1"},"canonical":"https:\/\/blog.zeit.de\/joerglau\/2009\/02\/26\/noch-mehr-bittere-wahrheiten-uber-die-nichtintegration-der-migranten-in-deutschland_2101","og_locale":"de_DE","og_type":"article","og_title":"(Mehr) Bittere Wahrheiten \u00fcber die Nichtintegration der Migranten - J\u00f6rg Lau","og_description":"Das K\u00f6lner Institut der Deutschen Wirtschaft ver\u00f6ffentlich dieser Tage seinen Integrationsmonitor. \u00a0Die Zahlen sind alarmierend (f\u00fcr diejenigen, die noch nicht alarmiert sind, also nicht die regelm\u00e4ssigen Leser dieses Blogs). Fazit: &#8222;Alle 16 Bundesl\u00e4nder weisen einen unzureichenden Integrationsstand in den Bereichen Bildung, Arbeitsmarkt und Soziales auf &#8211; ob in einem Bundesland relativ viele oder wenige Ausl\u00e4nder [&hellip;]","og_url":"https:\/\/blog.zeit.de\/joerglau\/2009\/02\/26\/noch-mehr-bittere-wahrheiten-uber-die-nichtintegration-der-migranten-in-deutschland_2101","og_site_name":"J\u00f6rg Lau","article_published_time":"2009-02-26T10:55:55+00:00","og_image":[{"url":"https:\/\/blog.zeit.de\/joerglau\/files\/2009\/02\/picture-1.png"}],"author":"J\u00f6rg Lau","twitter_card":"summary_large_image","twitter_misc":{"Geschrieben von":"J\u00f6rg Lau","Gesch\u00e4tzte Lesezeit":"2\u00a0Minuten"},"schema":{"@context":"https:\/\/schema.org","@graph":[{"@type":"WebPage","@id":"https:\/\/blog.zeit.de\/joerglau\/2009\/02\/26\/noch-mehr-bittere-wahrheiten-uber-die-nichtintegration-der-migranten-in-deutschland_2101","url":"https:\/\/blog.zeit.de\/joerglau\/2009\/02\/26\/noch-mehr-bittere-wahrheiten-uber-die-nichtintegration-der-migranten-in-deutschland_2101","name":"(Mehr) Bittere Wahrheiten \u00fcber die Nichtintegration der Migranten - J\u00f6rg Lau","isPartOf":{"@id":"https:\/\/blog.zeit.de\/joerglau\/#website"},"datePublished":"2009-02-26T10:55:55+00:00","dateModified":"2009-02-26T10:55:55+00:00","author":{"@id":"https:\/\/blog.zeit.de\/joerglau\/#\/schema\/person\/55f0be9bfac24815791fbc852b042f57"},"breadcrumb":{"@id":"https:\/\/blog.zeit.de\/joerglau\/2009\/02\/26\/noch-mehr-bittere-wahrheiten-uber-die-nichtintegration-der-migranten-in-deutschland_2101#breadcrumb"},"inLanguage":"de","potentialAction":[{"@type":"ReadAction","target":["https:\/\/blog.zeit.de\/joerglau\/2009\/02\/26\/noch-mehr-bittere-wahrheiten-uber-die-nichtintegration-der-migranten-in-deutschland_2101"]}]},{"@type":"BreadcrumbList","@id":"https:\/\/blog.zeit.de\/joerglau\/2009\/02\/26\/noch-mehr-bittere-wahrheiten-uber-die-nichtintegration-der-migranten-in-deutschland_2101#breadcrumb","itemListElement":[{"@type":"ListItem","position":1,"name":"Startseite","item":"https:\/\/blog.zeit.de\/joerglau"},{"@type":"ListItem","position":2,"name":"(Mehr) Bittere Wahrheiten \u00fcber die Nichtintegration der Migranten"}]},{"@type":"WebSite","@id":"https:\/\/blog.zeit.de\/joerglau\/#website","url":"https:\/\/blog.zeit.de\/joerglau\/","name":"J\u00f6rg Lau","description":"Ein Blog \u00fcber Religion und Politik","potentialAction":[{"@type":"SearchAction","target":{"@type":"EntryPoint","urlTemplate":"https:\/\/blog.zeit.de\/joerglau\/?s={search_term_string}"},"query-input":"required name=search_term_string"}],"inLanguage":"de"},{"@type":"Person","@id":"https:\/\/blog.zeit.de\/joerglau\/#\/schema\/person\/55f0be9bfac24815791fbc852b042f57","name":"J\u00f6rg Lau","image":{"@type":"ImageObject","inLanguage":"de","@id":"https:\/\/blog.zeit.de\/joerglau\/#\/schema\/person\/image\/","url":"https:\/\/secure.gravatar.com\/avatar\/a5fe39bf4f5335b8bac36eefa0b41467221b1598bfea5f05159a0199e391eed0?s=96&d=mm&r=g","contentUrl":"https:\/\/secure.gravatar.com\/avatar\/a5fe39bf4f5335b8bac36eefa0b41467221b1598bfea5f05159a0199e391eed0?s=96&d=mm&r=g","caption":"J\u00f6rg Lau"},"url":"https:\/\/blog.zeit.de\/joerglau\/author\/joerg-lau"}]}},"jetpack_featured_media_url":"","jetpack_sharing_enabled":true,"jetpack_shortlink":"https:\/\/wp.me\/pG02W-xT","_links":{"self":[{"href":"https:\/\/blog.zeit.de\/joerglau\/wp-json\/wp\/v2\/posts\/2101","targetHints":{"allow":["GET"]}}],"collection":[{"href":"https:\/\/blog.zeit.de\/joerglau\/wp-json\/wp\/v2\/posts"}],"about":[{"href":"https:\/\/blog.zeit.de\/joerglau\/wp-json\/wp\/v2\/types\/post"}],"author":[{"embeddable":true,"href":"https:\/\/blog.zeit.de\/joerglau\/wp-json\/wp\/v2\/users\/54"}],"replies":[{"embeddable":true,"href":"https:\/\/blog.zeit.de\/joerglau\/wp-json\/wp\/v2\/comments?post=2101"}],"version-history":[{"count":0,"href":"https:\/\/blog.zeit.de\/joerglau\/wp-json\/wp\/v2\/posts\/2101\/revisions"}],"wp:attachment":[{"href":"https:\/\/blog.zeit.de\/joerglau\/wp-json\/wp\/v2\/media?parent=2101"}],"wp:term":[{"taxonomy":"category","embeddable":true,"href":"https:\/\/blog.zeit.de\/joerglau\/wp-json\/wp\/v2\/categories?post=2101"},{"taxonomy":"post_tag","embeddable":true,"href":"https:\/\/blog.zeit.de\/joerglau\/wp-json\/wp\/v2\/tags?post=2101"}],"curies":[{"name":"wp","href":"https:\/\/api.w.org\/{rel}","templated":true}]}}