{"id":2108,"date":"2009-02-26T12:47:00","date_gmt":"2009-02-26T11:47:00","guid":{"rendered":"http:\/\/blog.zeit.de\/joerglau\/?p=2108"},"modified":"2009-02-26T12:47:00","modified_gmt":"2009-02-26T11:47:00","slug":"israeler-super-super-super-gemein-gaza-im-islamischen-religionsunterricht","status":"publish","type":"post","link":"https:\/\/blog.zeit.de\/joerglau\/2009\/02\/26\/israeler-super-super-super-gemein-gaza-im-islamischen-religionsunterricht_2108","title":{"rendered":"&#8222;Israeler super super super gemein&#8220; &#8211; Gaza im islamischen Religionsunterricht"},"content":{"rendered":"<p>In Berlin unterrichtet die &#8222;Islamische F\u00f6deration&#8220; muslimische Kinder im freiwilligen Religionsunterricht an \u00f6ffentlichen Schulen &#8211; so wie die Kirchen und die J\u00fcdische Gemeinde.<\/p>\n<p>Die F\u00f6deration &#8211; eine Briefkastenfirma von Milli G\u00f6r\u00fcs &#8211; hat nun Briefe ins Netz gestellt, auf denen Kinder ihre Gef\u00fchle und W\u00fcnsche zum Gaza-Krieg ausdr\u00fccken. Teilweise ist das einfach nur das \u00dcbliche, was Kinder so sagen, wenn man sie zu irgendeinem Krieg befragt. Doch teilweise schaut auch eine problematische religi\u00f6se Aufladung des Konflikts durch, der man im Religionsunterricht offenbar nicht entgegenwirkt. Die israelischen &#8222;Kinderm\u00f6rder&#8220; sind omnipr\u00e4sent in den Briefen. Wie darf man sich wohl die Unterrichtseinheit vorstellen, die zu dieser Sicht gef\u00fchrt hat?<\/p>\n<p>Zwei Beispiele, mehr <a href=\"http:\/\/www.islamische-foederation.de\/\">hier<\/a>.<\/p>\n<p><a href=\"https:\/\/blog.zeit.de\/joerglau\/files\/2009\/02\/picture-3.png\"><img loading=\"lazy\" decoding=\"async\" class=\"alignnone size-full wp-image-2109\" title=\"picture-3\" src=\"https:\/\/blog.zeit.de\/joerglau\/files\/2009\/02\/picture-3.png\" alt=\"\" width=\"314\" height=\"274\" srcset=\"https:\/\/blog.zeit.de\/joerglau\/files\/2009\/02\/picture-3.png 314w, https:\/\/blog.zeit.de\/joerglau\/files\/2009\/02\/picture-3-300x261.png 300w\" sizes=\"auto, (max-width: 314px) 100vw, 314px\" \/><\/a><\/p>\n<p><a href=\"https:\/\/blog.zeit.de\/joerglau\/files\/2009\/02\/picture-21.png\"><img loading=\"lazy\" decoding=\"async\" class=\"alignnone size-full wp-image-2110\" title=\"picture-21\" src=\"https:\/\/blog.zeit.de\/joerglau\/files\/2009\/02\/picture-21.png\" alt=\"\" width=\"332\" height=\"381\" srcset=\"https:\/\/blog.zeit.de\/joerglau\/files\/2009\/02\/picture-21.png 332w, https:\/\/blog.zeit.de\/joerglau\/files\/2009\/02\/picture-21-261x300.png 261w\" sizes=\"auto, (max-width: 332px) 100vw, 332px\" \/><\/a><\/p>\n","protected":false},"excerpt":{"rendered":"<p>In Berlin unterrichtet die &#8222;Islamische F\u00f6deration&#8220; muslimische Kinder im freiwilligen Religionsunterricht an \u00f6ffentlichen Schulen &#8211; so wie die Kirchen und die J\u00fcdische Gemeinde. Die F\u00f6deration &#8211; eine Briefkastenfirma von Milli G\u00f6r\u00fcs &#8211; hat nun Briefe ins Netz gestellt, auf denen Kinder ihre Gef\u00fchle und W\u00fcnsche zum Gaza-Krieg ausdr\u00fccken. Teilweise ist das einfach nur das \u00dcbliche, [&hellip;]<\/p>\n","protected":false},"author":54,"featured_media":0,"comment_status":"open","ping_status":"closed","sticky":false,"template":"","format":"standard","meta":{"jetpack_post_was_ever_published":false,"footnotes":""},"categories":[157,163],"tags":[],"class_list":["post-2108","post","type-post","status-publish","format-standard","hentry","category-die-freunde-und-die-feinde-des-islams","category-integration"],"yoast_head":"<!-- This site is optimized with the Yoast SEO plugin v21.0 - https:\/\/yoast.com\/wordpress\/plugins\/seo\/ -->\n<title>&quot;Israeler super super super gemein&quot; - Gaza im islamischen Religionsunterricht - J\u00f6rg Lau<\/title>\n<meta name=\"robots\" content=\"index, follow, max-snippet:-1, max-image-preview:large, max-video-preview:-1\" \/>\n<link rel=\"canonical\" href=\"https:\/\/blog.zeit.de\/joerglau\/2009\/02\/26\/israeler-super-super-super-gemein-gaza-im-islamischen-religionsunterricht_2108\" \/>\n<meta property=\"og:locale\" content=\"de_DE\" \/>\n<meta property=\"og:type\" content=\"article\" \/>\n<meta property=\"og:title\" content=\"&quot;Israeler super super super gemein&quot; - Gaza im islamischen Religionsunterricht - J\u00f6rg Lau\" \/>\n<meta property=\"og:description\" content=\"In Berlin unterrichtet die &#8222;Islamische F\u00f6deration&#8220; muslimische Kinder im freiwilligen Religionsunterricht an \u00f6ffentlichen Schulen &#8211; so wie die Kirchen und die J\u00fcdische Gemeinde. Die F\u00f6deration &#8211; eine Briefkastenfirma von Milli G\u00f6r\u00fcs &#8211; hat nun Briefe ins Netz gestellt, auf denen Kinder ihre Gef\u00fchle und W\u00fcnsche zum Gaza-Krieg ausdr\u00fccken. Teilweise ist das einfach nur das \u00dcbliche, [&hellip;]\" \/>\n<meta property=\"og:url\" content=\"https:\/\/blog.zeit.de\/joerglau\/2009\/02\/26\/israeler-super-super-super-gemein-gaza-im-islamischen-religionsunterricht_2108\" \/>\n<meta property=\"og:site_name\" content=\"J\u00f6rg Lau\" \/>\n<meta property=\"article:published_time\" content=\"2009-02-26T11:47:00+00:00\" \/>\n<meta property=\"og:image\" content=\"https:\/\/blog.zeit.de\/joerglau\/files\/2009\/02\/picture-3.png\" \/>\n<meta name=\"author\" content=\"J\u00f6rg Lau\" \/>\n<meta name=\"twitter:card\" content=\"summary_large_image\" \/>\n<meta name=\"twitter:label1\" content=\"Geschrieben von\" \/>\n\t<meta name=\"twitter:data1\" content=\"J\u00f6rg Lau\" \/>\n\t<meta name=\"twitter:label2\" content=\"Gesch\u00e4tzte Lesezeit\" \/>\n\t<meta name=\"twitter:data2\" content=\"1\u00a0Minute\" \/>\n<script type=\"application\/ld+json\" class=\"yoast-schema-graph\">{\"@context\":\"https:\/\/schema.org\",\"@graph\":[{\"@type\":\"WebPage\",\"@id\":\"https:\/\/blog.zeit.de\/joerglau\/2009\/02\/26\/israeler-super-super-super-gemein-gaza-im-islamischen-religionsunterricht_2108\",\"url\":\"https:\/\/blog.zeit.de\/joerglau\/2009\/02\/26\/israeler-super-super-super-gemein-gaza-im-islamischen-religionsunterricht_2108\",\"name\":\"\\\"Israeler super super super gemein\\\" - Gaza im islamischen Religionsunterricht - J\u00f6rg Lau\",\"isPartOf\":{\"@id\":\"https:\/\/blog.zeit.de\/joerglau\/#website\"},\"datePublished\":\"2009-02-26T11:47:00+00:00\",\"dateModified\":\"2009-02-26T11:47:00+00:00\",\"author\":{\"@id\":\"https:\/\/blog.zeit.de\/joerglau\/#\/schema\/person\/55f0be9bfac24815791fbc852b042f57\"},\"breadcrumb\":{\"@id\":\"https:\/\/blog.zeit.de\/joerglau\/2009\/02\/26\/israeler-super-super-super-gemein-gaza-im-islamischen-religionsunterricht_2108#breadcrumb\"},\"inLanguage\":\"de\",\"potentialAction\":[{\"@type\":\"ReadAction\",\"target\":[\"https:\/\/blog.zeit.de\/joerglau\/2009\/02\/26\/israeler-super-super-super-gemein-gaza-im-islamischen-religionsunterricht_2108\"]}]},{\"@type\":\"BreadcrumbList\",\"@id\":\"https:\/\/blog.zeit.de\/joerglau\/2009\/02\/26\/israeler-super-super-super-gemein-gaza-im-islamischen-religionsunterricht_2108#breadcrumb\",\"itemListElement\":[{\"@type\":\"ListItem\",\"position\":1,\"name\":\"Startseite\",\"item\":\"https:\/\/blog.zeit.de\/joerglau\"},{\"@type\":\"ListItem\",\"position\":2,\"name\":\"&#8222;Israeler super super super gemein&#8220; &#8211; Gaza im islamischen Religionsunterricht\"}]},{\"@type\":\"WebSite\",\"@id\":\"https:\/\/blog.zeit.de\/joerglau\/#website\",\"url\":\"https:\/\/blog.zeit.de\/joerglau\/\",\"name\":\"J\u00f6rg Lau\",\"description\":\"Ein Blog \u00fcber Religion und Politik\",\"potentialAction\":[{\"@type\":\"SearchAction\",\"target\":{\"@type\":\"EntryPoint\",\"urlTemplate\":\"https:\/\/blog.zeit.de\/joerglau\/?s={search_term_string}\"},\"query-input\":\"required name=search_term_string\"}],\"inLanguage\":\"de\"},{\"@type\":\"Person\",\"@id\":\"https:\/\/blog.zeit.de\/joerglau\/#\/schema\/person\/55f0be9bfac24815791fbc852b042f57\",\"name\":\"J\u00f6rg Lau\",\"image\":{\"@type\":\"ImageObject\",\"inLanguage\":\"de\",\"@id\":\"https:\/\/blog.zeit.de\/joerglau\/#\/schema\/person\/image\/\",\"url\":\"https:\/\/secure.gravatar.com\/avatar\/a5fe39bf4f5335b8bac36eefa0b41467221b1598bfea5f05159a0199e391eed0?s=96&d=mm&r=g\",\"contentUrl\":\"https:\/\/secure.gravatar.com\/avatar\/a5fe39bf4f5335b8bac36eefa0b41467221b1598bfea5f05159a0199e391eed0?s=96&d=mm&r=g\",\"caption\":\"J\u00f6rg Lau\"},\"url\":\"https:\/\/blog.zeit.de\/joerglau\/author\/joerg-lau\"}]}<\/script>\n<!-- \/ Yoast SEO plugin. -->","yoast_head_json":{"title":"\"Israeler super super super gemein\" - Gaza im islamischen Religionsunterricht - J\u00f6rg Lau","robots":{"index":"index","follow":"follow","max-snippet":"max-snippet:-1","max-image-preview":"max-image-preview:large","max-video-preview":"max-video-preview:-1"},"canonical":"https:\/\/blog.zeit.de\/joerglau\/2009\/02\/26\/israeler-super-super-super-gemein-gaza-im-islamischen-religionsunterricht_2108","og_locale":"de_DE","og_type":"article","og_title":"\"Israeler super super super gemein\" - Gaza im islamischen Religionsunterricht - J\u00f6rg Lau","og_description":"In Berlin unterrichtet die &#8222;Islamische F\u00f6deration&#8220; muslimische Kinder im freiwilligen Religionsunterricht an \u00f6ffentlichen Schulen &#8211; so wie die Kirchen und die J\u00fcdische Gemeinde. Die F\u00f6deration &#8211; eine Briefkastenfirma von Milli G\u00f6r\u00fcs &#8211; hat nun Briefe ins Netz gestellt, auf denen Kinder ihre Gef\u00fchle und W\u00fcnsche zum Gaza-Krieg ausdr\u00fccken. Teilweise ist das einfach nur das \u00dcbliche, [&hellip;]","og_url":"https:\/\/blog.zeit.de\/joerglau\/2009\/02\/26\/israeler-super-super-super-gemein-gaza-im-islamischen-religionsunterricht_2108","og_site_name":"J\u00f6rg Lau","article_published_time":"2009-02-26T11:47:00+00:00","og_image":[{"url":"https:\/\/blog.zeit.de\/joerglau\/files\/2009\/02\/picture-3.png"}],"author":"J\u00f6rg Lau","twitter_card":"summary_large_image","twitter_misc":{"Geschrieben von":"J\u00f6rg Lau","Gesch\u00e4tzte Lesezeit":"1\u00a0Minute"},"schema":{"@context":"https:\/\/schema.org","@graph":[{"@type":"WebPage","@id":"https:\/\/blog.zeit.de\/joerglau\/2009\/02\/26\/israeler-super-super-super-gemein-gaza-im-islamischen-religionsunterricht_2108","url":"https:\/\/blog.zeit.de\/joerglau\/2009\/02\/26\/israeler-super-super-super-gemein-gaza-im-islamischen-religionsunterricht_2108","name":"\"Israeler super super super gemein\" - Gaza im islamischen Religionsunterricht - J\u00f6rg Lau","isPartOf":{"@id":"https:\/\/blog.zeit.de\/joerglau\/#website"},"datePublished":"2009-02-26T11:47:00+00:00","dateModified":"2009-02-26T11:47:00+00:00","author":{"@id":"https:\/\/blog.zeit.de\/joerglau\/#\/schema\/person\/55f0be9bfac24815791fbc852b042f57"},"breadcrumb":{"@id":"https:\/\/blog.zeit.de\/joerglau\/2009\/02\/26\/israeler-super-super-super-gemein-gaza-im-islamischen-religionsunterricht_2108#breadcrumb"},"inLanguage":"de","potentialAction":[{"@type":"ReadAction","target":["https:\/\/blog.zeit.de\/joerglau\/2009\/02\/26\/israeler-super-super-super-gemein-gaza-im-islamischen-religionsunterricht_2108"]}]},{"@type":"BreadcrumbList","@id":"https:\/\/blog.zeit.de\/joerglau\/2009\/02\/26\/israeler-super-super-super-gemein-gaza-im-islamischen-religionsunterricht_2108#breadcrumb","itemListElement":[{"@type":"ListItem","position":1,"name":"Startseite","item":"https:\/\/blog.zeit.de\/joerglau"},{"@type":"ListItem","position":2,"name":"&#8222;Israeler super super super gemein&#8220; &#8211; Gaza im islamischen Religionsunterricht"}]},{"@type":"WebSite","@id":"https:\/\/blog.zeit.de\/joerglau\/#website","url":"https:\/\/blog.zeit.de\/joerglau\/","name":"J\u00f6rg Lau","description":"Ein Blog \u00fcber Religion und Politik","potentialAction":[{"@type":"SearchAction","target":{"@type":"EntryPoint","urlTemplate":"https:\/\/blog.zeit.de\/joerglau\/?s={search_term_string}"},"query-input":"required name=search_term_string"}],"inLanguage":"de"},{"@type":"Person","@id":"https:\/\/blog.zeit.de\/joerglau\/#\/schema\/person\/55f0be9bfac24815791fbc852b042f57","name":"J\u00f6rg Lau","image":{"@type":"ImageObject","inLanguage":"de","@id":"https:\/\/blog.zeit.de\/joerglau\/#\/schema\/person\/image\/","url":"https:\/\/secure.gravatar.com\/avatar\/a5fe39bf4f5335b8bac36eefa0b41467221b1598bfea5f05159a0199e391eed0?s=96&d=mm&r=g","contentUrl":"https:\/\/secure.gravatar.com\/avatar\/a5fe39bf4f5335b8bac36eefa0b41467221b1598bfea5f05159a0199e391eed0?s=96&d=mm&r=g","caption":"J\u00f6rg Lau"},"url":"https:\/\/blog.zeit.de\/joerglau\/author\/joerg-lau"}]}},"jetpack_featured_media_url":"","jetpack_sharing_enabled":true,"jetpack_shortlink":"https:\/\/wp.me\/pG02W-y0","_links":{"self":[{"href":"https:\/\/blog.zeit.de\/joerglau\/wp-json\/wp\/v2\/posts\/2108","targetHints":{"allow":["GET"]}}],"collection":[{"href":"https:\/\/blog.zeit.de\/joerglau\/wp-json\/wp\/v2\/posts"}],"about":[{"href":"https:\/\/blog.zeit.de\/joerglau\/wp-json\/wp\/v2\/types\/post"}],"author":[{"embeddable":true,"href":"https:\/\/blog.zeit.de\/joerglau\/wp-json\/wp\/v2\/users\/54"}],"replies":[{"embeddable":true,"href":"https:\/\/blog.zeit.de\/joerglau\/wp-json\/wp\/v2\/comments?post=2108"}],"version-history":[{"count":0,"href":"https:\/\/blog.zeit.de\/joerglau\/wp-json\/wp\/v2\/posts\/2108\/revisions"}],"wp:attachment":[{"href":"https:\/\/blog.zeit.de\/joerglau\/wp-json\/wp\/v2\/media?parent=2108"}],"wp:term":[{"taxonomy":"category","embeddable":true,"href":"https:\/\/blog.zeit.de\/joerglau\/wp-json\/wp\/v2\/categories?post=2108"},{"taxonomy":"post_tag","embeddable":true,"href":"https:\/\/blog.zeit.de\/joerglau\/wp-json\/wp\/v2\/tags?post=2108"}],"curies":[{"name":"wp","href":"https:\/\/api.w.org\/{rel}","templated":true}]}}