{"id":22,"date":"2006-08-29T17:26:00","date_gmt":"2006-08-29T15:26:00","guid":{"rendered":"http:\/\/blog.zeit.de\/joerglau\/2006\/08\/29\/die-linke-rhetorik-der-hisbollah_22"},"modified":"2006-08-29T17:26:00","modified_gmt":"2006-08-29T15:26:00","slug":"die-linke-rhetorik-der-hisbollah","status":"publish","type":"post","link":"https:\/\/blog.zeit.de\/joerglau\/2006\/08\/29\/die-linke-rhetorik-der-hisbollah_22","title":{"rendered":"Die &#8222;linke&#8220; Rhetorik der Hisbollah"},"content":{"rendered":"<p><a href=\"http:\/\/photos1.blogger.com\/blogger\/1226\/3593\/1600\/Nasrallah%20Lebanon%20Hizbollah.jpg\"><img decoding=\"async\" border=\"0\" src=\"http:\/\/photos1.blogger.com\/blogger\/1226\/3593\/200\/Nasrallah%20Lebanon%20Hizbollah.jpg\" \/><\/a><br \/>\nHazem Saghieh, der gro\u00dfe Liberale unter den arabischen Journalisten, schreibt in Al-Hayat vom 28. August eine \u00e4tzende Kritik der revolution\u00e4ren Rhetorik der Hisbollah und ihres F\u00fchrers Hassan Nasrallah (Foto rechts). Will solche kritischen Stimmen im Westen noch jemand wahrnehmen?<br \/>\nF\u00fcr den &#8222;alten, korrupten, merkantilen Libanesen&#8220;, so Saghieh, sei kein Platz in der sch\u00f6nen neuen Welt, die der &#8222;historische Sieg&#8220; der Hisbollah  heraufbeschw\u00f6rt.<br \/>\nSaghieh, selber ein fr\u00fcherer Linker, f\u00fchlt sich durch die  linke,  &#8222;zweifellos progressive&#8220; Rhetorik an alte Zeiten erinnert, weil man uns &#8222;wieder einmal  aufzeigt, wer  &#8211; wie der alte  Lenin sagte &#8211; die Freunde und die Feinde des Volkes sind&#8220;.<br \/>\n&#8222;Unbedeutende korrupte Leute, die schlaflose N\u00e4chte in Sorge \u00fcber irdischen Dingen verbringen, m\u00fcssen jetzt Platz machen f\u00fcr Leute, die nur \u00fcber der Frage der Geschichte schlaflos werden&#8220;, schreibt Saghieh mit Blick auf das aussichtslose Duell des Ministerpr\u00e4sidenten Siniora mit dem Hisbollah-F\u00fchrer Nasrallah um die moralischen F\u00fchrerschaft im Libanon: &#8222;Diejenigen, die Tr\u00e4nen vergie\u00dfen, wie Fouad Siniora, m\u00fcssen denjenigen weichen, die nicht einmal bluten, wenn sie geschnitten werden.&#8220;<br \/>\n&#8222;Hitler, Stalin und Chomeini&#8220;, so Saghieh, waren von dieser Art.<br \/>\nSie waren trunken von ihrer geschichtlichen Sendung.  Sie waren nicht korrupt. Sie kannten keine Skrupel.<br \/>\n&#8222;Ohne Zweifel geh\u00f6ren Hassan Nasrallah und Hisbollah zu dieser Schule des Denkens.&#8220;<\/p>\n","protected":false},"excerpt":{"rendered":"<p>Hazem Saghieh, der gro\u00dfe Liberale unter den arabischen Journalisten, schreibt in Al-Hayat vom 28. August eine \u00e4tzende Kritik der revolution\u00e4ren Rhetorik der Hisbollah und ihres F\u00fchrers Hassan Nasrallah (Foto rechts). Will solche kritischen Stimmen im Westen noch jemand wahrnehmen? F\u00fcr den &#8222;alten, korrupten, merkantilen Libanesen&#8220;, so Saghieh, sei kein Platz in der sch\u00f6nen neuen Welt, [&hellip;]<\/p>\n","protected":false},"author":54,"featured_media":0,"comment_status":"open","ping_status":"closed","sticky":false,"template":"","format":"standard","meta":{"jetpack_post_was_ever_published":false,"footnotes":""},"categories":[157],"tags":[],"class_list":["post-22","post","type-post","status-publish","format-standard","hentry","category-die-freunde-und-die-feinde-des-islams"],"yoast_head":"<!-- This site is optimized with the Yoast SEO plugin v21.0 - https:\/\/yoast.com\/wordpress\/plugins\/seo\/ -->\n<title>Die &quot;linke&quot; Rhetorik der Hisbollah - J\u00f6rg Lau<\/title>\n<meta name=\"robots\" content=\"index, follow, max-snippet:-1, max-image-preview:large, max-video-preview:-1\" \/>\n<link rel=\"canonical\" href=\"https:\/\/blog.zeit.de\/joerglau\/2006\/08\/29\/die-linke-rhetorik-der-hisbollah_22\" \/>\n<meta property=\"og:locale\" content=\"de_DE\" \/>\n<meta property=\"og:type\" content=\"article\" \/>\n<meta property=\"og:title\" content=\"Die &quot;linke&quot; Rhetorik der Hisbollah - J\u00f6rg Lau\" \/>\n<meta property=\"og:description\" content=\"Hazem Saghieh, der gro\u00dfe Liberale unter den arabischen Journalisten, schreibt in Al-Hayat vom 28. August eine \u00e4tzende Kritik der revolution\u00e4ren Rhetorik der Hisbollah und ihres F\u00fchrers Hassan Nasrallah (Foto rechts). Will solche kritischen Stimmen im Westen noch jemand wahrnehmen? F\u00fcr den &#8222;alten, korrupten, merkantilen Libanesen&#8220;, so Saghieh, sei kein Platz in der sch\u00f6nen neuen Welt, [&hellip;]\" \/>\n<meta property=\"og:url\" content=\"https:\/\/blog.zeit.de\/joerglau\/2006\/08\/29\/die-linke-rhetorik-der-hisbollah_22\" \/>\n<meta property=\"og:site_name\" content=\"J\u00f6rg Lau\" \/>\n<meta property=\"article:published_time\" content=\"2006-08-29T15:26:00+00:00\" \/>\n<meta property=\"og:image\" content=\"http:\/\/photos1.blogger.com\/blogger\/1226\/3593\/200\/Nasrallah%20Lebanon%20Hizbollah.jpg\" \/>\n<meta name=\"author\" content=\"J\u00f6rg Lau\" \/>\n<meta name=\"twitter:card\" content=\"summary_large_image\" \/>\n<meta name=\"twitter:label1\" content=\"Geschrieben von\" \/>\n\t<meta name=\"twitter:data1\" content=\"J\u00f6rg Lau\" \/>\n\t<meta name=\"twitter:label2\" content=\"Gesch\u00e4tzte Lesezeit\" \/>\n\t<meta name=\"twitter:data2\" content=\"1\u00a0Minute\" \/>\n<script type=\"application\/ld+json\" class=\"yoast-schema-graph\">{\"@context\":\"https:\/\/schema.org\",\"@graph\":[{\"@type\":\"WebPage\",\"@id\":\"https:\/\/blog.zeit.de\/joerglau\/2006\/08\/29\/die-linke-rhetorik-der-hisbollah_22\",\"url\":\"https:\/\/blog.zeit.de\/joerglau\/2006\/08\/29\/die-linke-rhetorik-der-hisbollah_22\",\"name\":\"Die \\\"linke\\\" Rhetorik der Hisbollah - J\u00f6rg Lau\",\"isPartOf\":{\"@id\":\"https:\/\/blog.zeit.de\/joerglau\/#website\"},\"datePublished\":\"2006-08-29T15:26:00+00:00\",\"dateModified\":\"2006-08-29T15:26:00+00:00\",\"author\":{\"@id\":\"https:\/\/blog.zeit.de\/joerglau\/#\/schema\/person\/55f0be9bfac24815791fbc852b042f57\"},\"breadcrumb\":{\"@id\":\"https:\/\/blog.zeit.de\/joerglau\/2006\/08\/29\/die-linke-rhetorik-der-hisbollah_22#breadcrumb\"},\"inLanguage\":\"de\",\"potentialAction\":[{\"@type\":\"ReadAction\",\"target\":[\"https:\/\/blog.zeit.de\/joerglau\/2006\/08\/29\/die-linke-rhetorik-der-hisbollah_22\"]}]},{\"@type\":\"BreadcrumbList\",\"@id\":\"https:\/\/blog.zeit.de\/joerglau\/2006\/08\/29\/die-linke-rhetorik-der-hisbollah_22#breadcrumb\",\"itemListElement\":[{\"@type\":\"ListItem\",\"position\":1,\"name\":\"Startseite\",\"item\":\"https:\/\/blog.zeit.de\/joerglau\"},{\"@type\":\"ListItem\",\"position\":2,\"name\":\"Die &#8222;linke&#8220; Rhetorik der Hisbollah\"}]},{\"@type\":\"WebSite\",\"@id\":\"https:\/\/blog.zeit.de\/joerglau\/#website\",\"url\":\"https:\/\/blog.zeit.de\/joerglau\/\",\"name\":\"J\u00f6rg Lau\",\"description\":\"Ein Blog \u00fcber Religion und Politik\",\"potentialAction\":[{\"@type\":\"SearchAction\",\"target\":{\"@type\":\"EntryPoint\",\"urlTemplate\":\"https:\/\/blog.zeit.de\/joerglau\/?s={search_term_string}\"},\"query-input\":\"required name=search_term_string\"}],\"inLanguage\":\"de\"},{\"@type\":\"Person\",\"@id\":\"https:\/\/blog.zeit.de\/joerglau\/#\/schema\/person\/55f0be9bfac24815791fbc852b042f57\",\"name\":\"J\u00f6rg Lau\",\"image\":{\"@type\":\"ImageObject\",\"inLanguage\":\"de\",\"@id\":\"https:\/\/blog.zeit.de\/joerglau\/#\/schema\/person\/image\/\",\"url\":\"https:\/\/secure.gravatar.com\/avatar\/a5fe39bf4f5335b8bac36eefa0b41467221b1598bfea5f05159a0199e391eed0?s=96&d=mm&r=g\",\"contentUrl\":\"https:\/\/secure.gravatar.com\/avatar\/a5fe39bf4f5335b8bac36eefa0b41467221b1598bfea5f05159a0199e391eed0?s=96&d=mm&r=g\",\"caption\":\"J\u00f6rg Lau\"},\"url\":\"https:\/\/blog.zeit.de\/joerglau\/author\/joerg-lau\"}]}<\/script>\n<!-- \/ Yoast SEO plugin. -->","yoast_head_json":{"title":"Die \"linke\" Rhetorik der Hisbollah - J\u00f6rg Lau","robots":{"index":"index","follow":"follow","max-snippet":"max-snippet:-1","max-image-preview":"max-image-preview:large","max-video-preview":"max-video-preview:-1"},"canonical":"https:\/\/blog.zeit.de\/joerglau\/2006\/08\/29\/die-linke-rhetorik-der-hisbollah_22","og_locale":"de_DE","og_type":"article","og_title":"Die \"linke\" Rhetorik der Hisbollah - J\u00f6rg Lau","og_description":"Hazem Saghieh, der gro\u00dfe Liberale unter den arabischen Journalisten, schreibt in Al-Hayat vom 28. August eine \u00e4tzende Kritik der revolution\u00e4ren Rhetorik der Hisbollah und ihres F\u00fchrers Hassan Nasrallah (Foto rechts). Will solche kritischen Stimmen im Westen noch jemand wahrnehmen? F\u00fcr den &#8222;alten, korrupten, merkantilen Libanesen&#8220;, so Saghieh, sei kein Platz in der sch\u00f6nen neuen Welt, [&hellip;]","og_url":"https:\/\/blog.zeit.de\/joerglau\/2006\/08\/29\/die-linke-rhetorik-der-hisbollah_22","og_site_name":"J\u00f6rg Lau","article_published_time":"2006-08-29T15:26:00+00:00","og_image":[{"url":"http:\/\/photos1.blogger.com\/blogger\/1226\/3593\/200\/Nasrallah%20Lebanon%20Hizbollah.jpg"}],"author":"J\u00f6rg Lau","twitter_card":"summary_large_image","twitter_misc":{"Geschrieben von":"J\u00f6rg Lau","Gesch\u00e4tzte Lesezeit":"1\u00a0Minute"},"schema":{"@context":"https:\/\/schema.org","@graph":[{"@type":"WebPage","@id":"https:\/\/blog.zeit.de\/joerglau\/2006\/08\/29\/die-linke-rhetorik-der-hisbollah_22","url":"https:\/\/blog.zeit.de\/joerglau\/2006\/08\/29\/die-linke-rhetorik-der-hisbollah_22","name":"Die \"linke\" Rhetorik der Hisbollah - J\u00f6rg Lau","isPartOf":{"@id":"https:\/\/blog.zeit.de\/joerglau\/#website"},"datePublished":"2006-08-29T15:26:00+00:00","dateModified":"2006-08-29T15:26:00+00:00","author":{"@id":"https:\/\/blog.zeit.de\/joerglau\/#\/schema\/person\/55f0be9bfac24815791fbc852b042f57"},"breadcrumb":{"@id":"https:\/\/blog.zeit.de\/joerglau\/2006\/08\/29\/die-linke-rhetorik-der-hisbollah_22#breadcrumb"},"inLanguage":"de","potentialAction":[{"@type":"ReadAction","target":["https:\/\/blog.zeit.de\/joerglau\/2006\/08\/29\/die-linke-rhetorik-der-hisbollah_22"]}]},{"@type":"BreadcrumbList","@id":"https:\/\/blog.zeit.de\/joerglau\/2006\/08\/29\/die-linke-rhetorik-der-hisbollah_22#breadcrumb","itemListElement":[{"@type":"ListItem","position":1,"name":"Startseite","item":"https:\/\/blog.zeit.de\/joerglau"},{"@type":"ListItem","position":2,"name":"Die &#8222;linke&#8220; Rhetorik der Hisbollah"}]},{"@type":"WebSite","@id":"https:\/\/blog.zeit.de\/joerglau\/#website","url":"https:\/\/blog.zeit.de\/joerglau\/","name":"J\u00f6rg Lau","description":"Ein Blog \u00fcber Religion und Politik","potentialAction":[{"@type":"SearchAction","target":{"@type":"EntryPoint","urlTemplate":"https:\/\/blog.zeit.de\/joerglau\/?s={search_term_string}"},"query-input":"required name=search_term_string"}],"inLanguage":"de"},{"@type":"Person","@id":"https:\/\/blog.zeit.de\/joerglau\/#\/schema\/person\/55f0be9bfac24815791fbc852b042f57","name":"J\u00f6rg Lau","image":{"@type":"ImageObject","inLanguage":"de","@id":"https:\/\/blog.zeit.de\/joerglau\/#\/schema\/person\/image\/","url":"https:\/\/secure.gravatar.com\/avatar\/a5fe39bf4f5335b8bac36eefa0b41467221b1598bfea5f05159a0199e391eed0?s=96&d=mm&r=g","contentUrl":"https:\/\/secure.gravatar.com\/avatar\/a5fe39bf4f5335b8bac36eefa0b41467221b1598bfea5f05159a0199e391eed0?s=96&d=mm&r=g","caption":"J\u00f6rg Lau"},"url":"https:\/\/blog.zeit.de\/joerglau\/author\/joerg-lau"}]}},"jetpack_featured_media_url":"","jetpack_sharing_enabled":true,"jetpack_shortlink":"https:\/\/wp.me\/pG02W-m","_links":{"self":[{"href":"https:\/\/blog.zeit.de\/joerglau\/wp-json\/wp\/v2\/posts\/22","targetHints":{"allow":["GET"]}}],"collection":[{"href":"https:\/\/blog.zeit.de\/joerglau\/wp-json\/wp\/v2\/posts"}],"about":[{"href":"https:\/\/blog.zeit.de\/joerglau\/wp-json\/wp\/v2\/types\/post"}],"author":[{"embeddable":true,"href":"https:\/\/blog.zeit.de\/joerglau\/wp-json\/wp\/v2\/users\/54"}],"replies":[{"embeddable":true,"href":"https:\/\/blog.zeit.de\/joerglau\/wp-json\/wp\/v2\/comments?post=22"}],"version-history":[{"count":0,"href":"https:\/\/blog.zeit.de\/joerglau\/wp-json\/wp\/v2\/posts\/22\/revisions"}],"wp:attachment":[{"href":"https:\/\/blog.zeit.de\/joerglau\/wp-json\/wp\/v2\/media?parent=22"}],"wp:term":[{"taxonomy":"category","embeddable":true,"href":"https:\/\/blog.zeit.de\/joerglau\/wp-json\/wp\/v2\/categories?post=22"},{"taxonomy":"post_tag","embeddable":true,"href":"https:\/\/blog.zeit.de\/joerglau\/wp-json\/wp\/v2\/tags?post=22"}],"curies":[{"name":"wp","href":"https:\/\/api.w.org\/{rel}","templated":true}]}}