{"id":2207,"date":"2009-03-30T18:13:32","date_gmt":"2009-03-30T17:13:32","guid":{"rendered":"http:\/\/blog.zeit.de\/joerglau\/?p=2207"},"modified":"2009-03-30T18:13:32","modified_gmt":"2009-03-30T17:13:32","slug":"deutschland-zwingt-den-turken-seine-sprache-auf","status":"publish","type":"post","link":"https:\/\/blog.zeit.de\/joerglau\/2009\/03\/30\/deutschland-zwingt-den-turken-seine-sprache-auf_2207","title":{"rendered":"Deutschland zwingt den T\u00fcrken seine Sprache auf?"},"content":{"rendered":"<p>Ein Leser schreibt (mit Bezug auf <a href=\"https:\/\/blog.zeit.de\/joerglau\/2007\/11\/23\/erdogan-deutschland-diskriminiert-turkische-braute_916#comment-226073\">diesen Post<\/a>):<\/p>\n<p>&#8222;Herr Lau,<\/p>\n<p>ich habe die t\u00fcrkische Staatsb\u00fcrgerschaft, ich bin in Deutschland geboren und habe an der Universit\u00e4t Mannheim Betriebswirtschaftslehre studiert. Derzeit promoviere ich an der Universit\u00e4t ODT\u00dc in Ankara. Ich muss sagen, dass ich \u00fcber Ihren Artikel sehr entt\u00e4uscht bin. Es ist wirklich Schade, dass es in Deutschland immer noch Journalisten gibt, die so subjektiv und vorurteilhaft an ein wichtiges Thema herangehen. Ich f\u00fchle ein Hauch von Nationalismus und bin zutiefst ersch\u00fcttert. Vielleicht sollten Sie sich einen Gedanken dar\u00fcber machen, was der Unterschied zwischen Einreisebedingung und Aufenthaltsbedingung ist\u2026.Ausserdem ist es nur Schade, dass die Deutschkenntnisse aufgezwungen werden. W\u00e4re es Ihres Erachtens nicht f\u00fcr ein Land wie Deutschland passender, wenn man Menschen zu einem Deutschkurs motivieren w\u00fcrde und mehr Unterst\u00fctzung in diese Richtung stecken w\u00fcrde ??? Es ist nicht zu \u00fcbersehen, dass viele t\u00fcrkische B\u00fcrger in Deutschland sehr wenig deutsch sprehen k\u00f6nnen, aber es ist auch sichtlich erkennbar, dass bis dato die Politik nie daran interessiert war, die T\u00fcrken als B\u00fcrger anzuerkennen. Sie sollte hier arbeiten und dann wieder gehen, die Rechnung ist aber nicht aufgegangen. Viele T\u00fcrken sind geblieben und es werden immer mehr, und dieser Kurs ist nichts anderes als ein Mittel um die Einwanderung zu senken. Die Heirat nach Deutschland ist im Jahr 2008 gesunken, weil viele nicht bereit sind, sich eine Sprache aufzwingen zu lassen und die n\u00f6tigen Finanzen daf\u00fcr nicht aufbringen lassen k\u00f6nnen. Ich w\u00e4re allerdings auch nicht bereit, die Sprache eines Landes zu lernen, das ich nicht einmal vorher betreten darf.<br \/>\nZuletzt w\u00fcrde ich Sie gerne etwa fragen. Ist es Ihnen nicht unangenehm, gar peinlich, Kommentaren auf Ihrer Seite Platz zu geben, die nun wirklich an Rassismus grenzen ?&#8220;<\/p>\n<p>\u00a0<\/p>\n<p>Dazu folgende Anmerkungen:\u00a0<\/p>\n<p>Es hat nichts mit Nationalismus zu tun, wenn der deutsche Staat Mindestanforderungen an die Sprachkenntnisse stellt. Es ist ein nicht zu bestreitendes Faktum &#8211; und Sie gestehen es ja auch zu -, dass unter T\u00fcrken in Deutschland sehr wenig Bereitschaft da ist, sich um Sprachkenntnisse zu bem\u00fchen. Sprache ist nicht der alleinige Faktor f\u00fcr erfolgreiche Integration, aber sicher ein sehr wichtiger.\u00a0<\/p>\n<p>Nat\u00fcrlich geht es auch darum, eine bestimmte Form der Einwanderung zur\u00fcckzudr\u00e4ngen: das Importieren von Br\u00e4uten. Wollen Sie diese Praxis verteidigen? Hat sie der t\u00fcrkischen Gemeinschaft in Deutschland gen\u00fctzt? Eine Schulleiterin in Wedding erz\u00e4hlte mir folgendes: Ihr Lieblingssch\u00fcler Erdogan, der es zum Meister mit eigenem Handwerksbetrieb gebracht hatte, stellte ihr seinen Sohn vor. Auch jener sollte auf die Schule gehen, an der der Vater gelernt hatte. Der Junge konnte mit f\u00fcnf Jahren kaum Deutsch. Die Direktorin fragte ihren Ex-Sch\u00fcler: Was ist denn hier los, Du warst Doch mein Mustersch\u00fcler! Und Dein Sohn kann nur radebrechen? Darauf der Angesprochene: Ich m\u00f6chte Ihnen meine Frau vorstellen. Und er pr\u00e4sentierte eine sehr nette junge Frau, die kein Wort Deutsch konnte.<\/p>\n<p>Die Direktorin sagte mir: \u00a0&#8222;Und so fangen wir immer wieder von neuem an. Jede Generation ist die erste Generation bei den T\u00fcrken.&#8220;<\/p>\n<p>Dar\u00fcber sollten Sie sich emp\u00f6ren, dagegen sollten Sie etwas tun. Da bahnt sich eine gesellschaftliche Katastrophe an, und Sie haben nicht Besseres zu tun, als beleidigt zu sein. Unfasslich. Deutschland hat Ihnen eine tolle Karriere erm\u00f6glicht. Wo ist Ihr Patriotismus? Wo sind Ihre Gef\u00fchle f\u00fcr Deutschland?<\/p>\n<p>Sorry f\u00fcr den erregten Ton, aber manchmal reicht&#8217;s einfach.<\/p>\n<p>Gr\u00fc\u00dfe ins sch\u00f6ne Ankara, J\u00f6rg Lau<\/p>\n","protected":false},"excerpt":{"rendered":"<p>Ein Leser schreibt (mit Bezug auf diesen Post): &#8222;Herr Lau, ich habe die t\u00fcrkische Staatsb\u00fcrgerschaft, ich bin in Deutschland geboren und habe an der Universit\u00e4t Mannheim Betriebswirtschaftslehre studiert. Derzeit promoviere ich an der Universit\u00e4t ODT\u00dc in Ankara. Ich muss sagen, dass ich \u00fcber Ihren Artikel sehr entt\u00e4uscht bin. Es ist wirklich Schade, dass es in [&hellip;]<\/p>\n","protected":false},"author":54,"featured_media":0,"comment_status":"open","ping_status":"closed","sticky":false,"template":"","format":"standard","meta":{"jetpack_post_was_ever_published":false,"footnotes":""},"categories":[158,163],"tags":[],"class_list":["post-2207","post","type-post","status-publish","format-standard","hentry","category-dissens-des-tages","category-integration"],"yoast_head":"<!-- This site is optimized with the Yoast SEO plugin v21.0 - https:\/\/yoast.com\/wordpress\/plugins\/seo\/ -->\n<title>Deutschland zwingt den T\u00fcrken seine Sprache auf? - J\u00f6rg Lau<\/title>\n<meta name=\"robots\" content=\"index, follow, max-snippet:-1, max-image-preview:large, max-video-preview:-1\" \/>\n<link rel=\"canonical\" href=\"https:\/\/blog.zeit.de\/joerglau\/2009\/03\/30\/deutschland-zwingt-den-turken-seine-sprache-auf_2207\" \/>\n<meta property=\"og:locale\" content=\"de_DE\" \/>\n<meta property=\"og:type\" content=\"article\" \/>\n<meta property=\"og:title\" content=\"Deutschland zwingt den T\u00fcrken seine Sprache auf? - J\u00f6rg Lau\" \/>\n<meta property=\"og:description\" content=\"Ein Leser schreibt (mit Bezug auf diesen Post): &#8222;Herr Lau, ich habe die t\u00fcrkische Staatsb\u00fcrgerschaft, ich bin in Deutschland geboren und habe an der Universit\u00e4t Mannheim Betriebswirtschaftslehre studiert. Derzeit promoviere ich an der Universit\u00e4t ODT\u00dc in Ankara. Ich muss sagen, dass ich \u00fcber Ihren Artikel sehr entt\u00e4uscht bin. Es ist wirklich Schade, dass es in [&hellip;]\" \/>\n<meta property=\"og:url\" content=\"https:\/\/blog.zeit.de\/joerglau\/2009\/03\/30\/deutschland-zwingt-den-turken-seine-sprache-auf_2207\" \/>\n<meta property=\"og:site_name\" content=\"J\u00f6rg Lau\" \/>\n<meta property=\"article:published_time\" content=\"2009-03-30T17:13:32+00:00\" \/>\n<meta name=\"author\" content=\"J\u00f6rg Lau\" \/>\n<meta name=\"twitter:card\" content=\"summary_large_image\" \/>\n<meta name=\"twitter:label1\" content=\"Geschrieben von\" \/>\n\t<meta name=\"twitter:data1\" content=\"J\u00f6rg Lau\" \/>\n\t<meta name=\"twitter:label2\" content=\"Gesch\u00e4tzte Lesezeit\" \/>\n\t<meta name=\"twitter:data2\" content=\"3\u00a0Minuten\" \/>\n<script type=\"application\/ld+json\" class=\"yoast-schema-graph\">{\"@context\":\"https:\/\/schema.org\",\"@graph\":[{\"@type\":\"WebPage\",\"@id\":\"https:\/\/blog.zeit.de\/joerglau\/2009\/03\/30\/deutschland-zwingt-den-turken-seine-sprache-auf_2207\",\"url\":\"https:\/\/blog.zeit.de\/joerglau\/2009\/03\/30\/deutschland-zwingt-den-turken-seine-sprache-auf_2207\",\"name\":\"Deutschland zwingt den T\u00fcrken seine Sprache auf? - J\u00f6rg Lau\",\"isPartOf\":{\"@id\":\"https:\/\/blog.zeit.de\/joerglau\/#website\"},\"datePublished\":\"2009-03-30T17:13:32+00:00\",\"dateModified\":\"2009-03-30T17:13:32+00:00\",\"author\":{\"@id\":\"https:\/\/blog.zeit.de\/joerglau\/#\/schema\/person\/55f0be9bfac24815791fbc852b042f57\"},\"breadcrumb\":{\"@id\":\"https:\/\/blog.zeit.de\/joerglau\/2009\/03\/30\/deutschland-zwingt-den-turken-seine-sprache-auf_2207#breadcrumb\"},\"inLanguage\":\"de\",\"potentialAction\":[{\"@type\":\"ReadAction\",\"target\":[\"https:\/\/blog.zeit.de\/joerglau\/2009\/03\/30\/deutschland-zwingt-den-turken-seine-sprache-auf_2207\"]}]},{\"@type\":\"BreadcrumbList\",\"@id\":\"https:\/\/blog.zeit.de\/joerglau\/2009\/03\/30\/deutschland-zwingt-den-turken-seine-sprache-auf_2207#breadcrumb\",\"itemListElement\":[{\"@type\":\"ListItem\",\"position\":1,\"name\":\"Startseite\",\"item\":\"https:\/\/blog.zeit.de\/joerglau\"},{\"@type\":\"ListItem\",\"position\":2,\"name\":\"Deutschland zwingt den T\u00fcrken seine Sprache auf?\"}]},{\"@type\":\"WebSite\",\"@id\":\"https:\/\/blog.zeit.de\/joerglau\/#website\",\"url\":\"https:\/\/blog.zeit.de\/joerglau\/\",\"name\":\"J\u00f6rg Lau\",\"description\":\"Ein Blog \u00fcber Religion und Politik\",\"potentialAction\":[{\"@type\":\"SearchAction\",\"target\":{\"@type\":\"EntryPoint\",\"urlTemplate\":\"https:\/\/blog.zeit.de\/joerglau\/?s={search_term_string}\"},\"query-input\":\"required name=search_term_string\"}],\"inLanguage\":\"de\"},{\"@type\":\"Person\",\"@id\":\"https:\/\/blog.zeit.de\/joerglau\/#\/schema\/person\/55f0be9bfac24815791fbc852b042f57\",\"name\":\"J\u00f6rg Lau\",\"image\":{\"@type\":\"ImageObject\",\"inLanguage\":\"de\",\"@id\":\"https:\/\/blog.zeit.de\/joerglau\/#\/schema\/person\/image\/\",\"url\":\"https:\/\/secure.gravatar.com\/avatar\/a5fe39bf4f5335b8bac36eefa0b41467221b1598bfea5f05159a0199e391eed0?s=96&d=mm&r=g\",\"contentUrl\":\"https:\/\/secure.gravatar.com\/avatar\/a5fe39bf4f5335b8bac36eefa0b41467221b1598bfea5f05159a0199e391eed0?s=96&d=mm&r=g\",\"caption\":\"J\u00f6rg Lau\"},\"url\":\"https:\/\/blog.zeit.de\/joerglau\/author\/joerg-lau\"}]}<\/script>\n<!-- \/ Yoast SEO plugin. -->","yoast_head_json":{"title":"Deutschland zwingt den T\u00fcrken seine Sprache auf? - J\u00f6rg Lau","robots":{"index":"index","follow":"follow","max-snippet":"max-snippet:-1","max-image-preview":"max-image-preview:large","max-video-preview":"max-video-preview:-1"},"canonical":"https:\/\/blog.zeit.de\/joerglau\/2009\/03\/30\/deutschland-zwingt-den-turken-seine-sprache-auf_2207","og_locale":"de_DE","og_type":"article","og_title":"Deutschland zwingt den T\u00fcrken seine Sprache auf? - J\u00f6rg Lau","og_description":"Ein Leser schreibt (mit Bezug auf diesen Post): &#8222;Herr Lau, ich habe die t\u00fcrkische Staatsb\u00fcrgerschaft, ich bin in Deutschland geboren und habe an der Universit\u00e4t Mannheim Betriebswirtschaftslehre studiert. Derzeit promoviere ich an der Universit\u00e4t ODT\u00dc in Ankara. Ich muss sagen, dass ich \u00fcber Ihren Artikel sehr entt\u00e4uscht bin. Es ist wirklich Schade, dass es in [&hellip;]","og_url":"https:\/\/blog.zeit.de\/joerglau\/2009\/03\/30\/deutschland-zwingt-den-turken-seine-sprache-auf_2207","og_site_name":"J\u00f6rg Lau","article_published_time":"2009-03-30T17:13:32+00:00","author":"J\u00f6rg Lau","twitter_card":"summary_large_image","twitter_misc":{"Geschrieben von":"J\u00f6rg Lau","Gesch\u00e4tzte Lesezeit":"3\u00a0Minuten"},"schema":{"@context":"https:\/\/schema.org","@graph":[{"@type":"WebPage","@id":"https:\/\/blog.zeit.de\/joerglau\/2009\/03\/30\/deutschland-zwingt-den-turken-seine-sprache-auf_2207","url":"https:\/\/blog.zeit.de\/joerglau\/2009\/03\/30\/deutschland-zwingt-den-turken-seine-sprache-auf_2207","name":"Deutschland zwingt den T\u00fcrken seine Sprache auf? - J\u00f6rg Lau","isPartOf":{"@id":"https:\/\/blog.zeit.de\/joerglau\/#website"},"datePublished":"2009-03-30T17:13:32+00:00","dateModified":"2009-03-30T17:13:32+00:00","author":{"@id":"https:\/\/blog.zeit.de\/joerglau\/#\/schema\/person\/55f0be9bfac24815791fbc852b042f57"},"breadcrumb":{"@id":"https:\/\/blog.zeit.de\/joerglau\/2009\/03\/30\/deutschland-zwingt-den-turken-seine-sprache-auf_2207#breadcrumb"},"inLanguage":"de","potentialAction":[{"@type":"ReadAction","target":["https:\/\/blog.zeit.de\/joerglau\/2009\/03\/30\/deutschland-zwingt-den-turken-seine-sprache-auf_2207"]}]},{"@type":"BreadcrumbList","@id":"https:\/\/blog.zeit.de\/joerglau\/2009\/03\/30\/deutschland-zwingt-den-turken-seine-sprache-auf_2207#breadcrumb","itemListElement":[{"@type":"ListItem","position":1,"name":"Startseite","item":"https:\/\/blog.zeit.de\/joerglau"},{"@type":"ListItem","position":2,"name":"Deutschland zwingt den T\u00fcrken seine Sprache auf?"}]},{"@type":"WebSite","@id":"https:\/\/blog.zeit.de\/joerglau\/#website","url":"https:\/\/blog.zeit.de\/joerglau\/","name":"J\u00f6rg Lau","description":"Ein Blog \u00fcber Religion und Politik","potentialAction":[{"@type":"SearchAction","target":{"@type":"EntryPoint","urlTemplate":"https:\/\/blog.zeit.de\/joerglau\/?s={search_term_string}"},"query-input":"required name=search_term_string"}],"inLanguage":"de"},{"@type":"Person","@id":"https:\/\/blog.zeit.de\/joerglau\/#\/schema\/person\/55f0be9bfac24815791fbc852b042f57","name":"J\u00f6rg Lau","image":{"@type":"ImageObject","inLanguage":"de","@id":"https:\/\/blog.zeit.de\/joerglau\/#\/schema\/person\/image\/","url":"https:\/\/secure.gravatar.com\/avatar\/a5fe39bf4f5335b8bac36eefa0b41467221b1598bfea5f05159a0199e391eed0?s=96&d=mm&r=g","contentUrl":"https:\/\/secure.gravatar.com\/avatar\/a5fe39bf4f5335b8bac36eefa0b41467221b1598bfea5f05159a0199e391eed0?s=96&d=mm&r=g","caption":"J\u00f6rg Lau"},"url":"https:\/\/blog.zeit.de\/joerglau\/author\/joerg-lau"}]}},"jetpack_featured_media_url":"","jetpack_sharing_enabled":true,"jetpack_shortlink":"https:\/\/wp.me\/pG02W-zB","_links":{"self":[{"href":"https:\/\/blog.zeit.de\/joerglau\/wp-json\/wp\/v2\/posts\/2207","targetHints":{"allow":["GET"]}}],"collection":[{"href":"https:\/\/blog.zeit.de\/joerglau\/wp-json\/wp\/v2\/posts"}],"about":[{"href":"https:\/\/blog.zeit.de\/joerglau\/wp-json\/wp\/v2\/types\/post"}],"author":[{"embeddable":true,"href":"https:\/\/blog.zeit.de\/joerglau\/wp-json\/wp\/v2\/users\/54"}],"replies":[{"embeddable":true,"href":"https:\/\/blog.zeit.de\/joerglau\/wp-json\/wp\/v2\/comments?post=2207"}],"version-history":[{"count":0,"href":"https:\/\/blog.zeit.de\/joerglau\/wp-json\/wp\/v2\/posts\/2207\/revisions"}],"wp:attachment":[{"href":"https:\/\/blog.zeit.de\/joerglau\/wp-json\/wp\/v2\/media?parent=2207"}],"wp:term":[{"taxonomy":"category","embeddable":true,"href":"https:\/\/blog.zeit.de\/joerglau\/wp-json\/wp\/v2\/categories?post=2207"},{"taxonomy":"post_tag","embeddable":true,"href":"https:\/\/blog.zeit.de\/joerglau\/wp-json\/wp\/v2\/tags?post=2207"}],"curies":[{"name":"wp","href":"https:\/\/api.w.org\/{rel}","templated":true}]}}