{"id":2228,"date":"2009-04-03T12:12:25","date_gmt":"2009-04-03T11:12:25","guid":{"rendered":"http:\/\/blog.zeit.de\/joerglau\/?p=2228"},"modified":"2009-04-03T12:12:25","modified_gmt":"2009-04-03T11:12:25","slug":"ataturk-uber-den-schleier","status":"publish","type":"post","link":"https:\/\/blog.zeit.de\/joerglau\/2009\/04\/03\/ataturk-uber-den-schleier_2228","title":{"rendered":"Atat\u00fcrk \u00fcber den Schleier"},"content":{"rendered":"<p>\u00a0<\/p>\n<p>Ich habe die letzten Tage ein sch\u00f6nes Buch von Dietrich Gronau \u00fcber Atat\u00fcrk gelesen (<a href=\"http:\/\/www.amazon.de\/Wir-werden-eine-Republik-biografisches\/dp\/3451298570\/ref=sr_1_2?ie=UTF8&amp;s=books&amp;qid=1238756572&amp;sr=1-2\">&#8222;Wir werden eine Republik&#8220;<\/a>). Darin fiel mir\u00a0unter anderem dieses Zitat aus einer Rede Mustafa Kemals von 1925 auf, das ich hiermit zu Protokoll gebe. Man beachte das weise, m\u00e4nnlich-selbstkritische Wort &#8222;selbsts\u00fcchtige Aufsicht&#8220;! F\u00fcr einen gro\u00dfen Mann wie diesen muss man die T\u00fcrkei schon lieben:<\/p>\n<p>&#8222;W\u00e4hrend meiner Reise habe ich die Frauen, unsere Kameraden,\u00a0nicht nur in den D\u00f6rfern, sondern auch in kleineren\u00a0und gr\u00f6\u00dferen St\u00e4dten mit sorgf\u00e4ltig verh\u00fcllten Augen und\u00a0Gesichtern gesehen. Ich denke, da\u00df diese Schleier und T\u00fccher,\u00a0besonders w\u00e4hrend dieser hei\u00dfen Jahreszeit, zweifellos\u00a0eine Quelle des Unbehagens und des Unwohlseins f\u00fcr\u00a0sie sind. Meine m\u00e4nnlichen Kameraden! Handelt es sich\u00a0dabei nicht ein wenig um das Ergebnis unserer Selbstsucht?<\/p>\n<p><img loading=\"lazy\" decoding=\"async\" class=\"alignnone size-medium wp-image-2230\" title=\"ataturk\" src=\"http:\/\/altesblog.zeit.de\/joerglau\/wp-content\/uploads\/2009\/04\/ataturk-300x296.jpg\" alt=\"\" width=\"300\" height=\"296\" srcset=\"https:\/\/blog.zeit.de\/joerglau\/files\/2009\/04\/ataturk-300x296.jpg 300w, https:\/\/blog.zeit.de\/joerglau\/files\/2009\/04\/ataturk.jpg 498w\" sizes=\"auto, (max-width: 300px) 100vw, 300px\" \/><\/p>\n<p>Meine lieben Freunde! Unsere Frauen sind empfindsam\u00a0und von Geist beseelt wie wir auch. Nachdem wir ihnen\u00a0eine geheiligte Moral eingegeben, ihnen unsere nationale\u00a0Ethik erkl\u00e4rt und ihren Verstand mit Erkenntnissen und\u00a0Klarheit ausgestattet haben, ben\u00f6tigen sie dann noch unsere\u00a0selbsts\u00fcchtige Aufsicht? Lassen wir sie ihre Gesichter\u00a0der Welt zeigen, und lassen wir sie die Welt sorgf\u00e4ltig betrachten.\u00a0Es gibt nichts, was wir dabei zu f\u00fcrchten h\u00e4tten.&#8220;\u00a0<\/p>\n<p>Auszug aus einer Rede zu den Einwohnern in Kastamonu von\u00a01925<\/p>\n<p><img loading=\"lazy\" decoding=\"async\" class=\"alignnone size-medium wp-image-2231\" title=\"saincak\" src=\"http:\/\/altesblog.zeit.de\/joerglau\/wp-content\/uploads\/2009\/04\/saincak-155x300.jpg\" alt=\"\" width=\"155\" height=\"300\" srcset=\"https:\/\/blog.zeit.de\/joerglau\/files\/2009\/04\/saincak-155x300.jpg 155w, https:\/\/blog.zeit.de\/joerglau\/files\/2009\/04\/saincak.jpg 317w\" sizes=\"auto, (max-width: 155px) 100vw, 155px\" \/><\/p>\n","protected":false},"excerpt":{"rendered":"<p>\u00a0 Ich habe die letzten Tage ein sch\u00f6nes Buch von Dietrich Gronau \u00fcber Atat\u00fcrk gelesen (&#8222;Wir werden eine Republik&#8220;). Darin fiel mir\u00a0unter anderem dieses Zitat aus einer Rede Mustafa Kemals von 1925 auf, das ich hiermit zu Protokoll gebe. Man beachte das weise, m\u00e4nnlich-selbstkritische Wort &#8222;selbsts\u00fcchtige Aufsicht&#8220;! F\u00fcr einen gro\u00dfen Mann wie diesen muss man [&hellip;]<\/p>\n","protected":false},"author":54,"featured_media":0,"comment_status":"open","ping_status":"closed","sticky":false,"template":"","format":"standard","meta":{"jetpack_post_was_ever_published":false,"footnotes":""},"categories":[157,164,117],"tags":[],"class_list":["post-2228","post","type-post","status-publish","format-standard","hentry","category-die-freunde-und-die-feinde-des-islams","category-integration-und-frauenrechte","category-turkei"],"yoast_head":"<!-- This site is optimized with the Yoast SEO plugin v21.0 - https:\/\/yoast.com\/wordpress\/plugins\/seo\/ -->\n<title>Atat\u00fcrk \u00fcber den Schleier - J\u00f6rg Lau<\/title>\n<meta name=\"robots\" content=\"index, follow, max-snippet:-1, max-image-preview:large, max-video-preview:-1\" \/>\n<link rel=\"canonical\" href=\"https:\/\/blog.zeit.de\/joerglau\/2009\/04\/03\/ataturk-uber-den-schleier_2228\" \/>\n<meta property=\"og:locale\" content=\"de_DE\" \/>\n<meta property=\"og:type\" content=\"article\" \/>\n<meta property=\"og:title\" content=\"Atat\u00fcrk \u00fcber den Schleier - J\u00f6rg Lau\" \/>\n<meta property=\"og:description\" content=\"\u00a0 Ich habe die letzten Tage ein sch\u00f6nes Buch von Dietrich Gronau \u00fcber Atat\u00fcrk gelesen (&#8222;Wir werden eine Republik&#8220;). Darin fiel mir\u00a0unter anderem dieses Zitat aus einer Rede Mustafa Kemals von 1925 auf, das ich hiermit zu Protokoll gebe. Man beachte das weise, m\u00e4nnlich-selbstkritische Wort &#8222;selbsts\u00fcchtige Aufsicht&#8220;! F\u00fcr einen gro\u00dfen Mann wie diesen muss man [&hellip;]\" \/>\n<meta property=\"og:url\" content=\"https:\/\/blog.zeit.de\/joerglau\/2009\/04\/03\/ataturk-uber-den-schleier_2228\" \/>\n<meta property=\"og:site_name\" content=\"J\u00f6rg Lau\" \/>\n<meta property=\"article:published_time\" content=\"2009-04-03T11:12:25+00:00\" \/>\n<meta property=\"og:image\" content=\"http:\/\/altesblog.zeit.de\/joerglau\/wp-content\/uploads\/2009\/04\/ataturk-300x296.jpg\" \/>\n<meta name=\"author\" content=\"J\u00f6rg Lau\" \/>\n<meta name=\"twitter:card\" content=\"summary_large_image\" \/>\n<meta name=\"twitter:label1\" content=\"Geschrieben von\" \/>\n\t<meta name=\"twitter:data1\" content=\"J\u00f6rg Lau\" \/>\n\t<meta name=\"twitter:label2\" content=\"Gesch\u00e4tzte Lesezeit\" \/>\n\t<meta name=\"twitter:data2\" content=\"1\u00a0Minute\" \/>\n<script type=\"application\/ld+json\" class=\"yoast-schema-graph\">{\"@context\":\"https:\/\/schema.org\",\"@graph\":[{\"@type\":\"WebPage\",\"@id\":\"https:\/\/blog.zeit.de\/joerglau\/2009\/04\/03\/ataturk-uber-den-schleier_2228\",\"url\":\"https:\/\/blog.zeit.de\/joerglau\/2009\/04\/03\/ataturk-uber-den-schleier_2228\",\"name\":\"Atat\u00fcrk \u00fcber den Schleier - J\u00f6rg Lau\",\"isPartOf\":{\"@id\":\"https:\/\/blog.zeit.de\/joerglau\/#website\"},\"datePublished\":\"2009-04-03T11:12:25+00:00\",\"dateModified\":\"2009-04-03T11:12:25+00:00\",\"author\":{\"@id\":\"https:\/\/blog.zeit.de\/joerglau\/#\/schema\/person\/55f0be9bfac24815791fbc852b042f57\"},\"breadcrumb\":{\"@id\":\"https:\/\/blog.zeit.de\/joerglau\/2009\/04\/03\/ataturk-uber-den-schleier_2228#breadcrumb\"},\"inLanguage\":\"de\",\"potentialAction\":[{\"@type\":\"ReadAction\",\"target\":[\"https:\/\/blog.zeit.de\/joerglau\/2009\/04\/03\/ataturk-uber-den-schleier_2228\"]}]},{\"@type\":\"BreadcrumbList\",\"@id\":\"https:\/\/blog.zeit.de\/joerglau\/2009\/04\/03\/ataturk-uber-den-schleier_2228#breadcrumb\",\"itemListElement\":[{\"@type\":\"ListItem\",\"position\":1,\"name\":\"Startseite\",\"item\":\"https:\/\/blog.zeit.de\/joerglau\"},{\"@type\":\"ListItem\",\"position\":2,\"name\":\"Atat\u00fcrk \u00fcber den Schleier\"}]},{\"@type\":\"WebSite\",\"@id\":\"https:\/\/blog.zeit.de\/joerglau\/#website\",\"url\":\"https:\/\/blog.zeit.de\/joerglau\/\",\"name\":\"J\u00f6rg Lau\",\"description\":\"Ein Blog \u00fcber Religion und Politik\",\"potentialAction\":[{\"@type\":\"SearchAction\",\"target\":{\"@type\":\"EntryPoint\",\"urlTemplate\":\"https:\/\/blog.zeit.de\/joerglau\/?s={search_term_string}\"},\"query-input\":\"required name=search_term_string\"}],\"inLanguage\":\"de\"},{\"@type\":\"Person\",\"@id\":\"https:\/\/blog.zeit.de\/joerglau\/#\/schema\/person\/55f0be9bfac24815791fbc852b042f57\",\"name\":\"J\u00f6rg Lau\",\"image\":{\"@type\":\"ImageObject\",\"inLanguage\":\"de\",\"@id\":\"https:\/\/blog.zeit.de\/joerglau\/#\/schema\/person\/image\/\",\"url\":\"https:\/\/secure.gravatar.com\/avatar\/a5fe39bf4f5335b8bac36eefa0b41467221b1598bfea5f05159a0199e391eed0?s=96&d=mm&r=g\",\"contentUrl\":\"https:\/\/secure.gravatar.com\/avatar\/a5fe39bf4f5335b8bac36eefa0b41467221b1598bfea5f05159a0199e391eed0?s=96&d=mm&r=g\",\"caption\":\"J\u00f6rg Lau\"},\"url\":\"https:\/\/blog.zeit.de\/joerglau\/author\/joerg-lau\"}]}<\/script>\n<!-- \/ Yoast SEO plugin. -->","yoast_head_json":{"title":"Atat\u00fcrk \u00fcber den Schleier - J\u00f6rg Lau","robots":{"index":"index","follow":"follow","max-snippet":"max-snippet:-1","max-image-preview":"max-image-preview:large","max-video-preview":"max-video-preview:-1"},"canonical":"https:\/\/blog.zeit.de\/joerglau\/2009\/04\/03\/ataturk-uber-den-schleier_2228","og_locale":"de_DE","og_type":"article","og_title":"Atat\u00fcrk \u00fcber den Schleier - J\u00f6rg Lau","og_description":"\u00a0 Ich habe die letzten Tage ein sch\u00f6nes Buch von Dietrich Gronau \u00fcber Atat\u00fcrk gelesen (&#8222;Wir werden eine Republik&#8220;). Darin fiel mir\u00a0unter anderem dieses Zitat aus einer Rede Mustafa Kemals von 1925 auf, das ich hiermit zu Protokoll gebe. Man beachte das weise, m\u00e4nnlich-selbstkritische Wort &#8222;selbsts\u00fcchtige Aufsicht&#8220;! F\u00fcr einen gro\u00dfen Mann wie diesen muss man [&hellip;]","og_url":"https:\/\/blog.zeit.de\/joerglau\/2009\/04\/03\/ataturk-uber-den-schleier_2228","og_site_name":"J\u00f6rg Lau","article_published_time":"2009-04-03T11:12:25+00:00","og_image":[{"url":"http:\/\/altesblog.zeit.de\/joerglau\/wp-content\/uploads\/2009\/04\/ataturk-300x296.jpg"}],"author":"J\u00f6rg Lau","twitter_card":"summary_large_image","twitter_misc":{"Geschrieben von":"J\u00f6rg Lau","Gesch\u00e4tzte Lesezeit":"1\u00a0Minute"},"schema":{"@context":"https:\/\/schema.org","@graph":[{"@type":"WebPage","@id":"https:\/\/blog.zeit.de\/joerglau\/2009\/04\/03\/ataturk-uber-den-schleier_2228","url":"https:\/\/blog.zeit.de\/joerglau\/2009\/04\/03\/ataturk-uber-den-schleier_2228","name":"Atat\u00fcrk \u00fcber den Schleier - J\u00f6rg Lau","isPartOf":{"@id":"https:\/\/blog.zeit.de\/joerglau\/#website"},"datePublished":"2009-04-03T11:12:25+00:00","dateModified":"2009-04-03T11:12:25+00:00","author":{"@id":"https:\/\/blog.zeit.de\/joerglau\/#\/schema\/person\/55f0be9bfac24815791fbc852b042f57"},"breadcrumb":{"@id":"https:\/\/blog.zeit.de\/joerglau\/2009\/04\/03\/ataturk-uber-den-schleier_2228#breadcrumb"},"inLanguage":"de","potentialAction":[{"@type":"ReadAction","target":["https:\/\/blog.zeit.de\/joerglau\/2009\/04\/03\/ataturk-uber-den-schleier_2228"]}]},{"@type":"BreadcrumbList","@id":"https:\/\/blog.zeit.de\/joerglau\/2009\/04\/03\/ataturk-uber-den-schleier_2228#breadcrumb","itemListElement":[{"@type":"ListItem","position":1,"name":"Startseite","item":"https:\/\/blog.zeit.de\/joerglau"},{"@type":"ListItem","position":2,"name":"Atat\u00fcrk \u00fcber den Schleier"}]},{"@type":"WebSite","@id":"https:\/\/blog.zeit.de\/joerglau\/#website","url":"https:\/\/blog.zeit.de\/joerglau\/","name":"J\u00f6rg Lau","description":"Ein Blog \u00fcber Religion und Politik","potentialAction":[{"@type":"SearchAction","target":{"@type":"EntryPoint","urlTemplate":"https:\/\/blog.zeit.de\/joerglau\/?s={search_term_string}"},"query-input":"required name=search_term_string"}],"inLanguage":"de"},{"@type":"Person","@id":"https:\/\/blog.zeit.de\/joerglau\/#\/schema\/person\/55f0be9bfac24815791fbc852b042f57","name":"J\u00f6rg Lau","image":{"@type":"ImageObject","inLanguage":"de","@id":"https:\/\/blog.zeit.de\/joerglau\/#\/schema\/person\/image\/","url":"https:\/\/secure.gravatar.com\/avatar\/a5fe39bf4f5335b8bac36eefa0b41467221b1598bfea5f05159a0199e391eed0?s=96&d=mm&r=g","contentUrl":"https:\/\/secure.gravatar.com\/avatar\/a5fe39bf4f5335b8bac36eefa0b41467221b1598bfea5f05159a0199e391eed0?s=96&d=mm&r=g","caption":"J\u00f6rg Lau"},"url":"https:\/\/blog.zeit.de\/joerglau\/author\/joerg-lau"}]}},"jetpack_featured_media_url":"","jetpack_sharing_enabled":true,"jetpack_shortlink":"https:\/\/wp.me\/pG02W-zW","_links":{"self":[{"href":"https:\/\/blog.zeit.de\/joerglau\/wp-json\/wp\/v2\/posts\/2228","targetHints":{"allow":["GET"]}}],"collection":[{"href":"https:\/\/blog.zeit.de\/joerglau\/wp-json\/wp\/v2\/posts"}],"about":[{"href":"https:\/\/blog.zeit.de\/joerglau\/wp-json\/wp\/v2\/types\/post"}],"author":[{"embeddable":true,"href":"https:\/\/blog.zeit.de\/joerglau\/wp-json\/wp\/v2\/users\/54"}],"replies":[{"embeddable":true,"href":"https:\/\/blog.zeit.de\/joerglau\/wp-json\/wp\/v2\/comments?post=2228"}],"version-history":[{"count":0,"href":"https:\/\/blog.zeit.de\/joerglau\/wp-json\/wp\/v2\/posts\/2228\/revisions"}],"wp:attachment":[{"href":"https:\/\/blog.zeit.de\/joerglau\/wp-json\/wp\/v2\/media?parent=2228"}],"wp:term":[{"taxonomy":"category","embeddable":true,"href":"https:\/\/blog.zeit.de\/joerglau\/wp-json\/wp\/v2\/categories?post=2228"},{"taxonomy":"post_tag","embeddable":true,"href":"https:\/\/blog.zeit.de\/joerglau\/wp-json\/wp\/v2\/tags?post=2228"}],"curies":[{"name":"wp","href":"https:\/\/api.w.org\/{rel}","templated":true}]}}