{"id":23,"date":"2006-08-30T23:36:00","date_gmt":"2006-08-30T21:36:00","guid":{"rendered":"http:\/\/blog.zeit.de\/joerglau\/2006\/08\/30\/ramin-jahanbegloo-ist-frei_23"},"modified":"2006-08-30T23:36:00","modified_gmt":"2006-08-30T21:36:00","slug":"ramin-jahanbegloo-ist-frei","status":"publish","type":"post","link":"https:\/\/blog.zeit.de\/joerglau\/2006\/08\/30\/ramin-jahanbegloo-ist-frei_23","title":{"rendered":"Ramin Jahanbegloo ist frei!"},"content":{"rendered":"<p><a href=\"http:\/\/photos1.blogger.com\/blogger\/1226\/3593\/1600\/ns_raminazadi_01.0.jpg\"><img decoding=\"async\" border=\"0\" src=\"http:\/\/photos1.blogger.com\/blogger\/1226\/3593\/200\/ns_raminazadi_01.0.jpg\" \/><\/a><br \/>\nNach Meldungen der halbamtlichen iranischen Agentur Fars ist der Philosoph Ramin Jahanbegloo gegen Kaution aus dem Gef\u00e4ngnis entlassen worden.<br \/>\nDie kanadische Regierung hat diese Meldung unterdessen best\u00e4tigt (siehe Link im Titel).<br \/>\nDie unabh\u00e4ngige Website Roozonline zitiert Jahanbegloo mit Aussagen \u00fcber seine Haft: Er sei \u00e4rztlich betreut worden und habe nach drei Monaten eine Einzelzelle bekommen, in der ihm auch Zugang zu Medien und telefonischer Kontakt nach aussen gestattet worden sei.<br \/>\nEr sei &#8222;keinem psychischen und physischen Druck&#8220; ausgesetzt worden.<br \/>\nDie milde Darstellung der Haftbedingungen muss im Kontext der Gefahr gesehen werden, in der Jahanbegloo und seine Familie immer noch schweben.<br \/>\nEs drohen auch nach der Freilassung immer noch juristische und andere Pressionen, die ihm, seiner Frau und seiner Tochter das Leben schwer machen k\u00f6nnten.<\/p>\n<p>Am 27. April war Jahanbegloo auf dem Teheraner Flughafen verhaftet worden, als er versuchte, zu einer Veranstaltung des German Marshall Fund auszureisen.<br \/>\nEs hat in den vier Monaten seiner Haft im ber\u00fcchtigten Evin-Gef\u00e4ngnis nie eine ordentliche Anklage gegeben.<br \/>\nJahanbegloo wurde allerdings \u00fcber regierungsnahe Kreise vorgeworfen, in Zusammenarbeit mit &#8222;ausl\u00e4ndischen Botschaften&#8220; eine &#8222;samtene Revolution&#8220; im Iran geplant zu haben.<br \/>\nZuletzt war gestreut worden,  es existiere ein auf Video aufgezeichnetes  &#8222;Gest\u00e4ndnis&#8220; mitsamt einer &#8222;Entschuldigung&#8220; des Philosophen. Es hie\u00df, das Video sei im Iran einer ausgew\u00e4hlten Schar von Journalisten vorgef\u00fchrt worden. Kenner der Unterdr\u00fcckungstechniken des Regimes sahen in dieser Meldung den Versuch eines Rufmordes an einem integren und international renommierten Denker (siehe www.zeit.de\/2006\/32\/Iran).<br \/>\nEine internationale Kampagne von prominenten Intellektuellen zur Freilassung Ramin Jahanbegloos, diplomatischer Druck der Europ\u00e4ischen Union und vor allem Kanadas (er ist iranischer und kanadischer B\u00fcrger) scheint nun doch Erfolg gehabt zu haben.<br \/>\nJahanbegloo sieht allerdings h\u00f6chstwahrscheinlich immer noch einem Proze\u00df entgegen.<br \/>\nMan darf auf die Anklagepunkte gespannt sein.<br \/>\nEs wird berichtet, da\u00df er durch die Haft stark abgemagert sei.<\/p>\n","protected":false},"excerpt":{"rendered":"<p>Nach Meldungen der halbamtlichen iranischen Agentur Fars ist der Philosoph Ramin Jahanbegloo gegen Kaution aus dem Gef\u00e4ngnis entlassen worden. Die kanadische Regierung hat diese Meldung unterdessen best\u00e4tigt (siehe Link im Titel). Die unabh\u00e4ngige Website Roozonline zitiert Jahanbegloo mit Aussagen \u00fcber seine Haft: Er sei \u00e4rztlich betreut worden und habe nach drei Monaten eine Einzelzelle bekommen, [&hellip;]<\/p>\n","protected":false},"author":54,"featured_media":0,"comment_status":"open","ping_status":"closed","sticky":false,"template":"","format":"standard","meta":{"jetpack_post_was_ever_published":false,"footnotes":""},"categories":[166],"tags":[],"class_list":["post-23","post","type-post","status-publish","format-standard","hentry","category-iran"],"yoast_head":"<!-- This site is optimized with the Yoast SEO plugin v21.0 - https:\/\/yoast.com\/wordpress\/plugins\/seo\/ -->\n<title>Ramin Jahanbegloo ist frei! - J\u00f6rg Lau<\/title>\n<meta name=\"robots\" content=\"index, follow, max-snippet:-1, max-image-preview:large, max-video-preview:-1\" \/>\n<link rel=\"canonical\" href=\"https:\/\/blog.zeit.de\/joerglau\/2006\/08\/30\/ramin-jahanbegloo-ist-frei_23\" \/>\n<meta property=\"og:locale\" content=\"de_DE\" \/>\n<meta property=\"og:type\" content=\"article\" \/>\n<meta property=\"og:title\" content=\"Ramin Jahanbegloo ist frei! - J\u00f6rg Lau\" \/>\n<meta property=\"og:description\" content=\"Nach Meldungen der halbamtlichen iranischen Agentur Fars ist der Philosoph Ramin Jahanbegloo gegen Kaution aus dem Gef\u00e4ngnis entlassen worden. Die kanadische Regierung hat diese Meldung unterdessen best\u00e4tigt (siehe Link im Titel). Die unabh\u00e4ngige Website Roozonline zitiert Jahanbegloo mit Aussagen \u00fcber seine Haft: Er sei \u00e4rztlich betreut worden und habe nach drei Monaten eine Einzelzelle bekommen, [&hellip;]\" \/>\n<meta property=\"og:url\" content=\"https:\/\/blog.zeit.de\/joerglau\/2006\/08\/30\/ramin-jahanbegloo-ist-frei_23\" \/>\n<meta property=\"og:site_name\" content=\"J\u00f6rg Lau\" \/>\n<meta property=\"article:published_time\" content=\"2006-08-30T21:36:00+00:00\" \/>\n<meta property=\"og:image\" content=\"http:\/\/photos1.blogger.com\/blogger\/1226\/3593\/200\/ns_raminazadi_01.0.jpg\" \/>\n<meta name=\"author\" content=\"J\u00f6rg Lau\" \/>\n<meta name=\"twitter:card\" content=\"summary_large_image\" \/>\n<meta name=\"twitter:label1\" content=\"Geschrieben von\" \/>\n\t<meta name=\"twitter:data1\" content=\"J\u00f6rg Lau\" \/>\n\t<meta name=\"twitter:label2\" content=\"Gesch\u00e4tzte Lesezeit\" \/>\n\t<meta name=\"twitter:data2\" content=\"2\u00a0Minuten\" \/>\n<script type=\"application\/ld+json\" class=\"yoast-schema-graph\">{\"@context\":\"https:\/\/schema.org\",\"@graph\":[{\"@type\":\"WebPage\",\"@id\":\"https:\/\/blog.zeit.de\/joerglau\/2006\/08\/30\/ramin-jahanbegloo-ist-frei_23\",\"url\":\"https:\/\/blog.zeit.de\/joerglau\/2006\/08\/30\/ramin-jahanbegloo-ist-frei_23\",\"name\":\"Ramin Jahanbegloo ist frei! - J\u00f6rg Lau\",\"isPartOf\":{\"@id\":\"https:\/\/blog.zeit.de\/joerglau\/#website\"},\"datePublished\":\"2006-08-30T21:36:00+00:00\",\"dateModified\":\"2006-08-30T21:36:00+00:00\",\"author\":{\"@id\":\"https:\/\/blog.zeit.de\/joerglau\/#\/schema\/person\/55f0be9bfac24815791fbc852b042f57\"},\"breadcrumb\":{\"@id\":\"https:\/\/blog.zeit.de\/joerglau\/2006\/08\/30\/ramin-jahanbegloo-ist-frei_23#breadcrumb\"},\"inLanguage\":\"de\",\"potentialAction\":[{\"@type\":\"ReadAction\",\"target\":[\"https:\/\/blog.zeit.de\/joerglau\/2006\/08\/30\/ramin-jahanbegloo-ist-frei_23\"]}]},{\"@type\":\"BreadcrumbList\",\"@id\":\"https:\/\/blog.zeit.de\/joerglau\/2006\/08\/30\/ramin-jahanbegloo-ist-frei_23#breadcrumb\",\"itemListElement\":[{\"@type\":\"ListItem\",\"position\":1,\"name\":\"Startseite\",\"item\":\"https:\/\/blog.zeit.de\/joerglau\"},{\"@type\":\"ListItem\",\"position\":2,\"name\":\"Ramin Jahanbegloo ist frei!\"}]},{\"@type\":\"WebSite\",\"@id\":\"https:\/\/blog.zeit.de\/joerglau\/#website\",\"url\":\"https:\/\/blog.zeit.de\/joerglau\/\",\"name\":\"J\u00f6rg Lau\",\"description\":\"Ein Blog \u00fcber Religion und Politik\",\"potentialAction\":[{\"@type\":\"SearchAction\",\"target\":{\"@type\":\"EntryPoint\",\"urlTemplate\":\"https:\/\/blog.zeit.de\/joerglau\/?s={search_term_string}\"},\"query-input\":\"required name=search_term_string\"}],\"inLanguage\":\"de\"},{\"@type\":\"Person\",\"@id\":\"https:\/\/blog.zeit.de\/joerglau\/#\/schema\/person\/55f0be9bfac24815791fbc852b042f57\",\"name\":\"J\u00f6rg Lau\",\"image\":{\"@type\":\"ImageObject\",\"inLanguage\":\"de\",\"@id\":\"https:\/\/blog.zeit.de\/joerglau\/#\/schema\/person\/image\/\",\"url\":\"https:\/\/secure.gravatar.com\/avatar\/a5fe39bf4f5335b8bac36eefa0b41467221b1598bfea5f05159a0199e391eed0?s=96&d=mm&r=g\",\"contentUrl\":\"https:\/\/secure.gravatar.com\/avatar\/a5fe39bf4f5335b8bac36eefa0b41467221b1598bfea5f05159a0199e391eed0?s=96&d=mm&r=g\",\"caption\":\"J\u00f6rg Lau\"},\"url\":\"https:\/\/blog.zeit.de\/joerglau\/author\/joerg-lau\"}]}<\/script>\n<!-- \/ Yoast SEO plugin. -->","yoast_head_json":{"title":"Ramin Jahanbegloo ist frei! - J\u00f6rg Lau","robots":{"index":"index","follow":"follow","max-snippet":"max-snippet:-1","max-image-preview":"max-image-preview:large","max-video-preview":"max-video-preview:-1"},"canonical":"https:\/\/blog.zeit.de\/joerglau\/2006\/08\/30\/ramin-jahanbegloo-ist-frei_23","og_locale":"de_DE","og_type":"article","og_title":"Ramin Jahanbegloo ist frei! - J\u00f6rg Lau","og_description":"Nach Meldungen der halbamtlichen iranischen Agentur Fars ist der Philosoph Ramin Jahanbegloo gegen Kaution aus dem Gef\u00e4ngnis entlassen worden. Die kanadische Regierung hat diese Meldung unterdessen best\u00e4tigt (siehe Link im Titel). Die unabh\u00e4ngige Website Roozonline zitiert Jahanbegloo mit Aussagen \u00fcber seine Haft: Er sei \u00e4rztlich betreut worden und habe nach drei Monaten eine Einzelzelle bekommen, [&hellip;]","og_url":"https:\/\/blog.zeit.de\/joerglau\/2006\/08\/30\/ramin-jahanbegloo-ist-frei_23","og_site_name":"J\u00f6rg Lau","article_published_time":"2006-08-30T21:36:00+00:00","og_image":[{"url":"http:\/\/photos1.blogger.com\/blogger\/1226\/3593\/200\/ns_raminazadi_01.0.jpg"}],"author":"J\u00f6rg Lau","twitter_card":"summary_large_image","twitter_misc":{"Geschrieben von":"J\u00f6rg Lau","Gesch\u00e4tzte Lesezeit":"2\u00a0Minuten"},"schema":{"@context":"https:\/\/schema.org","@graph":[{"@type":"WebPage","@id":"https:\/\/blog.zeit.de\/joerglau\/2006\/08\/30\/ramin-jahanbegloo-ist-frei_23","url":"https:\/\/blog.zeit.de\/joerglau\/2006\/08\/30\/ramin-jahanbegloo-ist-frei_23","name":"Ramin Jahanbegloo ist frei! - J\u00f6rg Lau","isPartOf":{"@id":"https:\/\/blog.zeit.de\/joerglau\/#website"},"datePublished":"2006-08-30T21:36:00+00:00","dateModified":"2006-08-30T21:36:00+00:00","author":{"@id":"https:\/\/blog.zeit.de\/joerglau\/#\/schema\/person\/55f0be9bfac24815791fbc852b042f57"},"breadcrumb":{"@id":"https:\/\/blog.zeit.de\/joerglau\/2006\/08\/30\/ramin-jahanbegloo-ist-frei_23#breadcrumb"},"inLanguage":"de","potentialAction":[{"@type":"ReadAction","target":["https:\/\/blog.zeit.de\/joerglau\/2006\/08\/30\/ramin-jahanbegloo-ist-frei_23"]}]},{"@type":"BreadcrumbList","@id":"https:\/\/blog.zeit.de\/joerglau\/2006\/08\/30\/ramin-jahanbegloo-ist-frei_23#breadcrumb","itemListElement":[{"@type":"ListItem","position":1,"name":"Startseite","item":"https:\/\/blog.zeit.de\/joerglau"},{"@type":"ListItem","position":2,"name":"Ramin Jahanbegloo ist frei!"}]},{"@type":"WebSite","@id":"https:\/\/blog.zeit.de\/joerglau\/#website","url":"https:\/\/blog.zeit.de\/joerglau\/","name":"J\u00f6rg Lau","description":"Ein Blog \u00fcber Religion und Politik","potentialAction":[{"@type":"SearchAction","target":{"@type":"EntryPoint","urlTemplate":"https:\/\/blog.zeit.de\/joerglau\/?s={search_term_string}"},"query-input":"required name=search_term_string"}],"inLanguage":"de"},{"@type":"Person","@id":"https:\/\/blog.zeit.de\/joerglau\/#\/schema\/person\/55f0be9bfac24815791fbc852b042f57","name":"J\u00f6rg Lau","image":{"@type":"ImageObject","inLanguage":"de","@id":"https:\/\/blog.zeit.de\/joerglau\/#\/schema\/person\/image\/","url":"https:\/\/secure.gravatar.com\/avatar\/a5fe39bf4f5335b8bac36eefa0b41467221b1598bfea5f05159a0199e391eed0?s=96&d=mm&r=g","contentUrl":"https:\/\/secure.gravatar.com\/avatar\/a5fe39bf4f5335b8bac36eefa0b41467221b1598bfea5f05159a0199e391eed0?s=96&d=mm&r=g","caption":"J\u00f6rg Lau"},"url":"https:\/\/blog.zeit.de\/joerglau\/author\/joerg-lau"}]}},"jetpack_featured_media_url":"","jetpack_sharing_enabled":true,"jetpack_shortlink":"https:\/\/wp.me\/pG02W-n","_links":{"self":[{"href":"https:\/\/blog.zeit.de\/joerglau\/wp-json\/wp\/v2\/posts\/23","targetHints":{"allow":["GET"]}}],"collection":[{"href":"https:\/\/blog.zeit.de\/joerglau\/wp-json\/wp\/v2\/posts"}],"about":[{"href":"https:\/\/blog.zeit.de\/joerglau\/wp-json\/wp\/v2\/types\/post"}],"author":[{"embeddable":true,"href":"https:\/\/blog.zeit.de\/joerglau\/wp-json\/wp\/v2\/users\/54"}],"replies":[{"embeddable":true,"href":"https:\/\/blog.zeit.de\/joerglau\/wp-json\/wp\/v2\/comments?post=23"}],"version-history":[{"count":0,"href":"https:\/\/blog.zeit.de\/joerglau\/wp-json\/wp\/v2\/posts\/23\/revisions"}],"wp:attachment":[{"href":"https:\/\/blog.zeit.de\/joerglau\/wp-json\/wp\/v2\/media?parent=23"}],"wp:term":[{"taxonomy":"category","embeddable":true,"href":"https:\/\/blog.zeit.de\/joerglau\/wp-json\/wp\/v2\/categories?post=23"},{"taxonomy":"post_tag","embeddable":true,"href":"https:\/\/blog.zeit.de\/joerglau\/wp-json\/wp\/v2\/tags?post=23"}],"curies":[{"name":"wp","href":"https:\/\/api.w.org\/{rel}","templated":true}]}}