{"id":2340,"date":"2009-05-08T17:19:25","date_gmt":"2009-05-08T15:19:25","guid":{"rendered":"http:\/\/blog.zeit.de\/joerglau\/?p=2340"},"modified":"2009-05-08T17:19:25","modified_gmt":"2009-05-08T15:19:25","slug":"umfrage-deutsche-muslime-trauen-dem-rechtsstaat","status":"publish","type":"post","link":"https:\/\/blog.zeit.de\/joerglau\/2009\/05\/08\/umfrage-deutsche-muslime-trauen-dem-rechtsstaat_2340","title":{"rendered":"Umfrage: Deutsche Muslime trauen dem Rechtsstaat"},"content":{"rendered":"<p>Ein paar interessante Daten aus einer neuen <a href=\"http:\/\/www.muslimwestfacts.com\/mwf\/118249\/Gallup-Coexist-Index-2009.aspx\">Gallup-Untersuchung<\/a> zum Zusammenleben von Muslimen und anderen Gruppen in westlichen L\u00e4ndern:<\/p>\n<p><a href=\"https:\/\/blog.zeit.de\/joerglau\/files\/2009\/05\/bild-3.png\"><img loading=\"lazy\" decoding=\"async\" class=\"alignnone size-full wp-image-2341\" title=\"bild-3\" src=\"https:\/\/blog.zeit.de\/joerglau\/files\/2009\/05\/bild-3.png\" alt=\"\" width=\"448\" height=\"275\" srcset=\"https:\/\/blog.zeit.de\/joerglau\/files\/2009\/05\/bild-3.png 448w, https:\/\/blog.zeit.de\/joerglau\/files\/2009\/05\/bild-3-300x184.png 300w\" sizes=\"auto, (max-width: 448px) 100vw, 448px\" \/><\/a><\/p>\n<p>Oben stehendes Bild zeigt, dass Muslime in Deutschland sich relativ stark als &#8222;integriert&#8220; sehen und relativ geringe Gruppen sich als &#8222;isoliert&#8220; beschreiben &#8211; erstaunlicher Weise weniger als bei der Restbev\u00f6lkerung.<\/p>\n<p><a href=\"https:\/\/blog.zeit.de\/joerglau\/files\/2009\/05\/bild-4.png\"><img loading=\"lazy\" decoding=\"async\" class=\"alignnone size-full wp-image-2342\" title=\"bild-4\" src=\"https:\/\/blog.zeit.de\/joerglau\/files\/2009\/05\/bild-4.png\" alt=\"\" width=\"450\" height=\"160\" srcset=\"https:\/\/blog.zeit.de\/joerglau\/files\/2009\/05\/bild-4.png 636w, https:\/\/blog.zeit.de\/joerglau\/files\/2009\/05\/bild-4-300x107.png 300w\" sizes=\"auto, (max-width: 450px) 100vw, 450px\" \/><\/a><\/p>\n<p>An dem zweiten Bild ist \u00fcberraschend, dass Muslime in Deutschland st\u00e4rker den Wunsch \u00e4u\u00dfern, in einer gemischten Nachbarschaft zu wohnen, als die \u00fcbrige Bev\u00f6lkerung dies tut. Ein Viertel will lieber mit Leuten zusammenwohnen, die nicht ihren religi\u00f6sen und ethnischen Hintergrund teilen.<\/p>\n<p><a href=\"https:\/\/blog.zeit.de\/joerglau\/files\/2009\/05\/bild-5.png\"><img loading=\"lazy\" decoding=\"async\" class=\"alignnone size-full wp-image-2343\" title=\"bild-5\" src=\"https:\/\/blog.zeit.de\/joerglau\/files\/2009\/05\/bild-5.png\" alt=\"\" width=\"400\" height=\"144\" srcset=\"https:\/\/blog.zeit.de\/joerglau\/files\/2009\/05\/bild-5.png 672w, https:\/\/blog.zeit.de\/joerglau\/files\/2009\/05\/bild-5-300x108.png 300w\" sizes=\"auto, (max-width: 400px) 100vw, 400px\" \/><\/a><\/p>\n<p>Das dritte Bild beschreibt das Vertrauen in die Institutionen der Gesellschaft. Deutsche Muslime trauen dem Rechtsstaat, der Regierung, den Finanzinstituten und den Wahlen bedeutend mehr als die allgemeine \u00d6ffentlichkeit.<\/p>\n<p>Nur bei den Medien und beim Milit\u00e4r machen sie Abstriche.<\/p>\n<p>Letzteres ist f\u00fcr unsereinen nicht sehr schmeichelhaft. Aber die restlichen Daten sind eher ermutigend.<\/p>\n<p>Federf\u00fchrend f\u00fcr die Untersuchung ist \u00fcbrigens Dalia Mogahed, die ich <a href=\"https:\/\/blog.zeit.de\/joerglau\/2009\/04\/27\/obamas-kopftuchfrau_2289\">hier<\/a> bereits vorgestellt habe &#8211; unterdessen Obamas muslimische Beraterin.<\/p>\n","protected":false},"excerpt":{"rendered":"<p>Ein paar interessante Daten aus einer neuen Gallup-Untersuchung zum Zusammenleben von Muslimen und anderen Gruppen in westlichen L\u00e4ndern: Oben stehendes Bild zeigt, dass Muslime in Deutschland sich relativ stark als &#8222;integriert&#8220; sehen und relativ geringe Gruppen sich als &#8222;isoliert&#8220; beschreiben &#8211; erstaunlicher Weise weniger als bei der Restbev\u00f6lkerung. An dem zweiten Bild ist \u00fcberraschend, dass [&hellip;]<\/p>\n","protected":false},"author":54,"featured_media":0,"comment_status":"open","ping_status":"closed","sticky":false,"template":"","format":"standard","meta":{"jetpack_post_was_ever_published":false,"footnotes":""},"categories":[157,163],"tags":[],"class_list":["post-2340","post","type-post","status-publish","format-standard","hentry","category-die-freunde-und-die-feinde-des-islams","category-integration"],"yoast_head":"<!-- This site is optimized with the Yoast SEO plugin v21.0 - https:\/\/yoast.com\/wordpress\/plugins\/seo\/ -->\n<title>Umfrage: Deutsche Muslime trauen dem Rechtsstaat - J\u00f6rg Lau<\/title>\n<meta name=\"robots\" content=\"index, follow, max-snippet:-1, max-image-preview:large, max-video-preview:-1\" \/>\n<link rel=\"canonical\" href=\"https:\/\/blog.zeit.de\/joerglau\/2009\/05\/08\/umfrage-deutsche-muslime-trauen-dem-rechtsstaat_2340\" \/>\n<meta property=\"og:locale\" content=\"de_DE\" \/>\n<meta property=\"og:type\" content=\"article\" \/>\n<meta property=\"og:title\" content=\"Umfrage: Deutsche Muslime trauen dem Rechtsstaat - J\u00f6rg Lau\" \/>\n<meta property=\"og:description\" content=\"Ein paar interessante Daten aus einer neuen Gallup-Untersuchung zum Zusammenleben von Muslimen und anderen Gruppen in westlichen L\u00e4ndern: Oben stehendes Bild zeigt, dass Muslime in Deutschland sich relativ stark als &#8222;integriert&#8220; sehen und relativ geringe Gruppen sich als &#8222;isoliert&#8220; beschreiben &#8211; erstaunlicher Weise weniger als bei der Restbev\u00f6lkerung. An dem zweiten Bild ist \u00fcberraschend, dass [&hellip;]\" \/>\n<meta property=\"og:url\" content=\"https:\/\/blog.zeit.de\/joerglau\/2009\/05\/08\/umfrage-deutsche-muslime-trauen-dem-rechtsstaat_2340\" \/>\n<meta property=\"og:site_name\" content=\"J\u00f6rg Lau\" \/>\n<meta property=\"article:published_time\" content=\"2009-05-08T15:19:25+00:00\" \/>\n<meta property=\"og:image\" content=\"https:\/\/blog.zeit.de\/joerglau\/files\/2009\/05\/bild-3.png\" \/>\n<meta name=\"author\" content=\"J\u00f6rg Lau\" \/>\n<meta name=\"twitter:card\" content=\"summary_large_image\" \/>\n<meta name=\"twitter:label1\" content=\"Geschrieben von\" \/>\n\t<meta name=\"twitter:data1\" content=\"J\u00f6rg Lau\" \/>\n\t<meta name=\"twitter:label2\" content=\"Gesch\u00e4tzte Lesezeit\" \/>\n\t<meta name=\"twitter:data2\" content=\"1\u00a0Minute\" \/>\n<script type=\"application\/ld+json\" class=\"yoast-schema-graph\">{\"@context\":\"https:\/\/schema.org\",\"@graph\":[{\"@type\":\"WebPage\",\"@id\":\"https:\/\/blog.zeit.de\/joerglau\/2009\/05\/08\/umfrage-deutsche-muslime-trauen-dem-rechtsstaat_2340\",\"url\":\"https:\/\/blog.zeit.de\/joerglau\/2009\/05\/08\/umfrage-deutsche-muslime-trauen-dem-rechtsstaat_2340\",\"name\":\"Umfrage: Deutsche Muslime trauen dem Rechtsstaat - J\u00f6rg Lau\",\"isPartOf\":{\"@id\":\"https:\/\/blog.zeit.de\/joerglau\/#website\"},\"datePublished\":\"2009-05-08T15:19:25+00:00\",\"dateModified\":\"2009-05-08T15:19:25+00:00\",\"author\":{\"@id\":\"https:\/\/blog.zeit.de\/joerglau\/#\/schema\/person\/55f0be9bfac24815791fbc852b042f57\"},\"breadcrumb\":{\"@id\":\"https:\/\/blog.zeit.de\/joerglau\/2009\/05\/08\/umfrage-deutsche-muslime-trauen-dem-rechtsstaat_2340#breadcrumb\"},\"inLanguage\":\"de\",\"potentialAction\":[{\"@type\":\"ReadAction\",\"target\":[\"https:\/\/blog.zeit.de\/joerglau\/2009\/05\/08\/umfrage-deutsche-muslime-trauen-dem-rechtsstaat_2340\"]}]},{\"@type\":\"BreadcrumbList\",\"@id\":\"https:\/\/blog.zeit.de\/joerglau\/2009\/05\/08\/umfrage-deutsche-muslime-trauen-dem-rechtsstaat_2340#breadcrumb\",\"itemListElement\":[{\"@type\":\"ListItem\",\"position\":1,\"name\":\"Startseite\",\"item\":\"https:\/\/blog.zeit.de\/joerglau\"},{\"@type\":\"ListItem\",\"position\":2,\"name\":\"Umfrage: Deutsche Muslime trauen dem Rechtsstaat\"}]},{\"@type\":\"WebSite\",\"@id\":\"https:\/\/blog.zeit.de\/joerglau\/#website\",\"url\":\"https:\/\/blog.zeit.de\/joerglau\/\",\"name\":\"J\u00f6rg Lau\",\"description\":\"Ein Blog \u00fcber Religion und Politik\",\"potentialAction\":[{\"@type\":\"SearchAction\",\"target\":{\"@type\":\"EntryPoint\",\"urlTemplate\":\"https:\/\/blog.zeit.de\/joerglau\/?s={search_term_string}\"},\"query-input\":\"required name=search_term_string\"}],\"inLanguage\":\"de\"},{\"@type\":\"Person\",\"@id\":\"https:\/\/blog.zeit.de\/joerglau\/#\/schema\/person\/55f0be9bfac24815791fbc852b042f57\",\"name\":\"J\u00f6rg Lau\",\"image\":{\"@type\":\"ImageObject\",\"inLanguage\":\"de\",\"@id\":\"https:\/\/blog.zeit.de\/joerglau\/#\/schema\/person\/image\/\",\"url\":\"https:\/\/secure.gravatar.com\/avatar\/a5fe39bf4f5335b8bac36eefa0b41467221b1598bfea5f05159a0199e391eed0?s=96&d=mm&r=g\",\"contentUrl\":\"https:\/\/secure.gravatar.com\/avatar\/a5fe39bf4f5335b8bac36eefa0b41467221b1598bfea5f05159a0199e391eed0?s=96&d=mm&r=g\",\"caption\":\"J\u00f6rg Lau\"},\"url\":\"https:\/\/blog.zeit.de\/joerglau\/author\/joerg-lau\"}]}<\/script>\n<!-- \/ Yoast SEO plugin. -->","yoast_head_json":{"title":"Umfrage: Deutsche Muslime trauen dem Rechtsstaat - J\u00f6rg Lau","robots":{"index":"index","follow":"follow","max-snippet":"max-snippet:-1","max-image-preview":"max-image-preview:large","max-video-preview":"max-video-preview:-1"},"canonical":"https:\/\/blog.zeit.de\/joerglau\/2009\/05\/08\/umfrage-deutsche-muslime-trauen-dem-rechtsstaat_2340","og_locale":"de_DE","og_type":"article","og_title":"Umfrage: Deutsche Muslime trauen dem Rechtsstaat - J\u00f6rg Lau","og_description":"Ein paar interessante Daten aus einer neuen Gallup-Untersuchung zum Zusammenleben von Muslimen und anderen Gruppen in westlichen L\u00e4ndern: Oben stehendes Bild zeigt, dass Muslime in Deutschland sich relativ stark als &#8222;integriert&#8220; sehen und relativ geringe Gruppen sich als &#8222;isoliert&#8220; beschreiben &#8211; erstaunlicher Weise weniger als bei der Restbev\u00f6lkerung. An dem zweiten Bild ist \u00fcberraschend, dass [&hellip;]","og_url":"https:\/\/blog.zeit.de\/joerglau\/2009\/05\/08\/umfrage-deutsche-muslime-trauen-dem-rechtsstaat_2340","og_site_name":"J\u00f6rg Lau","article_published_time":"2009-05-08T15:19:25+00:00","og_image":[{"url":"https:\/\/blog.zeit.de\/joerglau\/files\/2009\/05\/bild-3.png"}],"author":"J\u00f6rg Lau","twitter_card":"summary_large_image","twitter_misc":{"Geschrieben von":"J\u00f6rg Lau","Gesch\u00e4tzte Lesezeit":"1\u00a0Minute"},"schema":{"@context":"https:\/\/schema.org","@graph":[{"@type":"WebPage","@id":"https:\/\/blog.zeit.de\/joerglau\/2009\/05\/08\/umfrage-deutsche-muslime-trauen-dem-rechtsstaat_2340","url":"https:\/\/blog.zeit.de\/joerglau\/2009\/05\/08\/umfrage-deutsche-muslime-trauen-dem-rechtsstaat_2340","name":"Umfrage: Deutsche Muslime trauen dem Rechtsstaat - J\u00f6rg Lau","isPartOf":{"@id":"https:\/\/blog.zeit.de\/joerglau\/#website"},"datePublished":"2009-05-08T15:19:25+00:00","dateModified":"2009-05-08T15:19:25+00:00","author":{"@id":"https:\/\/blog.zeit.de\/joerglau\/#\/schema\/person\/55f0be9bfac24815791fbc852b042f57"},"breadcrumb":{"@id":"https:\/\/blog.zeit.de\/joerglau\/2009\/05\/08\/umfrage-deutsche-muslime-trauen-dem-rechtsstaat_2340#breadcrumb"},"inLanguage":"de","potentialAction":[{"@type":"ReadAction","target":["https:\/\/blog.zeit.de\/joerglau\/2009\/05\/08\/umfrage-deutsche-muslime-trauen-dem-rechtsstaat_2340"]}]},{"@type":"BreadcrumbList","@id":"https:\/\/blog.zeit.de\/joerglau\/2009\/05\/08\/umfrage-deutsche-muslime-trauen-dem-rechtsstaat_2340#breadcrumb","itemListElement":[{"@type":"ListItem","position":1,"name":"Startseite","item":"https:\/\/blog.zeit.de\/joerglau"},{"@type":"ListItem","position":2,"name":"Umfrage: Deutsche Muslime trauen dem Rechtsstaat"}]},{"@type":"WebSite","@id":"https:\/\/blog.zeit.de\/joerglau\/#website","url":"https:\/\/blog.zeit.de\/joerglau\/","name":"J\u00f6rg Lau","description":"Ein Blog \u00fcber Religion und Politik","potentialAction":[{"@type":"SearchAction","target":{"@type":"EntryPoint","urlTemplate":"https:\/\/blog.zeit.de\/joerglau\/?s={search_term_string}"},"query-input":"required name=search_term_string"}],"inLanguage":"de"},{"@type":"Person","@id":"https:\/\/blog.zeit.de\/joerglau\/#\/schema\/person\/55f0be9bfac24815791fbc852b042f57","name":"J\u00f6rg Lau","image":{"@type":"ImageObject","inLanguage":"de","@id":"https:\/\/blog.zeit.de\/joerglau\/#\/schema\/person\/image\/","url":"https:\/\/secure.gravatar.com\/avatar\/a5fe39bf4f5335b8bac36eefa0b41467221b1598bfea5f05159a0199e391eed0?s=96&d=mm&r=g","contentUrl":"https:\/\/secure.gravatar.com\/avatar\/a5fe39bf4f5335b8bac36eefa0b41467221b1598bfea5f05159a0199e391eed0?s=96&d=mm&r=g","caption":"J\u00f6rg Lau"},"url":"https:\/\/blog.zeit.de\/joerglau\/author\/joerg-lau"}]}},"jetpack_featured_media_url":"","jetpack_sharing_enabled":true,"jetpack_shortlink":"https:\/\/wp.me\/pG02W-BK","_links":{"self":[{"href":"https:\/\/blog.zeit.de\/joerglau\/wp-json\/wp\/v2\/posts\/2340","targetHints":{"allow":["GET"]}}],"collection":[{"href":"https:\/\/blog.zeit.de\/joerglau\/wp-json\/wp\/v2\/posts"}],"about":[{"href":"https:\/\/blog.zeit.de\/joerglau\/wp-json\/wp\/v2\/types\/post"}],"author":[{"embeddable":true,"href":"https:\/\/blog.zeit.de\/joerglau\/wp-json\/wp\/v2\/users\/54"}],"replies":[{"embeddable":true,"href":"https:\/\/blog.zeit.de\/joerglau\/wp-json\/wp\/v2\/comments?post=2340"}],"version-history":[{"count":0,"href":"https:\/\/blog.zeit.de\/joerglau\/wp-json\/wp\/v2\/posts\/2340\/revisions"}],"wp:attachment":[{"href":"https:\/\/blog.zeit.de\/joerglau\/wp-json\/wp\/v2\/media?parent=2340"}],"wp:term":[{"taxonomy":"category","embeddable":true,"href":"https:\/\/blog.zeit.de\/joerglau\/wp-json\/wp\/v2\/categories?post=2340"},{"taxonomy":"post_tag","embeddable":true,"href":"https:\/\/blog.zeit.de\/joerglau\/wp-json\/wp\/v2\/tags?post=2340"}],"curies":[{"name":"wp","href":"https:\/\/api.w.org\/{rel}","templated":true}]}}