{"id":2349,"date":"2009-05-09T16:35:01","date_gmt":"2009-05-09T14:35:01","guid":{"rendered":"http:\/\/blog.zeit.de\/joerglau\/?p=2349"},"modified":"2009-05-09T16:35:01","modified_gmt":"2009-05-09T14:35:01","slug":"ein-wunder-an-harlems-schulen","status":"publish","type":"post","link":"https:\/\/blog.zeit.de\/joerglau\/2009\/05\/09\/ein-wunder-an-harlems-schulen_2349","title":{"rendered":"Ein Wunder an Harlems Schulen"},"content":{"rendered":"<p>In Harlem ist ein Durchbruch an den schwarzen Grundschulen erzielt worden, wie der konservative Kolumnist der Times, <a href=\"http:\/\/www.nytimes.com\/2009\/05\/08\/opinion\/08brooks.html?em\">David Brooks, berichtet<\/a>.\u00a0<\/p>\n<p>Immer wieder habe es riesige staatliche Programme zur Verbesserung der sozialen Lage in den Ghettos gegeben, schreibt Brooks, mit insgesamt schmalem Effekt.<\/p>\n<p>Doch nun haben die Schulen der Harlem&#8217;s Children Zone offenbar exzellente Ergebnisse erreichen k\u00f6nnen.<\/p>\n<p>Der Clou dieser Schulen ist, dass sie sehr auf Umgangsformen, Haltung und Einstellung achten &#8211; also Erziehungsaufgaben wahrnehmen, statt nur Wissen zu vermitteln.\u00a0<\/p>\n<p>Diese Schulen verstehen sich als &#8222;no excuses schools&#8220;, in denen schwarze Kinder so behandelt werden wie ganz normale Mittelschichtskinder, an die man hohe Anspr\u00fcche stellt.<\/p>\n<p><em>Basically, the no excuses schools pay meticulous attention to behavior and attitudes. They teach students how to look at the person who is talking, how to shake hands. These schools are academically rigorous and college-focused. Promise Academy students who are performing below grade level spent twice as much time in school as other students in New York City. Students who are performing at grade level spend 50 percent more time in school.<\/em><\/p>\n<p>Innerhalb weniger Jahre schaffen diese Schulen es, den Leistungsunterschied zwischen Schwarz und Weiss zu beseitigen.\u00a0<\/p>\n<p>W\u00e4re das nicht auch ein Modell f\u00fcr unsere Migrantenviertel?<\/p>\n<p>Mehr <a href=\"http:\/\/www.hcz.org\/\">hier<\/a>.<\/p>\n","protected":false},"excerpt":{"rendered":"<p>In Harlem ist ein Durchbruch an den schwarzen Grundschulen erzielt worden, wie der konservative Kolumnist der Times, David Brooks, berichtet.\u00a0 Immer wieder habe es riesige staatliche Programme zur Verbesserung der sozialen Lage in den Ghettos gegeben, schreibt Brooks, mit insgesamt schmalem Effekt. Doch nun haben die Schulen der Harlem&#8217;s Children Zone offenbar exzellente Ergebnisse erreichen [&hellip;]<\/p>\n","protected":false},"author":54,"featured_media":0,"comment_status":"open","ping_status":"closed","sticky":false,"template":"","format":"standard","meta":{"jetpack_post_was_ever_published":false,"footnotes":""},"categories":[163],"tags":[],"class_list":["post-2349","post","type-post","status-publish","format-standard","hentry","category-integration"],"yoast_head":"<!-- This site is optimized with the Yoast SEO plugin v21.0 - https:\/\/yoast.com\/wordpress\/plugins\/seo\/ -->\n<title>Ein Wunder an Harlems Schulen - J\u00f6rg Lau<\/title>\n<meta name=\"robots\" content=\"index, follow, max-snippet:-1, max-image-preview:large, max-video-preview:-1\" \/>\n<link rel=\"canonical\" href=\"https:\/\/blog.zeit.de\/joerglau\/2009\/05\/09\/ein-wunder-an-harlems-schulen_2349\" \/>\n<meta property=\"og:locale\" content=\"de_DE\" \/>\n<meta property=\"og:type\" content=\"article\" \/>\n<meta property=\"og:title\" content=\"Ein Wunder an Harlems Schulen - J\u00f6rg Lau\" \/>\n<meta property=\"og:description\" content=\"In Harlem ist ein Durchbruch an den schwarzen Grundschulen erzielt worden, wie der konservative Kolumnist der Times, David Brooks, berichtet.\u00a0 Immer wieder habe es riesige staatliche Programme zur Verbesserung der sozialen Lage in den Ghettos gegeben, schreibt Brooks, mit insgesamt schmalem Effekt. Doch nun haben die Schulen der Harlem&#8217;s Children Zone offenbar exzellente Ergebnisse erreichen [&hellip;]\" \/>\n<meta property=\"og:url\" content=\"https:\/\/blog.zeit.de\/joerglau\/2009\/05\/09\/ein-wunder-an-harlems-schulen_2349\" \/>\n<meta property=\"og:site_name\" content=\"J\u00f6rg Lau\" \/>\n<meta property=\"article:published_time\" content=\"2009-05-09T14:35:01+00:00\" \/>\n<meta name=\"author\" content=\"J\u00f6rg Lau\" \/>\n<meta name=\"twitter:card\" content=\"summary_large_image\" \/>\n<meta name=\"twitter:label1\" content=\"Geschrieben von\" \/>\n\t<meta name=\"twitter:data1\" content=\"J\u00f6rg Lau\" \/>\n\t<meta name=\"twitter:label2\" content=\"Gesch\u00e4tzte Lesezeit\" \/>\n\t<meta name=\"twitter:data2\" content=\"1\u00a0Minute\" \/>\n<script type=\"application\/ld+json\" class=\"yoast-schema-graph\">{\"@context\":\"https:\/\/schema.org\",\"@graph\":[{\"@type\":\"WebPage\",\"@id\":\"https:\/\/blog.zeit.de\/joerglau\/2009\/05\/09\/ein-wunder-an-harlems-schulen_2349\",\"url\":\"https:\/\/blog.zeit.de\/joerglau\/2009\/05\/09\/ein-wunder-an-harlems-schulen_2349\",\"name\":\"Ein Wunder an Harlems Schulen - J\u00f6rg Lau\",\"isPartOf\":{\"@id\":\"https:\/\/blog.zeit.de\/joerglau\/#website\"},\"datePublished\":\"2009-05-09T14:35:01+00:00\",\"dateModified\":\"2009-05-09T14:35:01+00:00\",\"author\":{\"@id\":\"https:\/\/blog.zeit.de\/joerglau\/#\/schema\/person\/55f0be9bfac24815791fbc852b042f57\"},\"breadcrumb\":{\"@id\":\"https:\/\/blog.zeit.de\/joerglau\/2009\/05\/09\/ein-wunder-an-harlems-schulen_2349#breadcrumb\"},\"inLanguage\":\"de\",\"potentialAction\":[{\"@type\":\"ReadAction\",\"target\":[\"https:\/\/blog.zeit.de\/joerglau\/2009\/05\/09\/ein-wunder-an-harlems-schulen_2349\"]}]},{\"@type\":\"BreadcrumbList\",\"@id\":\"https:\/\/blog.zeit.de\/joerglau\/2009\/05\/09\/ein-wunder-an-harlems-schulen_2349#breadcrumb\",\"itemListElement\":[{\"@type\":\"ListItem\",\"position\":1,\"name\":\"Startseite\",\"item\":\"https:\/\/blog.zeit.de\/joerglau\"},{\"@type\":\"ListItem\",\"position\":2,\"name\":\"Ein Wunder an Harlems Schulen\"}]},{\"@type\":\"WebSite\",\"@id\":\"https:\/\/blog.zeit.de\/joerglau\/#website\",\"url\":\"https:\/\/blog.zeit.de\/joerglau\/\",\"name\":\"J\u00f6rg Lau\",\"description\":\"Ein Blog \u00fcber Religion und Politik\",\"potentialAction\":[{\"@type\":\"SearchAction\",\"target\":{\"@type\":\"EntryPoint\",\"urlTemplate\":\"https:\/\/blog.zeit.de\/joerglau\/?s={search_term_string}\"},\"query-input\":\"required name=search_term_string\"}],\"inLanguage\":\"de\"},{\"@type\":\"Person\",\"@id\":\"https:\/\/blog.zeit.de\/joerglau\/#\/schema\/person\/55f0be9bfac24815791fbc852b042f57\",\"name\":\"J\u00f6rg Lau\",\"image\":{\"@type\":\"ImageObject\",\"inLanguage\":\"de\",\"@id\":\"https:\/\/blog.zeit.de\/joerglau\/#\/schema\/person\/image\/\",\"url\":\"https:\/\/secure.gravatar.com\/avatar\/a5fe39bf4f5335b8bac36eefa0b41467221b1598bfea5f05159a0199e391eed0?s=96&d=mm&r=g\",\"contentUrl\":\"https:\/\/secure.gravatar.com\/avatar\/a5fe39bf4f5335b8bac36eefa0b41467221b1598bfea5f05159a0199e391eed0?s=96&d=mm&r=g\",\"caption\":\"J\u00f6rg Lau\"},\"url\":\"https:\/\/blog.zeit.de\/joerglau\/author\/joerg-lau\"}]}<\/script>\n<!-- \/ Yoast SEO plugin. -->","yoast_head_json":{"title":"Ein Wunder an Harlems Schulen - J\u00f6rg Lau","robots":{"index":"index","follow":"follow","max-snippet":"max-snippet:-1","max-image-preview":"max-image-preview:large","max-video-preview":"max-video-preview:-1"},"canonical":"https:\/\/blog.zeit.de\/joerglau\/2009\/05\/09\/ein-wunder-an-harlems-schulen_2349","og_locale":"de_DE","og_type":"article","og_title":"Ein Wunder an Harlems Schulen - J\u00f6rg Lau","og_description":"In Harlem ist ein Durchbruch an den schwarzen Grundschulen erzielt worden, wie der konservative Kolumnist der Times, David Brooks, berichtet.\u00a0 Immer wieder habe es riesige staatliche Programme zur Verbesserung der sozialen Lage in den Ghettos gegeben, schreibt Brooks, mit insgesamt schmalem Effekt. Doch nun haben die Schulen der Harlem&#8217;s Children Zone offenbar exzellente Ergebnisse erreichen [&hellip;]","og_url":"https:\/\/blog.zeit.de\/joerglau\/2009\/05\/09\/ein-wunder-an-harlems-schulen_2349","og_site_name":"J\u00f6rg Lau","article_published_time":"2009-05-09T14:35:01+00:00","author":"J\u00f6rg Lau","twitter_card":"summary_large_image","twitter_misc":{"Geschrieben von":"J\u00f6rg Lau","Gesch\u00e4tzte Lesezeit":"1\u00a0Minute"},"schema":{"@context":"https:\/\/schema.org","@graph":[{"@type":"WebPage","@id":"https:\/\/blog.zeit.de\/joerglau\/2009\/05\/09\/ein-wunder-an-harlems-schulen_2349","url":"https:\/\/blog.zeit.de\/joerglau\/2009\/05\/09\/ein-wunder-an-harlems-schulen_2349","name":"Ein Wunder an Harlems Schulen - J\u00f6rg Lau","isPartOf":{"@id":"https:\/\/blog.zeit.de\/joerglau\/#website"},"datePublished":"2009-05-09T14:35:01+00:00","dateModified":"2009-05-09T14:35:01+00:00","author":{"@id":"https:\/\/blog.zeit.de\/joerglau\/#\/schema\/person\/55f0be9bfac24815791fbc852b042f57"},"breadcrumb":{"@id":"https:\/\/blog.zeit.de\/joerglau\/2009\/05\/09\/ein-wunder-an-harlems-schulen_2349#breadcrumb"},"inLanguage":"de","potentialAction":[{"@type":"ReadAction","target":["https:\/\/blog.zeit.de\/joerglau\/2009\/05\/09\/ein-wunder-an-harlems-schulen_2349"]}]},{"@type":"BreadcrumbList","@id":"https:\/\/blog.zeit.de\/joerglau\/2009\/05\/09\/ein-wunder-an-harlems-schulen_2349#breadcrumb","itemListElement":[{"@type":"ListItem","position":1,"name":"Startseite","item":"https:\/\/blog.zeit.de\/joerglau"},{"@type":"ListItem","position":2,"name":"Ein Wunder an Harlems Schulen"}]},{"@type":"WebSite","@id":"https:\/\/blog.zeit.de\/joerglau\/#website","url":"https:\/\/blog.zeit.de\/joerglau\/","name":"J\u00f6rg Lau","description":"Ein Blog \u00fcber Religion und Politik","potentialAction":[{"@type":"SearchAction","target":{"@type":"EntryPoint","urlTemplate":"https:\/\/blog.zeit.de\/joerglau\/?s={search_term_string}"},"query-input":"required name=search_term_string"}],"inLanguage":"de"},{"@type":"Person","@id":"https:\/\/blog.zeit.de\/joerglau\/#\/schema\/person\/55f0be9bfac24815791fbc852b042f57","name":"J\u00f6rg Lau","image":{"@type":"ImageObject","inLanguage":"de","@id":"https:\/\/blog.zeit.de\/joerglau\/#\/schema\/person\/image\/","url":"https:\/\/secure.gravatar.com\/avatar\/a5fe39bf4f5335b8bac36eefa0b41467221b1598bfea5f05159a0199e391eed0?s=96&d=mm&r=g","contentUrl":"https:\/\/secure.gravatar.com\/avatar\/a5fe39bf4f5335b8bac36eefa0b41467221b1598bfea5f05159a0199e391eed0?s=96&d=mm&r=g","caption":"J\u00f6rg Lau"},"url":"https:\/\/blog.zeit.de\/joerglau\/author\/joerg-lau"}]}},"jetpack_featured_media_url":"","jetpack_sharing_enabled":true,"jetpack_shortlink":"https:\/\/wp.me\/pG02W-BT","_links":{"self":[{"href":"https:\/\/blog.zeit.de\/joerglau\/wp-json\/wp\/v2\/posts\/2349","targetHints":{"allow":["GET"]}}],"collection":[{"href":"https:\/\/blog.zeit.de\/joerglau\/wp-json\/wp\/v2\/posts"}],"about":[{"href":"https:\/\/blog.zeit.de\/joerglau\/wp-json\/wp\/v2\/types\/post"}],"author":[{"embeddable":true,"href":"https:\/\/blog.zeit.de\/joerglau\/wp-json\/wp\/v2\/users\/54"}],"replies":[{"embeddable":true,"href":"https:\/\/blog.zeit.de\/joerglau\/wp-json\/wp\/v2\/comments?post=2349"}],"version-history":[{"count":0,"href":"https:\/\/blog.zeit.de\/joerglau\/wp-json\/wp\/v2\/posts\/2349\/revisions"}],"wp:attachment":[{"href":"https:\/\/blog.zeit.de\/joerglau\/wp-json\/wp\/v2\/media?parent=2349"}],"wp:term":[{"taxonomy":"category","embeddable":true,"href":"https:\/\/blog.zeit.de\/joerglau\/wp-json\/wp\/v2\/categories?post=2349"},{"taxonomy":"post_tag","embeddable":true,"href":"https:\/\/blog.zeit.de\/joerglau\/wp-json\/wp\/v2\/tags?post=2349"}],"curies":[{"name":"wp","href":"https:\/\/api.w.org\/{rel}","templated":true}]}}