{"id":2351,"date":"2009-05-09T17:57:29","date_gmt":"2009-05-09T15:57:29","guid":{"rendered":"http:\/\/blog.zeit.de\/joerglau\/?p=2351"},"modified":"2009-05-09T17:57:29","modified_gmt":"2009-05-09T15:57:29","slug":"neukolln-mobbing-gegen-deutsche-schuler","status":"publish","type":"post","link":"https:\/\/blog.zeit.de\/joerglau\/2009\/05\/09\/neukolln-mobbing-gegen-deutsche-schuler_2351","title":{"rendered":"Neuk\u00f6lln: Mobbing gegen deutsche Sch\u00fcler"},"content":{"rendered":"<p>Ein Bericht von der couragierten Journalistiin G\u00fcner Y. <a href=\"https:\/\/blog.zeit.de\/joerglau\/2008\/11\/23\/sie-gehoren-immer-noch-nicht-dazu_1646\">Balci<\/a>, selber in Neuk\u00f6lln aufgewachsen, \u00fcber die Probleme der deutschen Minderheit in Neuk\u00f6llner Schulen. (<a href=\"http:\/\/daserste.ndr.de\/panorama\/media\/panorama248.html\">Hier online sehen<\/a>.)<\/p>\n<p>Unm\u00f6gliche Zust\u00e4nde. Und der unf\u00e4hige Berliner Integrationsbeauftragte tut nichts.\u00a0<\/p>\n<p>G\u00fcner Balci ist entsetzt dar\u00fcber, das Neuk\u00f6lln ihrer Kindheit zusehends in ein Ghetto verwandelt zu sehen, in dem sich die t\u00fcrkischen und arabischen Jungs gegenseitig in ihrer Identit\u00e4t als gef\u00e4hrliche Loser best\u00e4tigen und festhalten.<\/p>\n<p>Gut, dass Panorama so etwas sendet, trotz der offensichtlichen Bauchschmerzen der Moderatorin, die anfangs herumeiert, die NPD k\u00f6nnte solche Meldungen \u00fcber Gewalt gegen Deutsche missbrauchen.\u00a0<\/p>\n<p>Man darf sich von Rechtsradikalen nicht diktieren lassen, wor\u00fcber geredet werden darf.\u00a0<\/p>\n<p>Was G\u00fcner Balci an Neuk\u00f6lln vermisst, ist das fr\u00fchere Gemisch in diesem Stadtdteil, der streckenweise nicht mehr multikulturell, sondern monokulturell ist.<\/p>\n","protected":false},"excerpt":{"rendered":"<p>Ein Bericht von der couragierten Journalistiin G\u00fcner Y. Balci, selber in Neuk\u00f6lln aufgewachsen, \u00fcber die Probleme der deutschen Minderheit in Neuk\u00f6llner Schulen. (Hier online sehen.) Unm\u00f6gliche Zust\u00e4nde. Und der unf\u00e4hige Berliner Integrationsbeauftragte tut nichts.\u00a0 G\u00fcner Balci ist entsetzt dar\u00fcber, das Neuk\u00f6lln ihrer Kindheit zusehends in ein Ghetto verwandelt zu sehen, in dem sich die t\u00fcrkischen [&hellip;]<\/p>\n","protected":false},"author":54,"featured_media":0,"comment_status":"open","ping_status":"closed","sticky":false,"template":"","format":"standard","meta":{"jetpack_post_was_ever_published":false,"footnotes":""},"categories":[163],"tags":[],"class_list":["post-2351","post","type-post","status-publish","format-standard","hentry","category-integration"],"yoast_head":"<!-- This site is optimized with the Yoast SEO plugin v21.0 - https:\/\/yoast.com\/wordpress\/plugins\/seo\/ -->\n<title>Neuk\u00f6lln: Mobbing gegen deutsche Sch\u00fcler - J\u00f6rg Lau<\/title>\n<meta name=\"robots\" content=\"index, follow, max-snippet:-1, max-image-preview:large, max-video-preview:-1\" \/>\n<link rel=\"canonical\" href=\"https:\/\/blog.zeit.de\/joerglau\/2009\/05\/09\/neukolln-mobbing-gegen-deutsche-schuler_2351\" \/>\n<meta property=\"og:locale\" content=\"de_DE\" \/>\n<meta property=\"og:type\" content=\"article\" \/>\n<meta property=\"og:title\" content=\"Neuk\u00f6lln: Mobbing gegen deutsche Sch\u00fcler - J\u00f6rg Lau\" \/>\n<meta property=\"og:description\" content=\"Ein Bericht von der couragierten Journalistiin G\u00fcner Y. Balci, selber in Neuk\u00f6lln aufgewachsen, \u00fcber die Probleme der deutschen Minderheit in Neuk\u00f6llner Schulen. (Hier online sehen.) Unm\u00f6gliche Zust\u00e4nde. Und der unf\u00e4hige Berliner Integrationsbeauftragte tut nichts.\u00a0 G\u00fcner Balci ist entsetzt dar\u00fcber, das Neuk\u00f6lln ihrer Kindheit zusehends in ein Ghetto verwandelt zu sehen, in dem sich die t\u00fcrkischen [&hellip;]\" \/>\n<meta property=\"og:url\" content=\"https:\/\/blog.zeit.de\/joerglau\/2009\/05\/09\/neukolln-mobbing-gegen-deutsche-schuler_2351\" \/>\n<meta property=\"og:site_name\" content=\"J\u00f6rg Lau\" \/>\n<meta property=\"article:published_time\" content=\"2009-05-09T15:57:29+00:00\" \/>\n<meta name=\"author\" content=\"J\u00f6rg Lau\" \/>\n<meta name=\"twitter:card\" content=\"summary_large_image\" \/>\n<meta name=\"twitter:label1\" content=\"Geschrieben von\" \/>\n\t<meta name=\"twitter:data1\" content=\"J\u00f6rg Lau\" \/>\n\t<meta name=\"twitter:label2\" content=\"Gesch\u00e4tzte Lesezeit\" \/>\n\t<meta name=\"twitter:data2\" content=\"1\u00a0Minute\" \/>\n<script type=\"application\/ld+json\" class=\"yoast-schema-graph\">{\"@context\":\"https:\/\/schema.org\",\"@graph\":[{\"@type\":\"WebPage\",\"@id\":\"https:\/\/blog.zeit.de\/joerglau\/2009\/05\/09\/neukolln-mobbing-gegen-deutsche-schuler_2351\",\"url\":\"https:\/\/blog.zeit.de\/joerglau\/2009\/05\/09\/neukolln-mobbing-gegen-deutsche-schuler_2351\",\"name\":\"Neuk\u00f6lln: Mobbing gegen deutsche Sch\u00fcler - J\u00f6rg Lau\",\"isPartOf\":{\"@id\":\"https:\/\/blog.zeit.de\/joerglau\/#website\"},\"datePublished\":\"2009-05-09T15:57:29+00:00\",\"dateModified\":\"2009-05-09T15:57:29+00:00\",\"author\":{\"@id\":\"https:\/\/blog.zeit.de\/joerglau\/#\/schema\/person\/55f0be9bfac24815791fbc852b042f57\"},\"breadcrumb\":{\"@id\":\"https:\/\/blog.zeit.de\/joerglau\/2009\/05\/09\/neukolln-mobbing-gegen-deutsche-schuler_2351#breadcrumb\"},\"inLanguage\":\"de\",\"potentialAction\":[{\"@type\":\"ReadAction\",\"target\":[\"https:\/\/blog.zeit.de\/joerglau\/2009\/05\/09\/neukolln-mobbing-gegen-deutsche-schuler_2351\"]}]},{\"@type\":\"BreadcrumbList\",\"@id\":\"https:\/\/blog.zeit.de\/joerglau\/2009\/05\/09\/neukolln-mobbing-gegen-deutsche-schuler_2351#breadcrumb\",\"itemListElement\":[{\"@type\":\"ListItem\",\"position\":1,\"name\":\"Startseite\",\"item\":\"https:\/\/blog.zeit.de\/joerglau\"},{\"@type\":\"ListItem\",\"position\":2,\"name\":\"Neuk\u00f6lln: Mobbing gegen deutsche Sch\u00fcler\"}]},{\"@type\":\"WebSite\",\"@id\":\"https:\/\/blog.zeit.de\/joerglau\/#website\",\"url\":\"https:\/\/blog.zeit.de\/joerglau\/\",\"name\":\"J\u00f6rg Lau\",\"description\":\"Ein Blog \u00fcber Religion und Politik\",\"potentialAction\":[{\"@type\":\"SearchAction\",\"target\":{\"@type\":\"EntryPoint\",\"urlTemplate\":\"https:\/\/blog.zeit.de\/joerglau\/?s={search_term_string}\"},\"query-input\":\"required name=search_term_string\"}],\"inLanguage\":\"de\"},{\"@type\":\"Person\",\"@id\":\"https:\/\/blog.zeit.de\/joerglau\/#\/schema\/person\/55f0be9bfac24815791fbc852b042f57\",\"name\":\"J\u00f6rg Lau\",\"image\":{\"@type\":\"ImageObject\",\"inLanguage\":\"de\",\"@id\":\"https:\/\/blog.zeit.de\/joerglau\/#\/schema\/person\/image\/\",\"url\":\"https:\/\/secure.gravatar.com\/avatar\/a5fe39bf4f5335b8bac36eefa0b41467221b1598bfea5f05159a0199e391eed0?s=96&d=mm&r=g\",\"contentUrl\":\"https:\/\/secure.gravatar.com\/avatar\/a5fe39bf4f5335b8bac36eefa0b41467221b1598bfea5f05159a0199e391eed0?s=96&d=mm&r=g\",\"caption\":\"J\u00f6rg Lau\"},\"url\":\"https:\/\/blog.zeit.de\/joerglau\/author\/joerg-lau\"}]}<\/script>\n<!-- \/ Yoast SEO plugin. -->","yoast_head_json":{"title":"Neuk\u00f6lln: Mobbing gegen deutsche Sch\u00fcler - J\u00f6rg Lau","robots":{"index":"index","follow":"follow","max-snippet":"max-snippet:-1","max-image-preview":"max-image-preview:large","max-video-preview":"max-video-preview:-1"},"canonical":"https:\/\/blog.zeit.de\/joerglau\/2009\/05\/09\/neukolln-mobbing-gegen-deutsche-schuler_2351","og_locale":"de_DE","og_type":"article","og_title":"Neuk\u00f6lln: Mobbing gegen deutsche Sch\u00fcler - J\u00f6rg Lau","og_description":"Ein Bericht von der couragierten Journalistiin G\u00fcner Y. Balci, selber in Neuk\u00f6lln aufgewachsen, \u00fcber die Probleme der deutschen Minderheit in Neuk\u00f6llner Schulen. (Hier online sehen.) Unm\u00f6gliche Zust\u00e4nde. Und der unf\u00e4hige Berliner Integrationsbeauftragte tut nichts.\u00a0 G\u00fcner Balci ist entsetzt dar\u00fcber, das Neuk\u00f6lln ihrer Kindheit zusehends in ein Ghetto verwandelt zu sehen, in dem sich die t\u00fcrkischen [&hellip;]","og_url":"https:\/\/blog.zeit.de\/joerglau\/2009\/05\/09\/neukolln-mobbing-gegen-deutsche-schuler_2351","og_site_name":"J\u00f6rg Lau","article_published_time":"2009-05-09T15:57:29+00:00","author":"J\u00f6rg Lau","twitter_card":"summary_large_image","twitter_misc":{"Geschrieben von":"J\u00f6rg Lau","Gesch\u00e4tzte Lesezeit":"1\u00a0Minute"},"schema":{"@context":"https:\/\/schema.org","@graph":[{"@type":"WebPage","@id":"https:\/\/blog.zeit.de\/joerglau\/2009\/05\/09\/neukolln-mobbing-gegen-deutsche-schuler_2351","url":"https:\/\/blog.zeit.de\/joerglau\/2009\/05\/09\/neukolln-mobbing-gegen-deutsche-schuler_2351","name":"Neuk\u00f6lln: Mobbing gegen deutsche Sch\u00fcler - J\u00f6rg Lau","isPartOf":{"@id":"https:\/\/blog.zeit.de\/joerglau\/#website"},"datePublished":"2009-05-09T15:57:29+00:00","dateModified":"2009-05-09T15:57:29+00:00","author":{"@id":"https:\/\/blog.zeit.de\/joerglau\/#\/schema\/person\/55f0be9bfac24815791fbc852b042f57"},"breadcrumb":{"@id":"https:\/\/blog.zeit.de\/joerglau\/2009\/05\/09\/neukolln-mobbing-gegen-deutsche-schuler_2351#breadcrumb"},"inLanguage":"de","potentialAction":[{"@type":"ReadAction","target":["https:\/\/blog.zeit.de\/joerglau\/2009\/05\/09\/neukolln-mobbing-gegen-deutsche-schuler_2351"]}]},{"@type":"BreadcrumbList","@id":"https:\/\/blog.zeit.de\/joerglau\/2009\/05\/09\/neukolln-mobbing-gegen-deutsche-schuler_2351#breadcrumb","itemListElement":[{"@type":"ListItem","position":1,"name":"Startseite","item":"https:\/\/blog.zeit.de\/joerglau"},{"@type":"ListItem","position":2,"name":"Neuk\u00f6lln: Mobbing gegen deutsche Sch\u00fcler"}]},{"@type":"WebSite","@id":"https:\/\/blog.zeit.de\/joerglau\/#website","url":"https:\/\/blog.zeit.de\/joerglau\/","name":"J\u00f6rg Lau","description":"Ein Blog \u00fcber Religion und Politik","potentialAction":[{"@type":"SearchAction","target":{"@type":"EntryPoint","urlTemplate":"https:\/\/blog.zeit.de\/joerglau\/?s={search_term_string}"},"query-input":"required name=search_term_string"}],"inLanguage":"de"},{"@type":"Person","@id":"https:\/\/blog.zeit.de\/joerglau\/#\/schema\/person\/55f0be9bfac24815791fbc852b042f57","name":"J\u00f6rg Lau","image":{"@type":"ImageObject","inLanguage":"de","@id":"https:\/\/blog.zeit.de\/joerglau\/#\/schema\/person\/image\/","url":"https:\/\/secure.gravatar.com\/avatar\/a5fe39bf4f5335b8bac36eefa0b41467221b1598bfea5f05159a0199e391eed0?s=96&d=mm&r=g","contentUrl":"https:\/\/secure.gravatar.com\/avatar\/a5fe39bf4f5335b8bac36eefa0b41467221b1598bfea5f05159a0199e391eed0?s=96&d=mm&r=g","caption":"J\u00f6rg Lau"},"url":"https:\/\/blog.zeit.de\/joerglau\/author\/joerg-lau"}]}},"jetpack_featured_media_url":"","jetpack_sharing_enabled":true,"jetpack_shortlink":"https:\/\/wp.me\/pG02W-BV","_links":{"self":[{"href":"https:\/\/blog.zeit.de\/joerglau\/wp-json\/wp\/v2\/posts\/2351","targetHints":{"allow":["GET"]}}],"collection":[{"href":"https:\/\/blog.zeit.de\/joerglau\/wp-json\/wp\/v2\/posts"}],"about":[{"href":"https:\/\/blog.zeit.de\/joerglau\/wp-json\/wp\/v2\/types\/post"}],"author":[{"embeddable":true,"href":"https:\/\/blog.zeit.de\/joerglau\/wp-json\/wp\/v2\/users\/54"}],"replies":[{"embeddable":true,"href":"https:\/\/blog.zeit.de\/joerglau\/wp-json\/wp\/v2\/comments?post=2351"}],"version-history":[{"count":0,"href":"https:\/\/blog.zeit.de\/joerglau\/wp-json\/wp\/v2\/posts\/2351\/revisions"}],"wp:attachment":[{"href":"https:\/\/blog.zeit.de\/joerglau\/wp-json\/wp\/v2\/media?parent=2351"}],"wp:term":[{"taxonomy":"category","embeddable":true,"href":"https:\/\/blog.zeit.de\/joerglau\/wp-json\/wp\/v2\/categories?post=2351"},{"taxonomy":"post_tag","embeddable":true,"href":"https:\/\/blog.zeit.de\/joerglau\/wp-json\/wp\/v2\/tags?post=2351"}],"curies":[{"name":"wp","href":"https:\/\/api.w.org\/{rel}","templated":true}]}}