{"id":249,"date":"2007-02-12T13:52:14","date_gmt":"2007-02-12T11:52:14","guid":{"rendered":"http:\/\/blog.zeit.de\/joerglau\/2007\/02\/12\/arbeiten-am-tempelberg-eingestellt_249"},"modified":"2007-02-12T13:52:14","modified_gmt":"2007-02-12T11:52:14","slug":"arbeiten-am-tempelberg-eingestellt","status":"publish","type":"post","link":"https:\/\/blog.zeit.de\/joerglau\/2007\/02\/12\/arbeiten-am-tempelberg-eingestellt_249","title":{"rendered":"Arbeiten am Tempelberg eingestellt"},"content":{"rendered":"<p>Der Jerusalemer B\u00fcrgermeister Uri Lupolianski hat nach den gewaltt\u00e4tigen Protesten der letzten Tage angeordnet, die Bauarbeiten am Tempelberg vorerst einzustellen. (<a href=\"https:\/\/blog.zeit.de\/joerglau\/2007\/02\/07\/eine-tolle-idee-zur-belebung-des-friedensprozesses-grabungen-am-tempelberg-in-jerusalem_206\">Siehe meinen Post hier.<\/a>) <br \/>\n<img decoding=\"async\" id=\"image248\" src=\"https:\/\/blog.zeit.de\/joerglau\/files\/2007\/02\/Uri-Lupolianski.JPG\" alt=\"Uri-Lupolianski.JPG\" \/><br \/>\n<em>U. Lupolianski<\/em><br \/>\nJetzt soll in Gespr\u00e4chen mit allen Beteiligten klargestellt werden, dass Israel keine Absichten hegt, das islamische Heiligtum in irgendeiner Weise zu besch\u00e4digen oder umzuwidmen:<\/p>\n<blockquote>\n<p>He ( Lupolianksi) told associates Sunday that &#8222;the plan to construct the walkway engendered a wave of rumor and speculation about Israeli intentions regarding the [Al-Aqsa] mosque.&#8220;<\/p>\n<p>&#8222;We therefore decided to be totally transparent with all residents about the walkway construction plan, so they will know clearly where it is to be built and to allow members of the public to express their positions to the zoning board,&#8220; Lupolianski continued.\n<\/p>\n<\/blockquote>\n<p>Lupolianski setzte sich damit gegen schweren politischen Druck durch, nicht &#8222;gegen\u00fcber den Arabern einzuknicken&#8220;. Vor allem radikale Siedler greifen ihn derart an. Sie wollen den Tempelberg als j\u00fcdische heilige St\u00e4tte restitutieren. (Das ist einmal keine arabische Verschw\u00f6rungstheorie.) Um so wichtiger, dass ihnen ein mutiger Mann wie der Jerusalemer B\u00fcrgermeister entgegentritt, damit der Tempelberg nicht zum &#8222;Tschernobyl des Nahen Ostens&#8220; (Haaretz). Nun wird er bereits als Nachfolger f\u00fcr Ehud Olmert als Premierminister gehandelt. <\/p>\n","protected":false},"excerpt":{"rendered":"<p>Der Jerusalemer B\u00fcrgermeister Uri Lupolianski hat nach den gewaltt\u00e4tigen Protesten der letzten Tage angeordnet, die Bauarbeiten am Tempelberg vorerst einzustellen. (Siehe meinen Post hier.) U. Lupolianski Jetzt soll in Gespr\u00e4chen mit allen Beteiligten klargestellt werden, dass Israel keine Absichten hegt, das islamische Heiligtum in irgendeiner Weise zu besch\u00e4digen oder umzuwidmen: He ( Lupolianksi) told associates [&hellip;]<\/p>\n","protected":false},"author":54,"featured_media":0,"comment_status":"open","ping_status":"closed","sticky":false,"template":"","format":"standard","meta":{"jetpack_post_was_ever_published":false,"footnotes":""},"categories":[157,175],"tags":[],"class_list":["post-249","post","type-post","status-publish","format-standard","hentry","category-die-freunde-und-die-feinde-des-islams","category-religionen-und-rituale"],"yoast_head":"<!-- This site is optimized with the Yoast SEO plugin v21.0 - https:\/\/yoast.com\/wordpress\/plugins\/seo\/ -->\n<title>Arbeiten am Tempelberg eingestellt - J\u00f6rg Lau<\/title>\n<meta name=\"robots\" content=\"index, follow, max-snippet:-1, max-image-preview:large, max-video-preview:-1\" \/>\n<link rel=\"canonical\" href=\"https:\/\/blog.zeit.de\/joerglau\/2007\/02\/12\/arbeiten-am-tempelberg-eingestellt_249\" \/>\n<meta property=\"og:locale\" content=\"de_DE\" \/>\n<meta property=\"og:type\" content=\"article\" \/>\n<meta property=\"og:title\" content=\"Arbeiten am Tempelberg eingestellt - J\u00f6rg Lau\" \/>\n<meta property=\"og:description\" content=\"Der Jerusalemer B\u00fcrgermeister Uri Lupolianski hat nach den gewaltt\u00e4tigen Protesten der letzten Tage angeordnet, die Bauarbeiten am Tempelberg vorerst einzustellen. (Siehe meinen Post hier.) U. Lupolianski Jetzt soll in Gespr\u00e4chen mit allen Beteiligten klargestellt werden, dass Israel keine Absichten hegt, das islamische Heiligtum in irgendeiner Weise zu besch\u00e4digen oder umzuwidmen: He ( Lupolianksi) told associates [&hellip;]\" \/>\n<meta property=\"og:url\" content=\"https:\/\/blog.zeit.de\/joerglau\/2007\/02\/12\/arbeiten-am-tempelberg-eingestellt_249\" \/>\n<meta property=\"og:site_name\" content=\"J\u00f6rg Lau\" \/>\n<meta property=\"article:published_time\" content=\"2007-02-12T11:52:14+00:00\" \/>\n<meta property=\"og:image\" content=\"https:\/\/blog.zeit.de\/joerglau\/files\/2007\/02\/Uri-Lupolianski.JPG\" \/>\n<meta name=\"author\" content=\"J\u00f6rg Lau\" \/>\n<meta name=\"twitter:card\" content=\"summary_large_image\" \/>\n<meta name=\"twitter:label1\" content=\"Geschrieben von\" \/>\n\t<meta name=\"twitter:data1\" content=\"J\u00f6rg Lau\" \/>\n\t<meta name=\"twitter:label2\" content=\"Gesch\u00e4tzte Lesezeit\" \/>\n\t<meta name=\"twitter:data2\" content=\"1\u00a0Minute\" \/>\n<script type=\"application\/ld+json\" class=\"yoast-schema-graph\">{\"@context\":\"https:\/\/schema.org\",\"@graph\":[{\"@type\":\"WebPage\",\"@id\":\"https:\/\/blog.zeit.de\/joerglau\/2007\/02\/12\/arbeiten-am-tempelberg-eingestellt_249\",\"url\":\"https:\/\/blog.zeit.de\/joerglau\/2007\/02\/12\/arbeiten-am-tempelberg-eingestellt_249\",\"name\":\"Arbeiten am Tempelberg eingestellt - J\u00f6rg Lau\",\"isPartOf\":{\"@id\":\"https:\/\/blog.zeit.de\/joerglau\/#website\"},\"datePublished\":\"2007-02-12T11:52:14+00:00\",\"dateModified\":\"2007-02-12T11:52:14+00:00\",\"author\":{\"@id\":\"https:\/\/blog.zeit.de\/joerglau\/#\/schema\/person\/55f0be9bfac24815791fbc852b042f57\"},\"breadcrumb\":{\"@id\":\"https:\/\/blog.zeit.de\/joerglau\/2007\/02\/12\/arbeiten-am-tempelberg-eingestellt_249#breadcrumb\"},\"inLanguage\":\"de\",\"potentialAction\":[{\"@type\":\"ReadAction\",\"target\":[\"https:\/\/blog.zeit.de\/joerglau\/2007\/02\/12\/arbeiten-am-tempelberg-eingestellt_249\"]}]},{\"@type\":\"BreadcrumbList\",\"@id\":\"https:\/\/blog.zeit.de\/joerglau\/2007\/02\/12\/arbeiten-am-tempelberg-eingestellt_249#breadcrumb\",\"itemListElement\":[{\"@type\":\"ListItem\",\"position\":1,\"name\":\"Startseite\",\"item\":\"https:\/\/blog.zeit.de\/joerglau\"},{\"@type\":\"ListItem\",\"position\":2,\"name\":\"Arbeiten am Tempelberg eingestellt\"}]},{\"@type\":\"WebSite\",\"@id\":\"https:\/\/blog.zeit.de\/joerglau\/#website\",\"url\":\"https:\/\/blog.zeit.de\/joerglau\/\",\"name\":\"J\u00f6rg Lau\",\"description\":\"Ein Blog \u00fcber Religion und Politik\",\"potentialAction\":[{\"@type\":\"SearchAction\",\"target\":{\"@type\":\"EntryPoint\",\"urlTemplate\":\"https:\/\/blog.zeit.de\/joerglau\/?s={search_term_string}\"},\"query-input\":\"required name=search_term_string\"}],\"inLanguage\":\"de\"},{\"@type\":\"Person\",\"@id\":\"https:\/\/blog.zeit.de\/joerglau\/#\/schema\/person\/55f0be9bfac24815791fbc852b042f57\",\"name\":\"J\u00f6rg Lau\",\"image\":{\"@type\":\"ImageObject\",\"inLanguage\":\"de\",\"@id\":\"https:\/\/blog.zeit.de\/joerglau\/#\/schema\/person\/image\/\",\"url\":\"https:\/\/secure.gravatar.com\/avatar\/a5fe39bf4f5335b8bac36eefa0b41467221b1598bfea5f05159a0199e391eed0?s=96&d=mm&r=g\",\"contentUrl\":\"https:\/\/secure.gravatar.com\/avatar\/a5fe39bf4f5335b8bac36eefa0b41467221b1598bfea5f05159a0199e391eed0?s=96&d=mm&r=g\",\"caption\":\"J\u00f6rg Lau\"},\"url\":\"https:\/\/blog.zeit.de\/joerglau\/author\/joerg-lau\"}]}<\/script>\n<!-- \/ Yoast SEO plugin. -->","yoast_head_json":{"title":"Arbeiten am Tempelberg eingestellt - J\u00f6rg Lau","robots":{"index":"index","follow":"follow","max-snippet":"max-snippet:-1","max-image-preview":"max-image-preview:large","max-video-preview":"max-video-preview:-1"},"canonical":"https:\/\/blog.zeit.de\/joerglau\/2007\/02\/12\/arbeiten-am-tempelberg-eingestellt_249","og_locale":"de_DE","og_type":"article","og_title":"Arbeiten am Tempelberg eingestellt - J\u00f6rg Lau","og_description":"Der Jerusalemer B\u00fcrgermeister Uri Lupolianski hat nach den gewaltt\u00e4tigen Protesten der letzten Tage angeordnet, die Bauarbeiten am Tempelberg vorerst einzustellen. (Siehe meinen Post hier.) U. Lupolianski Jetzt soll in Gespr\u00e4chen mit allen Beteiligten klargestellt werden, dass Israel keine Absichten hegt, das islamische Heiligtum in irgendeiner Weise zu besch\u00e4digen oder umzuwidmen: He ( Lupolianksi) told associates [&hellip;]","og_url":"https:\/\/blog.zeit.de\/joerglau\/2007\/02\/12\/arbeiten-am-tempelberg-eingestellt_249","og_site_name":"J\u00f6rg Lau","article_published_time":"2007-02-12T11:52:14+00:00","og_image":[{"url":"https:\/\/blog.zeit.de\/joerglau\/files\/2007\/02\/Uri-Lupolianski.JPG"}],"author":"J\u00f6rg Lau","twitter_card":"summary_large_image","twitter_misc":{"Geschrieben von":"J\u00f6rg Lau","Gesch\u00e4tzte Lesezeit":"1\u00a0Minute"},"schema":{"@context":"https:\/\/schema.org","@graph":[{"@type":"WebPage","@id":"https:\/\/blog.zeit.de\/joerglau\/2007\/02\/12\/arbeiten-am-tempelberg-eingestellt_249","url":"https:\/\/blog.zeit.de\/joerglau\/2007\/02\/12\/arbeiten-am-tempelberg-eingestellt_249","name":"Arbeiten am Tempelberg eingestellt - J\u00f6rg Lau","isPartOf":{"@id":"https:\/\/blog.zeit.de\/joerglau\/#website"},"datePublished":"2007-02-12T11:52:14+00:00","dateModified":"2007-02-12T11:52:14+00:00","author":{"@id":"https:\/\/blog.zeit.de\/joerglau\/#\/schema\/person\/55f0be9bfac24815791fbc852b042f57"},"breadcrumb":{"@id":"https:\/\/blog.zeit.de\/joerglau\/2007\/02\/12\/arbeiten-am-tempelberg-eingestellt_249#breadcrumb"},"inLanguage":"de","potentialAction":[{"@type":"ReadAction","target":["https:\/\/blog.zeit.de\/joerglau\/2007\/02\/12\/arbeiten-am-tempelberg-eingestellt_249"]}]},{"@type":"BreadcrumbList","@id":"https:\/\/blog.zeit.de\/joerglau\/2007\/02\/12\/arbeiten-am-tempelberg-eingestellt_249#breadcrumb","itemListElement":[{"@type":"ListItem","position":1,"name":"Startseite","item":"https:\/\/blog.zeit.de\/joerglau"},{"@type":"ListItem","position":2,"name":"Arbeiten am Tempelberg eingestellt"}]},{"@type":"WebSite","@id":"https:\/\/blog.zeit.de\/joerglau\/#website","url":"https:\/\/blog.zeit.de\/joerglau\/","name":"J\u00f6rg Lau","description":"Ein Blog \u00fcber Religion und Politik","potentialAction":[{"@type":"SearchAction","target":{"@type":"EntryPoint","urlTemplate":"https:\/\/blog.zeit.de\/joerglau\/?s={search_term_string}"},"query-input":"required name=search_term_string"}],"inLanguage":"de"},{"@type":"Person","@id":"https:\/\/blog.zeit.de\/joerglau\/#\/schema\/person\/55f0be9bfac24815791fbc852b042f57","name":"J\u00f6rg Lau","image":{"@type":"ImageObject","inLanguage":"de","@id":"https:\/\/blog.zeit.de\/joerglau\/#\/schema\/person\/image\/","url":"https:\/\/secure.gravatar.com\/avatar\/a5fe39bf4f5335b8bac36eefa0b41467221b1598bfea5f05159a0199e391eed0?s=96&d=mm&r=g","contentUrl":"https:\/\/secure.gravatar.com\/avatar\/a5fe39bf4f5335b8bac36eefa0b41467221b1598bfea5f05159a0199e391eed0?s=96&d=mm&r=g","caption":"J\u00f6rg Lau"},"url":"https:\/\/blog.zeit.de\/joerglau\/author\/joerg-lau"}]}},"jetpack_featured_media_url":"","jetpack_sharing_enabled":true,"jetpack_shortlink":"https:\/\/wp.me\/pG02W-41","_links":{"self":[{"href":"https:\/\/blog.zeit.de\/joerglau\/wp-json\/wp\/v2\/posts\/249","targetHints":{"allow":["GET"]}}],"collection":[{"href":"https:\/\/blog.zeit.de\/joerglau\/wp-json\/wp\/v2\/posts"}],"about":[{"href":"https:\/\/blog.zeit.de\/joerglau\/wp-json\/wp\/v2\/types\/post"}],"author":[{"embeddable":true,"href":"https:\/\/blog.zeit.de\/joerglau\/wp-json\/wp\/v2\/users\/54"}],"replies":[{"embeddable":true,"href":"https:\/\/blog.zeit.de\/joerglau\/wp-json\/wp\/v2\/comments?post=249"}],"version-history":[{"count":0,"href":"https:\/\/blog.zeit.de\/joerglau\/wp-json\/wp\/v2\/posts\/249\/revisions"}],"wp:attachment":[{"href":"https:\/\/blog.zeit.de\/joerglau\/wp-json\/wp\/v2\/media?parent=249"}],"wp:term":[{"taxonomy":"category","embeddable":true,"href":"https:\/\/blog.zeit.de\/joerglau\/wp-json\/wp\/v2\/categories?post=249"},{"taxonomy":"post_tag","embeddable":true,"href":"https:\/\/blog.zeit.de\/joerglau\/wp-json\/wp\/v2\/tags?post=249"}],"curies":[{"name":"wp","href":"https:\/\/api.w.org\/{rel}","templated":true}]}}