{"id":2502,"date":"2009-06-03T17:43:21","date_gmt":"2009-06-03T15:43:21","guid":{"rendered":"http:\/\/blog.zeit.de\/joerglau\/?p=2502"},"modified":"2009-06-03T17:43:21","modified_gmt":"2009-06-03T15:43:21","slug":"der-wendepunkt-im-arabischen-denken","status":"publish","type":"post","link":"https:\/\/blog.zeit.de\/joerglau\/2009\/06\/03\/der-wendepunkt-im-arabischen-denken_2502","title":{"rendered":"Der Wendepunkt im arabischen Denken"},"content":{"rendered":"<p>Abdul Rahman Al Rashed schreibt in der saudisch finanzierten Tageszeitung <a href=\"http:\/\/www.asharq-e.com\/news.asp?section=2&amp;id=16944\">Asharq Alawsat<\/a> \u00fcber Obamas Chance:<\/p>\n<p><em>Usually, pleasing the Arabs is an unachievable aim, because they blame Washington nearly for everything, whether it interferes or stays away. Washington is blamed for the dictatorships if it deals with them, and if it topples them, it will be accused of wanting to impose its political culture. It is blamed for all the contradictions: poverty, ignorance, occupation, terrorism, oppression, the support for the extremists, the hunt down of the Islamists, and even for the divorce of wives. Practically, Washington is the devil who is blamed for everything evil.<\/em><\/p>\n<p><em>&#8230;<\/em><\/p>\n<p><em>Obama should not get fed up with the huge amount he will hear in the region of urging him to settle the Arab-Israeli conflict, because this is praise for him. It is a new phenomenon that the Arabs, however different their political stances might be, consider that he is the trusted man who is capable of resolving the issue. This is a huge turning in the Arab thinking, which has been rejecting in principle the US mediator, and in the past had insisted on European and Russian participation as it believed that any US president would be biased in favor of Israel from the start. <\/em><\/p>\n","protected":false},"excerpt":{"rendered":"<p>Abdul Rahman Al Rashed schreibt in der saudisch finanzierten Tageszeitung Asharq Alawsat \u00fcber Obamas Chance: Usually, pleasing the Arabs is an unachievable aim, because they blame Washington nearly for everything, whether it interferes or stays away. Washington is blamed for the dictatorships if it deals with them, and if it topples them, it will be [&hellip;]<\/p>\n","protected":false},"author":54,"featured_media":0,"comment_status":"open","ping_status":"closed","sticky":false,"template":"","format":"standard","meta":{"jetpack_post_was_ever_published":false,"footnotes":""},"categories":[152,157,168,173,125],"tags":[],"class_list":["post-2502","post","type-post","status-publish","format-standard","hentry","category-aussenpolitik","category-die-freunde-und-die-feinde-des-islams","category-israel","category-palastina","category-usa"],"yoast_head":"<!-- This site is optimized with the Yoast SEO plugin v21.0 - https:\/\/yoast.com\/wordpress\/plugins\/seo\/ -->\n<title>Der Wendepunkt im arabischen Denken - J\u00f6rg Lau<\/title>\n<meta name=\"robots\" content=\"index, follow, max-snippet:-1, max-image-preview:large, max-video-preview:-1\" \/>\n<link rel=\"canonical\" href=\"https:\/\/blog.zeit.de\/joerglau\/2009\/06\/03\/der-wendepunkt-im-arabischen-denken_2502\" \/>\n<meta property=\"og:locale\" content=\"de_DE\" \/>\n<meta property=\"og:type\" content=\"article\" \/>\n<meta property=\"og:title\" content=\"Der Wendepunkt im arabischen Denken - J\u00f6rg Lau\" \/>\n<meta property=\"og:description\" content=\"Abdul Rahman Al Rashed schreibt in der saudisch finanzierten Tageszeitung Asharq Alawsat \u00fcber Obamas Chance: Usually, pleasing the Arabs is an unachievable aim, because they blame Washington nearly for everything, whether it interferes or stays away. Washington is blamed for the dictatorships if it deals with them, and if it topples them, it will be [&hellip;]\" \/>\n<meta property=\"og:url\" content=\"https:\/\/blog.zeit.de\/joerglau\/2009\/06\/03\/der-wendepunkt-im-arabischen-denken_2502\" \/>\n<meta property=\"og:site_name\" content=\"J\u00f6rg Lau\" \/>\n<meta property=\"article:published_time\" content=\"2009-06-03T15:43:21+00:00\" \/>\n<meta name=\"author\" content=\"J\u00f6rg Lau\" \/>\n<meta name=\"twitter:card\" content=\"summary_large_image\" \/>\n<meta name=\"twitter:label1\" content=\"Geschrieben von\" \/>\n\t<meta name=\"twitter:data1\" content=\"J\u00f6rg Lau\" \/>\n\t<meta name=\"twitter:label2\" content=\"Gesch\u00e4tzte Lesezeit\" \/>\n\t<meta name=\"twitter:data2\" content=\"1\u00a0Minute\" \/>\n<script type=\"application\/ld+json\" class=\"yoast-schema-graph\">{\"@context\":\"https:\/\/schema.org\",\"@graph\":[{\"@type\":\"WebPage\",\"@id\":\"https:\/\/blog.zeit.de\/joerglau\/2009\/06\/03\/der-wendepunkt-im-arabischen-denken_2502\",\"url\":\"https:\/\/blog.zeit.de\/joerglau\/2009\/06\/03\/der-wendepunkt-im-arabischen-denken_2502\",\"name\":\"Der Wendepunkt im arabischen Denken - J\u00f6rg Lau\",\"isPartOf\":{\"@id\":\"https:\/\/blog.zeit.de\/joerglau\/#website\"},\"datePublished\":\"2009-06-03T15:43:21+00:00\",\"dateModified\":\"2009-06-03T15:43:21+00:00\",\"author\":{\"@id\":\"https:\/\/blog.zeit.de\/joerglau\/#\/schema\/person\/55f0be9bfac24815791fbc852b042f57\"},\"breadcrumb\":{\"@id\":\"https:\/\/blog.zeit.de\/joerglau\/2009\/06\/03\/der-wendepunkt-im-arabischen-denken_2502#breadcrumb\"},\"inLanguage\":\"de\",\"potentialAction\":[{\"@type\":\"ReadAction\",\"target\":[\"https:\/\/blog.zeit.de\/joerglau\/2009\/06\/03\/der-wendepunkt-im-arabischen-denken_2502\"]}]},{\"@type\":\"BreadcrumbList\",\"@id\":\"https:\/\/blog.zeit.de\/joerglau\/2009\/06\/03\/der-wendepunkt-im-arabischen-denken_2502#breadcrumb\",\"itemListElement\":[{\"@type\":\"ListItem\",\"position\":1,\"name\":\"Startseite\",\"item\":\"https:\/\/blog.zeit.de\/joerglau\"},{\"@type\":\"ListItem\",\"position\":2,\"name\":\"Der Wendepunkt im arabischen Denken\"}]},{\"@type\":\"WebSite\",\"@id\":\"https:\/\/blog.zeit.de\/joerglau\/#website\",\"url\":\"https:\/\/blog.zeit.de\/joerglau\/\",\"name\":\"J\u00f6rg Lau\",\"description\":\"Ein Blog \u00fcber Religion und Politik\",\"potentialAction\":[{\"@type\":\"SearchAction\",\"target\":{\"@type\":\"EntryPoint\",\"urlTemplate\":\"https:\/\/blog.zeit.de\/joerglau\/?s={search_term_string}\"},\"query-input\":\"required name=search_term_string\"}],\"inLanguage\":\"de\"},{\"@type\":\"Person\",\"@id\":\"https:\/\/blog.zeit.de\/joerglau\/#\/schema\/person\/55f0be9bfac24815791fbc852b042f57\",\"name\":\"J\u00f6rg Lau\",\"image\":{\"@type\":\"ImageObject\",\"inLanguage\":\"de\",\"@id\":\"https:\/\/blog.zeit.de\/joerglau\/#\/schema\/person\/image\/\",\"url\":\"https:\/\/secure.gravatar.com\/avatar\/a5fe39bf4f5335b8bac36eefa0b41467221b1598bfea5f05159a0199e391eed0?s=96&d=mm&r=g\",\"contentUrl\":\"https:\/\/secure.gravatar.com\/avatar\/a5fe39bf4f5335b8bac36eefa0b41467221b1598bfea5f05159a0199e391eed0?s=96&d=mm&r=g\",\"caption\":\"J\u00f6rg Lau\"},\"url\":\"https:\/\/blog.zeit.de\/joerglau\/author\/joerg-lau\"}]}<\/script>\n<!-- \/ Yoast SEO plugin. -->","yoast_head_json":{"title":"Der Wendepunkt im arabischen Denken - J\u00f6rg Lau","robots":{"index":"index","follow":"follow","max-snippet":"max-snippet:-1","max-image-preview":"max-image-preview:large","max-video-preview":"max-video-preview:-1"},"canonical":"https:\/\/blog.zeit.de\/joerglau\/2009\/06\/03\/der-wendepunkt-im-arabischen-denken_2502","og_locale":"de_DE","og_type":"article","og_title":"Der Wendepunkt im arabischen Denken - J\u00f6rg Lau","og_description":"Abdul Rahman Al Rashed schreibt in der saudisch finanzierten Tageszeitung Asharq Alawsat \u00fcber Obamas Chance: Usually, pleasing the Arabs is an unachievable aim, because they blame Washington nearly for everything, whether it interferes or stays away. Washington is blamed for the dictatorships if it deals with them, and if it topples them, it will be [&hellip;]","og_url":"https:\/\/blog.zeit.de\/joerglau\/2009\/06\/03\/der-wendepunkt-im-arabischen-denken_2502","og_site_name":"J\u00f6rg Lau","article_published_time":"2009-06-03T15:43:21+00:00","author":"J\u00f6rg Lau","twitter_card":"summary_large_image","twitter_misc":{"Geschrieben von":"J\u00f6rg Lau","Gesch\u00e4tzte Lesezeit":"1\u00a0Minute"},"schema":{"@context":"https:\/\/schema.org","@graph":[{"@type":"WebPage","@id":"https:\/\/blog.zeit.de\/joerglau\/2009\/06\/03\/der-wendepunkt-im-arabischen-denken_2502","url":"https:\/\/blog.zeit.de\/joerglau\/2009\/06\/03\/der-wendepunkt-im-arabischen-denken_2502","name":"Der Wendepunkt im arabischen Denken - J\u00f6rg Lau","isPartOf":{"@id":"https:\/\/blog.zeit.de\/joerglau\/#website"},"datePublished":"2009-06-03T15:43:21+00:00","dateModified":"2009-06-03T15:43:21+00:00","author":{"@id":"https:\/\/blog.zeit.de\/joerglau\/#\/schema\/person\/55f0be9bfac24815791fbc852b042f57"},"breadcrumb":{"@id":"https:\/\/blog.zeit.de\/joerglau\/2009\/06\/03\/der-wendepunkt-im-arabischen-denken_2502#breadcrumb"},"inLanguage":"de","potentialAction":[{"@type":"ReadAction","target":["https:\/\/blog.zeit.de\/joerglau\/2009\/06\/03\/der-wendepunkt-im-arabischen-denken_2502"]}]},{"@type":"BreadcrumbList","@id":"https:\/\/blog.zeit.de\/joerglau\/2009\/06\/03\/der-wendepunkt-im-arabischen-denken_2502#breadcrumb","itemListElement":[{"@type":"ListItem","position":1,"name":"Startseite","item":"https:\/\/blog.zeit.de\/joerglau"},{"@type":"ListItem","position":2,"name":"Der Wendepunkt im arabischen Denken"}]},{"@type":"WebSite","@id":"https:\/\/blog.zeit.de\/joerglau\/#website","url":"https:\/\/blog.zeit.de\/joerglau\/","name":"J\u00f6rg Lau","description":"Ein Blog \u00fcber Religion und Politik","potentialAction":[{"@type":"SearchAction","target":{"@type":"EntryPoint","urlTemplate":"https:\/\/blog.zeit.de\/joerglau\/?s={search_term_string}"},"query-input":"required name=search_term_string"}],"inLanguage":"de"},{"@type":"Person","@id":"https:\/\/blog.zeit.de\/joerglau\/#\/schema\/person\/55f0be9bfac24815791fbc852b042f57","name":"J\u00f6rg Lau","image":{"@type":"ImageObject","inLanguage":"de","@id":"https:\/\/blog.zeit.de\/joerglau\/#\/schema\/person\/image\/","url":"https:\/\/secure.gravatar.com\/avatar\/a5fe39bf4f5335b8bac36eefa0b41467221b1598bfea5f05159a0199e391eed0?s=96&d=mm&r=g","contentUrl":"https:\/\/secure.gravatar.com\/avatar\/a5fe39bf4f5335b8bac36eefa0b41467221b1598bfea5f05159a0199e391eed0?s=96&d=mm&r=g","caption":"J\u00f6rg Lau"},"url":"https:\/\/blog.zeit.de\/joerglau\/author\/joerg-lau"}]}},"jetpack_featured_media_url":"","jetpack_sharing_enabled":true,"jetpack_shortlink":"https:\/\/wp.me\/pG02W-Em","_links":{"self":[{"href":"https:\/\/blog.zeit.de\/joerglau\/wp-json\/wp\/v2\/posts\/2502","targetHints":{"allow":["GET"]}}],"collection":[{"href":"https:\/\/blog.zeit.de\/joerglau\/wp-json\/wp\/v2\/posts"}],"about":[{"href":"https:\/\/blog.zeit.de\/joerglau\/wp-json\/wp\/v2\/types\/post"}],"author":[{"embeddable":true,"href":"https:\/\/blog.zeit.de\/joerglau\/wp-json\/wp\/v2\/users\/54"}],"replies":[{"embeddable":true,"href":"https:\/\/blog.zeit.de\/joerglau\/wp-json\/wp\/v2\/comments?post=2502"}],"version-history":[{"count":0,"href":"https:\/\/blog.zeit.de\/joerglau\/wp-json\/wp\/v2\/posts\/2502\/revisions"}],"wp:attachment":[{"href":"https:\/\/blog.zeit.de\/joerglau\/wp-json\/wp\/v2\/media?parent=2502"}],"wp:term":[{"taxonomy":"category","embeddable":true,"href":"https:\/\/blog.zeit.de\/joerglau\/wp-json\/wp\/v2\/categories?post=2502"},{"taxonomy":"post_tag","embeddable":true,"href":"https:\/\/blog.zeit.de\/joerglau\/wp-json\/wp\/v2\/tags?post=2502"}],"curies":[{"name":"wp","href":"https:\/\/api.w.org\/{rel}","templated":true}]}}