{"id":2551,"date":"2009-06-11T23:13:16","date_gmt":"2009-06-11T21:13:16","guid":{"rendered":"http:\/\/blog.zeit.de\/joerglau\/?p=2551"},"modified":"2009-06-11T23:13:16","modified_gmt":"2009-06-11T21:13:16","slug":"etwas-passiert-im-iran","status":"publish","type":"post","link":"https:\/\/blog.zeit.de\/joerglau\/2009\/06\/11\/etwas-passiert-im-iran_2551","title":{"rendered":"Etwas passiert im Iran"},"content":{"rendered":"<p>Im Rahmen unserer Atomdebatte mit Iran tut man gut daran sich zu erinnern, dass Iran einer Demokratie \u00e4hnlicher sieht als alle L\u00e4nder der Region ausser Israel. Hier einige Bilder von n\u00e4chtlichen Kundgebungen f\u00fcr den Kandidaten Mussawi. Wo sonst &#8211; ausser in Israel, wie gesagt &#8211; kann man im Nahen Osten derartige Kundgebungen von Freiheitsgeist erleben? Nat\u00fcrlich ist die Wahl im Iran keine demokratische Wahl, weil die Zulassung der Kandidaten vom Regime kontrolliert wird. Aber die D\u00e4monisierung des Iran als &#8222;apokalyptischer, messianischer Kult&#8220; geht schlicht an der Realit\u00e4t vorbei:<\/p>\n<p><object width=\"425\" height=\"344\"><param name=\"movie\" value=\"http:\/\/www.youtube.com\/v\/YtycHmvSiM8&#038;color1=0xb1b1b1&#038;color2=0xcfcfcf&#038;hl=en&#038;feature=player_embedded&#038;fs=1\"><\/param><param name=\"allowFullScreen\" value=\"true\"><\/param><param name=\"allowScriptAccess\" value=\"always\"><\/param><\/object><\/p>\n","protected":false},"excerpt":{"rendered":"<p>Im Rahmen unserer Atomdebatte mit Iran tut man gut daran sich zu erinnern, dass Iran einer Demokratie \u00e4hnlicher sieht als alle L\u00e4nder der Region ausser Israel. Hier einige Bilder von n\u00e4chtlichen Kundgebungen f\u00fcr den Kandidaten Mussawi. Wo sonst &#8211; ausser in Israel, wie gesagt &#8211; kann man im Nahen Osten derartige Kundgebungen von Freiheitsgeist erleben? [&hellip;]<\/p>\n","protected":false},"author":54,"featured_media":0,"comment_status":"open","ping_status":"closed","sticky":false,"template":"","format":"standard","meta":{"jetpack_post_was_ever_published":false,"footnotes":""},"categories":[166],"tags":[],"class_list":["post-2551","post","type-post","status-publish","format-standard","hentry","category-iran"],"yoast_head":"<!-- This site is optimized with the Yoast SEO plugin v21.0 - https:\/\/yoast.com\/wordpress\/plugins\/seo\/ -->\n<title>Etwas passiert im Iran - J\u00f6rg Lau<\/title>\n<meta name=\"robots\" content=\"index, follow, max-snippet:-1, max-image-preview:large, max-video-preview:-1\" \/>\n<link rel=\"canonical\" href=\"https:\/\/blog.zeit.de\/joerglau\/2009\/06\/11\/etwas-passiert-im-iran_2551\" \/>\n<meta property=\"og:locale\" content=\"de_DE\" \/>\n<meta property=\"og:type\" content=\"article\" \/>\n<meta property=\"og:title\" content=\"Etwas passiert im Iran - J\u00f6rg Lau\" \/>\n<meta property=\"og:description\" content=\"Im Rahmen unserer Atomdebatte mit Iran tut man gut daran sich zu erinnern, dass Iran einer Demokratie \u00e4hnlicher sieht als alle L\u00e4nder der Region ausser Israel. Hier einige Bilder von n\u00e4chtlichen Kundgebungen f\u00fcr den Kandidaten Mussawi. Wo sonst &#8211; ausser in Israel, wie gesagt &#8211; kann man im Nahen Osten derartige Kundgebungen von Freiheitsgeist erleben? [&hellip;]\" \/>\n<meta property=\"og:url\" content=\"https:\/\/blog.zeit.de\/joerglau\/2009\/06\/11\/etwas-passiert-im-iran_2551\" \/>\n<meta property=\"og:site_name\" content=\"J\u00f6rg Lau\" \/>\n<meta property=\"article:published_time\" content=\"2009-06-11T21:13:16+00:00\" \/>\n<meta name=\"author\" content=\"J\u00f6rg Lau\" \/>\n<meta name=\"twitter:card\" content=\"summary_large_image\" \/>\n<meta name=\"twitter:label1\" content=\"Geschrieben von\" \/>\n\t<meta name=\"twitter:data1\" content=\"J\u00f6rg Lau\" \/>\n<script type=\"application\/ld+json\" class=\"yoast-schema-graph\">{\"@context\":\"https:\/\/schema.org\",\"@graph\":[{\"@type\":\"WebPage\",\"@id\":\"https:\/\/blog.zeit.de\/joerglau\/2009\/06\/11\/etwas-passiert-im-iran_2551\",\"url\":\"https:\/\/blog.zeit.de\/joerglau\/2009\/06\/11\/etwas-passiert-im-iran_2551\",\"name\":\"Etwas passiert im Iran - J\u00f6rg Lau\",\"isPartOf\":{\"@id\":\"https:\/\/blog.zeit.de\/joerglau\/#website\"},\"datePublished\":\"2009-06-11T21:13:16+00:00\",\"dateModified\":\"2009-06-11T21:13:16+00:00\",\"author\":{\"@id\":\"https:\/\/blog.zeit.de\/joerglau\/#\/schema\/person\/55f0be9bfac24815791fbc852b042f57\"},\"breadcrumb\":{\"@id\":\"https:\/\/blog.zeit.de\/joerglau\/2009\/06\/11\/etwas-passiert-im-iran_2551#breadcrumb\"},\"inLanguage\":\"de\",\"potentialAction\":[{\"@type\":\"ReadAction\",\"target\":[\"https:\/\/blog.zeit.de\/joerglau\/2009\/06\/11\/etwas-passiert-im-iran_2551\"]}]},{\"@type\":\"BreadcrumbList\",\"@id\":\"https:\/\/blog.zeit.de\/joerglau\/2009\/06\/11\/etwas-passiert-im-iran_2551#breadcrumb\",\"itemListElement\":[{\"@type\":\"ListItem\",\"position\":1,\"name\":\"Startseite\",\"item\":\"https:\/\/blog.zeit.de\/joerglau\"},{\"@type\":\"ListItem\",\"position\":2,\"name\":\"Etwas passiert im Iran\"}]},{\"@type\":\"WebSite\",\"@id\":\"https:\/\/blog.zeit.de\/joerglau\/#website\",\"url\":\"https:\/\/blog.zeit.de\/joerglau\/\",\"name\":\"J\u00f6rg Lau\",\"description\":\"Ein Blog \u00fcber Religion und Politik\",\"potentialAction\":[{\"@type\":\"SearchAction\",\"target\":{\"@type\":\"EntryPoint\",\"urlTemplate\":\"https:\/\/blog.zeit.de\/joerglau\/?s={search_term_string}\"},\"query-input\":\"required name=search_term_string\"}],\"inLanguage\":\"de\"},{\"@type\":\"Person\",\"@id\":\"https:\/\/blog.zeit.de\/joerglau\/#\/schema\/person\/55f0be9bfac24815791fbc852b042f57\",\"name\":\"J\u00f6rg Lau\",\"image\":{\"@type\":\"ImageObject\",\"inLanguage\":\"de\",\"@id\":\"https:\/\/blog.zeit.de\/joerglau\/#\/schema\/person\/image\/\",\"url\":\"https:\/\/secure.gravatar.com\/avatar\/a5fe39bf4f5335b8bac36eefa0b41467221b1598bfea5f05159a0199e391eed0?s=96&d=mm&r=g\",\"contentUrl\":\"https:\/\/secure.gravatar.com\/avatar\/a5fe39bf4f5335b8bac36eefa0b41467221b1598bfea5f05159a0199e391eed0?s=96&d=mm&r=g\",\"caption\":\"J\u00f6rg Lau\"},\"url\":\"https:\/\/blog.zeit.de\/joerglau\/author\/joerg-lau\"}]}<\/script>\n<!-- \/ Yoast SEO plugin. -->","yoast_head_json":{"title":"Etwas passiert im Iran - J\u00f6rg Lau","robots":{"index":"index","follow":"follow","max-snippet":"max-snippet:-1","max-image-preview":"max-image-preview:large","max-video-preview":"max-video-preview:-1"},"canonical":"https:\/\/blog.zeit.de\/joerglau\/2009\/06\/11\/etwas-passiert-im-iran_2551","og_locale":"de_DE","og_type":"article","og_title":"Etwas passiert im Iran - J\u00f6rg Lau","og_description":"Im Rahmen unserer Atomdebatte mit Iran tut man gut daran sich zu erinnern, dass Iran einer Demokratie \u00e4hnlicher sieht als alle L\u00e4nder der Region ausser Israel. Hier einige Bilder von n\u00e4chtlichen Kundgebungen f\u00fcr den Kandidaten Mussawi. Wo sonst &#8211; ausser in Israel, wie gesagt &#8211; kann man im Nahen Osten derartige Kundgebungen von Freiheitsgeist erleben? [&hellip;]","og_url":"https:\/\/blog.zeit.de\/joerglau\/2009\/06\/11\/etwas-passiert-im-iran_2551","og_site_name":"J\u00f6rg Lau","article_published_time":"2009-06-11T21:13:16+00:00","author":"J\u00f6rg Lau","twitter_card":"summary_large_image","twitter_misc":{"Geschrieben von":"J\u00f6rg Lau"},"schema":{"@context":"https:\/\/schema.org","@graph":[{"@type":"WebPage","@id":"https:\/\/blog.zeit.de\/joerglau\/2009\/06\/11\/etwas-passiert-im-iran_2551","url":"https:\/\/blog.zeit.de\/joerglau\/2009\/06\/11\/etwas-passiert-im-iran_2551","name":"Etwas passiert im Iran - J\u00f6rg Lau","isPartOf":{"@id":"https:\/\/blog.zeit.de\/joerglau\/#website"},"datePublished":"2009-06-11T21:13:16+00:00","dateModified":"2009-06-11T21:13:16+00:00","author":{"@id":"https:\/\/blog.zeit.de\/joerglau\/#\/schema\/person\/55f0be9bfac24815791fbc852b042f57"},"breadcrumb":{"@id":"https:\/\/blog.zeit.de\/joerglau\/2009\/06\/11\/etwas-passiert-im-iran_2551#breadcrumb"},"inLanguage":"de","potentialAction":[{"@type":"ReadAction","target":["https:\/\/blog.zeit.de\/joerglau\/2009\/06\/11\/etwas-passiert-im-iran_2551"]}]},{"@type":"BreadcrumbList","@id":"https:\/\/blog.zeit.de\/joerglau\/2009\/06\/11\/etwas-passiert-im-iran_2551#breadcrumb","itemListElement":[{"@type":"ListItem","position":1,"name":"Startseite","item":"https:\/\/blog.zeit.de\/joerglau"},{"@type":"ListItem","position":2,"name":"Etwas passiert im Iran"}]},{"@type":"WebSite","@id":"https:\/\/blog.zeit.de\/joerglau\/#website","url":"https:\/\/blog.zeit.de\/joerglau\/","name":"J\u00f6rg Lau","description":"Ein Blog \u00fcber Religion und Politik","potentialAction":[{"@type":"SearchAction","target":{"@type":"EntryPoint","urlTemplate":"https:\/\/blog.zeit.de\/joerglau\/?s={search_term_string}"},"query-input":"required name=search_term_string"}],"inLanguage":"de"},{"@type":"Person","@id":"https:\/\/blog.zeit.de\/joerglau\/#\/schema\/person\/55f0be9bfac24815791fbc852b042f57","name":"J\u00f6rg Lau","image":{"@type":"ImageObject","inLanguage":"de","@id":"https:\/\/blog.zeit.de\/joerglau\/#\/schema\/person\/image\/","url":"https:\/\/secure.gravatar.com\/avatar\/a5fe39bf4f5335b8bac36eefa0b41467221b1598bfea5f05159a0199e391eed0?s=96&d=mm&r=g","contentUrl":"https:\/\/secure.gravatar.com\/avatar\/a5fe39bf4f5335b8bac36eefa0b41467221b1598bfea5f05159a0199e391eed0?s=96&d=mm&r=g","caption":"J\u00f6rg Lau"},"url":"https:\/\/blog.zeit.de\/joerglau\/author\/joerg-lau"}]}},"jetpack_featured_media_url":"","jetpack_sharing_enabled":true,"jetpack_shortlink":"https:\/\/wp.me\/pG02W-F9","_links":{"self":[{"href":"https:\/\/blog.zeit.de\/joerglau\/wp-json\/wp\/v2\/posts\/2551","targetHints":{"allow":["GET"]}}],"collection":[{"href":"https:\/\/blog.zeit.de\/joerglau\/wp-json\/wp\/v2\/posts"}],"about":[{"href":"https:\/\/blog.zeit.de\/joerglau\/wp-json\/wp\/v2\/types\/post"}],"author":[{"embeddable":true,"href":"https:\/\/blog.zeit.de\/joerglau\/wp-json\/wp\/v2\/users\/54"}],"replies":[{"embeddable":true,"href":"https:\/\/blog.zeit.de\/joerglau\/wp-json\/wp\/v2\/comments?post=2551"}],"version-history":[{"count":0,"href":"https:\/\/blog.zeit.de\/joerglau\/wp-json\/wp\/v2\/posts\/2551\/revisions"}],"wp:attachment":[{"href":"https:\/\/blog.zeit.de\/joerglau\/wp-json\/wp\/v2\/media?parent=2551"}],"wp:term":[{"taxonomy":"category","embeddable":true,"href":"https:\/\/blog.zeit.de\/joerglau\/wp-json\/wp\/v2\/categories?post=2551"},{"taxonomy":"post_tag","embeddable":true,"href":"https:\/\/blog.zeit.de\/joerglau\/wp-json\/wp\/v2\/tags?post=2551"}],"curies":[{"name":"wp","href":"https:\/\/api.w.org\/{rel}","templated":true}]}}