{"id":2553,"date":"2009-06-12T15:00:08","date_gmt":"2009-06-12T13:00:08","guid":{"rendered":"http:\/\/blog.zeit.de\/joerglau\/?p=2553"},"modified":"2009-06-12T15:00:08","modified_gmt":"2009-06-12T13:00:08","slug":"iran-rekordbeteiligung-an-der-prasidentenwahl","status":"publish","type":"post","link":"https:\/\/blog.zeit.de\/joerglau\/2009\/06\/12\/iran-rekordbeteiligung-an-der-prasidentenwahl_2553","title":{"rendered":"Iran: Rekordbeteiligung an der Pr\u00e4sidentenwahl"},"content":{"rendered":"<p>Bewegende Szenen aus dem Wahlkampf kann man <a href=\"http:\/\/news.gooya.com\/didaniha\/archives\/2009\/06\/088809.php\">hier<\/a> sehen.<br \/>\nHeute traf ich in Potsdam <a href=\"https:\/\/blog.zeit.de\/joerglau\/index.php?s=Ramin\">Ramin Jahanbegloo<\/a>, den iranischen Philospophen, der nach Monaten im Evin-Gef\u00e4ngnis im Exil lebt. Er blickt naturgem\u00e4\u00df mit Spannung auf die heutige Wahl. Ein bi\u00dfchen ist es so, als hielte die ganze Welt den Atem an, scheint mir.<br \/>\nRamin jedenfalls sieht mit Genugtuung, dass eine &#8222;gr\u00fcne Revolution&#8220; die Jugend erfa\u00dft hat &#8211; ohne sich \u00fcber Mussawi auch nur die geringsten Illusionen zu machen. Ein &#8222;Reformer&#8220; war der Mann in seiner Amtszeit nie. Er ist mehr eine Projektionsfl\u00e4che f\u00fcr Hoffnungen.<\/p>\n<p><a href=\"https:\/\/blog.zeit.de\/joerglau\/files\/2009\/06\/bild-1.png\"><img loading=\"lazy\" decoding=\"async\" class=\"alignnone size-full wp-image-2554\" title=\"bild-1\" src=\"https:\/\/blog.zeit.de\/joerglau\/files\/2009\/06\/bild-1.png\" alt=\"\" width=\"450\" height=\"305\" srcset=\"https:\/\/blog.zeit.de\/joerglau\/files\/2009\/06\/bild-1.png 539w, https:\/\/blog.zeit.de\/joerglau\/files\/2009\/06\/bild-1-300x203.png 300w\" sizes=\"auto, (max-width: 450px) 100vw, 450px\" \/><\/a><br \/>\nNachdem man Ramin vorgeworfen hatte, er plane eine &#8222;samtene Revolution&#8220; im Iran (wie in den fr\u00fcheren Ostblockl\u00e4ndern), sieht er jetzt mit Freude, dass die Menschen eine gr\u00fcne Welle losgetreten haben, die &#8211; vielleicht &#8211; Ahmadinedschad hinwegfegt.<br \/>\nHeute werden jedenfalls Rekordzahlen gemeldet, was die Wahlbeteiligung angeht. Bedeutet das eventuell eine Entscheidung im ersten Wahlgang? Ramin ist skeptisch. Er rechnet mit einem zweiten Wahlgang am kommenden Freitag, wenn keiner der Kanididaten eine absolute Mehrheit erreicht. Dann w\u00fcrde es auf die Anh\u00e4nger der beiden wohl aussischtslosen Kandidaten Rezai und Karrubi ankommen: Wenn sie sich hinter Mussawi stellen, w\u00e4re ein Wechsel m\u00f6glich. Doch Ramin rechnet f\u00fcr diesen Fall mit einer Intervention des Revolutionsf\u00fchrers Chamenei, dem viel am Machterhalt Ahmadinedschads liege.<\/p>\n<p>Mehr Bilder <a href=\"http:\/\/news.gooya.com\/didaniha\/archives\/2009\/06\/088809.php\">hier<\/a>.<\/p>\n","protected":false},"excerpt":{"rendered":"<p>Bewegende Szenen aus dem Wahlkampf kann man hier sehen. Heute traf ich in Potsdam Ramin Jahanbegloo, den iranischen Philospophen, der nach Monaten im Evin-Gef\u00e4ngnis im Exil lebt. Er blickt naturgem\u00e4\u00df mit Spannung auf die heutige Wahl. Ein bi\u00dfchen ist es so, als hielte die ganze Welt den Atem an, scheint mir. Ramin jedenfalls sieht mit [&hellip;]<\/p>\n","protected":false},"author":54,"featured_media":0,"comment_status":"open","ping_status":"closed","sticky":false,"template":"","format":"standard","meta":{"jetpack_post_was_ever_published":false,"footnotes":""},"categories":[166],"tags":[],"class_list":["post-2553","post","type-post","status-publish","format-standard","hentry","category-iran"],"yoast_head":"<!-- This site is optimized with the Yoast SEO plugin v21.0 - https:\/\/yoast.com\/wordpress\/plugins\/seo\/ -->\n<title>Iran: Rekordbeteiligung an der Pr\u00e4sidentenwahl - J\u00f6rg Lau<\/title>\n<meta name=\"robots\" content=\"index, follow, max-snippet:-1, max-image-preview:large, max-video-preview:-1\" \/>\n<link rel=\"canonical\" href=\"https:\/\/blog.zeit.de\/joerglau\/2009\/06\/12\/iran-rekordbeteiligung-an-der-prasidentenwahl_2553\" \/>\n<meta property=\"og:locale\" content=\"de_DE\" \/>\n<meta property=\"og:type\" content=\"article\" \/>\n<meta property=\"og:title\" content=\"Iran: Rekordbeteiligung an der Pr\u00e4sidentenwahl - J\u00f6rg Lau\" \/>\n<meta property=\"og:description\" content=\"Bewegende Szenen aus dem Wahlkampf kann man hier sehen. Heute traf ich in Potsdam Ramin Jahanbegloo, den iranischen Philospophen, der nach Monaten im Evin-Gef\u00e4ngnis im Exil lebt. Er blickt naturgem\u00e4\u00df mit Spannung auf die heutige Wahl. Ein bi\u00dfchen ist es so, als hielte die ganze Welt den Atem an, scheint mir. Ramin jedenfalls sieht mit [&hellip;]\" \/>\n<meta property=\"og:url\" content=\"https:\/\/blog.zeit.de\/joerglau\/2009\/06\/12\/iran-rekordbeteiligung-an-der-prasidentenwahl_2553\" \/>\n<meta property=\"og:site_name\" content=\"J\u00f6rg Lau\" \/>\n<meta property=\"article:published_time\" content=\"2009-06-12T13:00:08+00:00\" \/>\n<meta property=\"og:image\" content=\"https:\/\/blog.zeit.de\/joerglau\/files\/2009\/06\/bild-1.png\" \/>\n<meta name=\"author\" content=\"J\u00f6rg Lau\" \/>\n<meta name=\"twitter:card\" content=\"summary_large_image\" \/>\n<meta name=\"twitter:label1\" content=\"Geschrieben von\" \/>\n\t<meta name=\"twitter:data1\" content=\"J\u00f6rg Lau\" \/>\n\t<meta name=\"twitter:label2\" content=\"Gesch\u00e4tzte Lesezeit\" \/>\n\t<meta name=\"twitter:data2\" content=\"1\u00a0Minute\" \/>\n<script type=\"application\/ld+json\" class=\"yoast-schema-graph\">{\"@context\":\"https:\/\/schema.org\",\"@graph\":[{\"@type\":\"WebPage\",\"@id\":\"https:\/\/blog.zeit.de\/joerglau\/2009\/06\/12\/iran-rekordbeteiligung-an-der-prasidentenwahl_2553\",\"url\":\"https:\/\/blog.zeit.de\/joerglau\/2009\/06\/12\/iran-rekordbeteiligung-an-der-prasidentenwahl_2553\",\"name\":\"Iran: Rekordbeteiligung an der Pr\u00e4sidentenwahl - J\u00f6rg Lau\",\"isPartOf\":{\"@id\":\"https:\/\/blog.zeit.de\/joerglau\/#website\"},\"datePublished\":\"2009-06-12T13:00:08+00:00\",\"dateModified\":\"2009-06-12T13:00:08+00:00\",\"author\":{\"@id\":\"https:\/\/blog.zeit.de\/joerglau\/#\/schema\/person\/55f0be9bfac24815791fbc852b042f57\"},\"breadcrumb\":{\"@id\":\"https:\/\/blog.zeit.de\/joerglau\/2009\/06\/12\/iran-rekordbeteiligung-an-der-prasidentenwahl_2553#breadcrumb\"},\"inLanguage\":\"de\",\"potentialAction\":[{\"@type\":\"ReadAction\",\"target\":[\"https:\/\/blog.zeit.de\/joerglau\/2009\/06\/12\/iran-rekordbeteiligung-an-der-prasidentenwahl_2553\"]}]},{\"@type\":\"BreadcrumbList\",\"@id\":\"https:\/\/blog.zeit.de\/joerglau\/2009\/06\/12\/iran-rekordbeteiligung-an-der-prasidentenwahl_2553#breadcrumb\",\"itemListElement\":[{\"@type\":\"ListItem\",\"position\":1,\"name\":\"Startseite\",\"item\":\"https:\/\/blog.zeit.de\/joerglau\"},{\"@type\":\"ListItem\",\"position\":2,\"name\":\"Iran: Rekordbeteiligung an der Pr\u00e4sidentenwahl\"}]},{\"@type\":\"WebSite\",\"@id\":\"https:\/\/blog.zeit.de\/joerglau\/#website\",\"url\":\"https:\/\/blog.zeit.de\/joerglau\/\",\"name\":\"J\u00f6rg Lau\",\"description\":\"Ein Blog \u00fcber Religion und Politik\",\"potentialAction\":[{\"@type\":\"SearchAction\",\"target\":{\"@type\":\"EntryPoint\",\"urlTemplate\":\"https:\/\/blog.zeit.de\/joerglau\/?s={search_term_string}\"},\"query-input\":\"required name=search_term_string\"}],\"inLanguage\":\"de\"},{\"@type\":\"Person\",\"@id\":\"https:\/\/blog.zeit.de\/joerglau\/#\/schema\/person\/55f0be9bfac24815791fbc852b042f57\",\"name\":\"J\u00f6rg Lau\",\"image\":{\"@type\":\"ImageObject\",\"inLanguage\":\"de\",\"@id\":\"https:\/\/blog.zeit.de\/joerglau\/#\/schema\/person\/image\/\",\"url\":\"https:\/\/secure.gravatar.com\/avatar\/a5fe39bf4f5335b8bac36eefa0b41467221b1598bfea5f05159a0199e391eed0?s=96&d=mm&r=g\",\"contentUrl\":\"https:\/\/secure.gravatar.com\/avatar\/a5fe39bf4f5335b8bac36eefa0b41467221b1598bfea5f05159a0199e391eed0?s=96&d=mm&r=g\",\"caption\":\"J\u00f6rg Lau\"},\"url\":\"https:\/\/blog.zeit.de\/joerglau\/author\/joerg-lau\"}]}<\/script>\n<!-- \/ Yoast SEO plugin. -->","yoast_head_json":{"title":"Iran: Rekordbeteiligung an der Pr\u00e4sidentenwahl - J\u00f6rg Lau","robots":{"index":"index","follow":"follow","max-snippet":"max-snippet:-1","max-image-preview":"max-image-preview:large","max-video-preview":"max-video-preview:-1"},"canonical":"https:\/\/blog.zeit.de\/joerglau\/2009\/06\/12\/iran-rekordbeteiligung-an-der-prasidentenwahl_2553","og_locale":"de_DE","og_type":"article","og_title":"Iran: Rekordbeteiligung an der Pr\u00e4sidentenwahl - J\u00f6rg Lau","og_description":"Bewegende Szenen aus dem Wahlkampf kann man hier sehen. Heute traf ich in Potsdam Ramin Jahanbegloo, den iranischen Philospophen, der nach Monaten im Evin-Gef\u00e4ngnis im Exil lebt. Er blickt naturgem\u00e4\u00df mit Spannung auf die heutige Wahl. Ein bi\u00dfchen ist es so, als hielte die ganze Welt den Atem an, scheint mir. Ramin jedenfalls sieht mit [&hellip;]","og_url":"https:\/\/blog.zeit.de\/joerglau\/2009\/06\/12\/iran-rekordbeteiligung-an-der-prasidentenwahl_2553","og_site_name":"J\u00f6rg Lau","article_published_time":"2009-06-12T13:00:08+00:00","og_image":[{"url":"https:\/\/blog.zeit.de\/joerglau\/files\/2009\/06\/bild-1.png"}],"author":"J\u00f6rg Lau","twitter_card":"summary_large_image","twitter_misc":{"Geschrieben von":"J\u00f6rg Lau","Gesch\u00e4tzte Lesezeit":"1\u00a0Minute"},"schema":{"@context":"https:\/\/schema.org","@graph":[{"@type":"WebPage","@id":"https:\/\/blog.zeit.de\/joerglau\/2009\/06\/12\/iran-rekordbeteiligung-an-der-prasidentenwahl_2553","url":"https:\/\/blog.zeit.de\/joerglau\/2009\/06\/12\/iran-rekordbeteiligung-an-der-prasidentenwahl_2553","name":"Iran: Rekordbeteiligung an der Pr\u00e4sidentenwahl - J\u00f6rg Lau","isPartOf":{"@id":"https:\/\/blog.zeit.de\/joerglau\/#website"},"datePublished":"2009-06-12T13:00:08+00:00","dateModified":"2009-06-12T13:00:08+00:00","author":{"@id":"https:\/\/blog.zeit.de\/joerglau\/#\/schema\/person\/55f0be9bfac24815791fbc852b042f57"},"breadcrumb":{"@id":"https:\/\/blog.zeit.de\/joerglau\/2009\/06\/12\/iran-rekordbeteiligung-an-der-prasidentenwahl_2553#breadcrumb"},"inLanguage":"de","potentialAction":[{"@type":"ReadAction","target":["https:\/\/blog.zeit.de\/joerglau\/2009\/06\/12\/iran-rekordbeteiligung-an-der-prasidentenwahl_2553"]}]},{"@type":"BreadcrumbList","@id":"https:\/\/blog.zeit.de\/joerglau\/2009\/06\/12\/iran-rekordbeteiligung-an-der-prasidentenwahl_2553#breadcrumb","itemListElement":[{"@type":"ListItem","position":1,"name":"Startseite","item":"https:\/\/blog.zeit.de\/joerglau"},{"@type":"ListItem","position":2,"name":"Iran: Rekordbeteiligung an der Pr\u00e4sidentenwahl"}]},{"@type":"WebSite","@id":"https:\/\/blog.zeit.de\/joerglau\/#website","url":"https:\/\/blog.zeit.de\/joerglau\/","name":"J\u00f6rg Lau","description":"Ein Blog \u00fcber Religion und Politik","potentialAction":[{"@type":"SearchAction","target":{"@type":"EntryPoint","urlTemplate":"https:\/\/blog.zeit.de\/joerglau\/?s={search_term_string}"},"query-input":"required name=search_term_string"}],"inLanguage":"de"},{"@type":"Person","@id":"https:\/\/blog.zeit.de\/joerglau\/#\/schema\/person\/55f0be9bfac24815791fbc852b042f57","name":"J\u00f6rg Lau","image":{"@type":"ImageObject","inLanguage":"de","@id":"https:\/\/blog.zeit.de\/joerglau\/#\/schema\/person\/image\/","url":"https:\/\/secure.gravatar.com\/avatar\/a5fe39bf4f5335b8bac36eefa0b41467221b1598bfea5f05159a0199e391eed0?s=96&d=mm&r=g","contentUrl":"https:\/\/secure.gravatar.com\/avatar\/a5fe39bf4f5335b8bac36eefa0b41467221b1598bfea5f05159a0199e391eed0?s=96&d=mm&r=g","caption":"J\u00f6rg Lau"},"url":"https:\/\/blog.zeit.de\/joerglau\/author\/joerg-lau"}]}},"jetpack_featured_media_url":"","jetpack_sharing_enabled":true,"jetpack_shortlink":"https:\/\/wp.me\/pG02W-Fb","_links":{"self":[{"href":"https:\/\/blog.zeit.de\/joerglau\/wp-json\/wp\/v2\/posts\/2553","targetHints":{"allow":["GET"]}}],"collection":[{"href":"https:\/\/blog.zeit.de\/joerglau\/wp-json\/wp\/v2\/posts"}],"about":[{"href":"https:\/\/blog.zeit.de\/joerglau\/wp-json\/wp\/v2\/types\/post"}],"author":[{"embeddable":true,"href":"https:\/\/blog.zeit.de\/joerglau\/wp-json\/wp\/v2\/users\/54"}],"replies":[{"embeddable":true,"href":"https:\/\/blog.zeit.de\/joerglau\/wp-json\/wp\/v2\/comments?post=2553"}],"version-history":[{"count":0,"href":"https:\/\/blog.zeit.de\/joerglau\/wp-json\/wp\/v2\/posts\/2553\/revisions"}],"wp:attachment":[{"href":"https:\/\/blog.zeit.de\/joerglau\/wp-json\/wp\/v2\/media?parent=2553"}],"wp:term":[{"taxonomy":"category","embeddable":true,"href":"https:\/\/blog.zeit.de\/joerglau\/wp-json\/wp\/v2\/categories?post=2553"},{"taxonomy":"post_tag","embeddable":true,"href":"https:\/\/blog.zeit.de\/joerglau\/wp-json\/wp\/v2\/tags?post=2553"}],"curies":[{"name":"wp","href":"https:\/\/api.w.org\/{rel}","templated":true}]}}