{"id":259,"date":"2007-02-14T10:31:18","date_gmt":"2007-02-14T08:31:18","guid":{"rendered":"http:\/\/blog.zeit.de\/joerglau\/2007\/02\/14\/was-wollen-die-muslimbruder_259"},"modified":"2007-02-14T10:31:18","modified_gmt":"2007-02-14T08:31:18","slug":"was-wollen-die-muslimbruder","status":"publish","type":"post","link":"https:\/\/blog.zeit.de\/joerglau\/2007\/02\/14\/was-wollen-die-muslimbruder_259","title":{"rendered":"Was wollen die Muslimbr\u00fcder?"},"content":{"rendered":"<p>Der Chefredakteur der Zeitung der koptischen Minderheit  <em>(Watani<\/em>) in \u00c4gypten, Youssef Sidhom, setzt sich mit den letzten 15 Monaten auseinander, in denen die Muslimbr\u00fcder nun im \u00e4gyptischen Parlament eine bedeutende Fraktion bilden. (<a href=\"http:\/\/www.metransparent.com\/texts\/youssef_sidhom\/youssef_sidhom_what_do_the_muslim_brothers_want.htm\">Link hier.<\/a>)<\/p>\n<p><img loading=\"lazy\" decoding=\"async\" width=\"199\" height=\"148\" id=\"image258\" alt=\"youssef-sidhom.jpg\" src=\"https:\/\/blog.zeit.de\/joerglau\/files\/2007\/02\/youssef-sidhom.jpg\" \/><br \/>\n<em>Youssef Sidhom <\/em><\/p>\n<p>Als Vertreter der christlichen Minderheit hatte Sidhom die Einladung angenommen, einen Dialog mit den Muslimbr\u00fcdern zu beginnen. Die Kopten machen sich begreiflicher Weise Sorgen \u00fcber ihren Staus in dem von den Muslimbr\u00fcdern angestrebten Islamischen Staat. Nach anf\u00e4nglicher Offenheit muss Sidhom den Dialogversuch als gescheitert erkl\u00e4ren:<\/p>\n<blockquote><p><span class=\"SpellE\"><span \/><\/span>I know <span class=\"SpellE\">that<\/span> <span class=\"SpellE\">many<\/span> <span class=\"SpellE\">Egyptians<\/span>, <span class=\"SpellE\">especially<\/span> <span class=\"SpellE\">intellectuals<\/span> <span class=\"SpellE\">and<\/span> <span class=\"SpellE\">politicians<\/span>, <span class=\"SpellE\">share<\/span> <span class=\"SpellE\">my<\/span> <span class=\"SpellE\">wariness<\/span>. <span class=\"SpellE\">The<\/span> <span class=\"SpellE\">frequent<\/span> <span class=\"SpellE\">fanatic<\/span> <span class=\"SpellE\">declarations<\/span> by <span class=\"SpellE\">the<\/span> MB <span class=\"SpellE\">supreme<\/span> guide, <span class=\"SpellE\">the<\/span> performance of <span class=\"SpellE\">the<\/span> <span class=\"SpellE\">group\u2019s<\/span> <span class=\"SpellE\">MPs<\/span>, <span class=\"SpellE\">and<\/span> <span class=\"SpellE\">the<\/span> <span class=\"SpellE\">military-style<\/span> parade <span class=\"SpellE\">organised<\/span> by MB <span class=\"SpellE\">students<\/span> <span class=\"SpellE\">at<\/span> <span class=\"SpellE\">al-Azhar<\/span> <span class=\"SpellE\">University<\/span>, have all <span class=\"SpellE\">triggered<\/span> public <span class=\"SpellE\">fears<\/span>. Last but not least <span class=\"SpellE\">was<\/span> <span class=\"SpellE\">the<\/span> <span class=\"SpellE\">latest<\/span> <span class=\"SpellE\">declaration<\/span> on <span class=\"SpellE\">the<\/span> Brotherhood\u2019s intention to <span class=\"SpellE\">form<\/span> a <span class=\"SpellE\">political<\/span> <span class=\"SpellE\">party<\/span>, <span class=\"SpellE\">which<\/span> <span class=\"SpellE\">dealt<\/span> a <span class=\"SpellE\">blow<\/span> to <span class=\"SpellE\">citizenship<\/span> values. In all <span class=\"SpellE\">these<\/span> instances, <span class=\"SpellE\">the<\/span> <strong><span class=\"SpellE\">frightful<\/span> <span class=\"SpellE\">discriminatory<\/span> <span class=\"SpellE\">spirit<\/span> <\/strong><span class=\"SpellE\">characterising<\/span> <span class=\"SpellE\">the<\/span> MB <span class=\"SpellE\">was<\/span> <span class=\"SpellE\">directed<\/span> <span class=\"SpellE\">against<\/span> <span class=\"SpellE\">both<\/span> <span class=\"SpellE\">Muslims<\/span> <span class=\"SpellE\">and<\/span> <span class=\"SpellE\">Copts<\/span>; <span class=\"SpellE\">the<\/span> group <span class=\"SpellE\">propagated<\/span> <span class=\"SpellE\">the<\/span> message <span class=\"SpellE\">that<\/span> <span class=\"SpellE\">it<\/span> <strong><span class=\"SpellE\">monopolised<\/span> <span class=\"SpellE\">the<\/span> correct vision of Islam<\/strong>\u2014<span class=\"SpellE\">the<\/span> <span class=\"SpellE\">sharia<\/span> of <span class=\"SpellE\">God<\/span>\u2014<span class=\"SpellE\">and<\/span> <span class=\"SpellE\">that<\/span> all <span class=\"SpellE\">other<\/span> <span class=\"SpellE\">outlooks<\/span> <span class=\"SpellE\">were<\/span> <strong><span class=\"SpellE\">sinful<\/span> <span class=\"SpellE\">and<\/span> <span class=\"SpellE\">infidel<\/span><\/strong>. <span class=\"SpellE\">It<\/span> <span class=\"SpellE\">reached<\/span> <span class=\"SpellE\">the<\/span> point <span class=\"SpellE\">where<\/span> an <span class=\"SpellE\">honourable<\/span> MB <span class=\"SpellE\">member<\/span> <span class=\"SpellE\">announced<\/span> in <span class=\"SpellE\">Parliament<\/span> <span class=\"SpellE\">that<\/span> <span class=\"SpellE\">the<\/span> Brotherhood\u2019s <span class=\"SpellE\">project<\/span> of an <span class=\"SpellE\">Islamic<\/span> State <span class=\"SpellE\">was<\/span> <span class=\"SpellE\">the<\/span> sole <span class=\"SpellE\">valid<\/span> <span class=\"SpellE\">outlook<\/span> <span class=\"SpellE\">and<\/span> <span class=\"SpellE\">that<\/span> <span class=\"SpellE\">anyone<\/span> <span class=\"SpellE\">who<\/span> <span class=\"SpellE\">disagreed<\/span> <span class=\"SpellE\">should<\/span> go <span class=\"SpellE\">find<\/span> <span class=\"SpellE\">himself<\/span> <span class=\"SpellE\">another<\/span> religion.<\/p><\/blockquote>\n","protected":false},"excerpt":{"rendered":"<p>Der Chefredakteur der Zeitung der koptischen Minderheit (Watani) in \u00c4gypten, Youssef Sidhom, setzt sich mit den letzten 15 Monaten auseinander, in denen die Muslimbr\u00fcder nun im \u00e4gyptischen Parlament eine bedeutende Fraktion bilden. (Link hier.) Youssef Sidhom Als Vertreter der christlichen Minderheit hatte Sidhom die Einladung angenommen, einen Dialog mit den Muslimbr\u00fcdern zu beginnen. Die Kopten [&hellip;]<\/p>\n","protected":false},"author":54,"featured_media":0,"comment_status":"open","ping_status":"closed","sticky":false,"template":"","format":"standard","meta":{"jetpack_post_was_ever_published":false,"footnotes":""},"categories":[157],"tags":[],"class_list":["post-259","post","type-post","status-publish","format-standard","hentry","category-die-freunde-und-die-feinde-des-islams"],"yoast_head":"<!-- This site is optimized with the Yoast SEO plugin v21.0 - https:\/\/yoast.com\/wordpress\/plugins\/seo\/ -->\n<title>Was wollen die Muslimbr\u00fcder? - J\u00f6rg Lau<\/title>\n<meta name=\"robots\" content=\"index, follow, max-snippet:-1, max-image-preview:large, max-video-preview:-1\" \/>\n<link rel=\"canonical\" href=\"https:\/\/blog.zeit.de\/joerglau\/2007\/02\/14\/was-wollen-die-muslimbruder_259\" \/>\n<meta property=\"og:locale\" content=\"de_DE\" \/>\n<meta property=\"og:type\" content=\"article\" \/>\n<meta property=\"og:title\" content=\"Was wollen die Muslimbr\u00fcder? - J\u00f6rg Lau\" \/>\n<meta property=\"og:description\" content=\"Der Chefredakteur der Zeitung der koptischen Minderheit (Watani) in \u00c4gypten, Youssef Sidhom, setzt sich mit den letzten 15 Monaten auseinander, in denen die Muslimbr\u00fcder nun im \u00e4gyptischen Parlament eine bedeutende Fraktion bilden. (Link hier.) Youssef Sidhom Als Vertreter der christlichen Minderheit hatte Sidhom die Einladung angenommen, einen Dialog mit den Muslimbr\u00fcdern zu beginnen. Die Kopten [&hellip;]\" \/>\n<meta property=\"og:url\" content=\"https:\/\/blog.zeit.de\/joerglau\/2007\/02\/14\/was-wollen-die-muslimbruder_259\" \/>\n<meta property=\"og:site_name\" content=\"J\u00f6rg Lau\" \/>\n<meta property=\"article:published_time\" content=\"2007-02-14T08:31:18+00:00\" \/>\n<meta property=\"og:image\" content=\"https:\/\/blog.zeit.de\/joerglau\/files\/2007\/02\/youssef-sidhom.jpg\" \/>\n<meta name=\"author\" content=\"J\u00f6rg Lau\" \/>\n<meta name=\"twitter:card\" content=\"summary_large_image\" \/>\n<meta name=\"twitter:label1\" content=\"Geschrieben von\" \/>\n\t<meta name=\"twitter:data1\" content=\"J\u00f6rg Lau\" \/>\n\t<meta name=\"twitter:label2\" content=\"Gesch\u00e4tzte Lesezeit\" \/>\n\t<meta name=\"twitter:data2\" content=\"1\u00a0Minute\" \/>\n<script type=\"application\/ld+json\" class=\"yoast-schema-graph\">{\"@context\":\"https:\/\/schema.org\",\"@graph\":[{\"@type\":\"WebPage\",\"@id\":\"https:\/\/blog.zeit.de\/joerglau\/2007\/02\/14\/was-wollen-die-muslimbruder_259\",\"url\":\"https:\/\/blog.zeit.de\/joerglau\/2007\/02\/14\/was-wollen-die-muslimbruder_259\",\"name\":\"Was wollen die Muslimbr\u00fcder? - J\u00f6rg Lau\",\"isPartOf\":{\"@id\":\"https:\/\/blog.zeit.de\/joerglau\/#website\"},\"datePublished\":\"2007-02-14T08:31:18+00:00\",\"dateModified\":\"2007-02-14T08:31:18+00:00\",\"author\":{\"@id\":\"https:\/\/blog.zeit.de\/joerglau\/#\/schema\/person\/55f0be9bfac24815791fbc852b042f57\"},\"breadcrumb\":{\"@id\":\"https:\/\/blog.zeit.de\/joerglau\/2007\/02\/14\/was-wollen-die-muslimbruder_259#breadcrumb\"},\"inLanguage\":\"de\",\"potentialAction\":[{\"@type\":\"ReadAction\",\"target\":[\"https:\/\/blog.zeit.de\/joerglau\/2007\/02\/14\/was-wollen-die-muslimbruder_259\"]}]},{\"@type\":\"BreadcrumbList\",\"@id\":\"https:\/\/blog.zeit.de\/joerglau\/2007\/02\/14\/was-wollen-die-muslimbruder_259#breadcrumb\",\"itemListElement\":[{\"@type\":\"ListItem\",\"position\":1,\"name\":\"Startseite\",\"item\":\"https:\/\/blog.zeit.de\/joerglau\"},{\"@type\":\"ListItem\",\"position\":2,\"name\":\"Was wollen die Muslimbr\u00fcder?\"}]},{\"@type\":\"WebSite\",\"@id\":\"https:\/\/blog.zeit.de\/joerglau\/#website\",\"url\":\"https:\/\/blog.zeit.de\/joerglau\/\",\"name\":\"J\u00f6rg Lau\",\"description\":\"Ein Blog \u00fcber Religion und Politik\",\"potentialAction\":[{\"@type\":\"SearchAction\",\"target\":{\"@type\":\"EntryPoint\",\"urlTemplate\":\"https:\/\/blog.zeit.de\/joerglau\/?s={search_term_string}\"},\"query-input\":\"required name=search_term_string\"}],\"inLanguage\":\"de\"},{\"@type\":\"Person\",\"@id\":\"https:\/\/blog.zeit.de\/joerglau\/#\/schema\/person\/55f0be9bfac24815791fbc852b042f57\",\"name\":\"J\u00f6rg Lau\",\"image\":{\"@type\":\"ImageObject\",\"inLanguage\":\"de\",\"@id\":\"https:\/\/blog.zeit.de\/joerglau\/#\/schema\/person\/image\/\",\"url\":\"https:\/\/secure.gravatar.com\/avatar\/a5fe39bf4f5335b8bac36eefa0b41467221b1598bfea5f05159a0199e391eed0?s=96&d=mm&r=g\",\"contentUrl\":\"https:\/\/secure.gravatar.com\/avatar\/a5fe39bf4f5335b8bac36eefa0b41467221b1598bfea5f05159a0199e391eed0?s=96&d=mm&r=g\",\"caption\":\"J\u00f6rg Lau\"},\"url\":\"https:\/\/blog.zeit.de\/joerglau\/author\/joerg-lau\"}]}<\/script>\n<!-- \/ Yoast SEO plugin. -->","yoast_head_json":{"title":"Was wollen die Muslimbr\u00fcder? - J\u00f6rg Lau","robots":{"index":"index","follow":"follow","max-snippet":"max-snippet:-1","max-image-preview":"max-image-preview:large","max-video-preview":"max-video-preview:-1"},"canonical":"https:\/\/blog.zeit.de\/joerglau\/2007\/02\/14\/was-wollen-die-muslimbruder_259","og_locale":"de_DE","og_type":"article","og_title":"Was wollen die Muslimbr\u00fcder? - J\u00f6rg Lau","og_description":"Der Chefredakteur der Zeitung der koptischen Minderheit (Watani) in \u00c4gypten, Youssef Sidhom, setzt sich mit den letzten 15 Monaten auseinander, in denen die Muslimbr\u00fcder nun im \u00e4gyptischen Parlament eine bedeutende Fraktion bilden. (Link hier.) Youssef Sidhom Als Vertreter der christlichen Minderheit hatte Sidhom die Einladung angenommen, einen Dialog mit den Muslimbr\u00fcdern zu beginnen. Die Kopten [&hellip;]","og_url":"https:\/\/blog.zeit.de\/joerglau\/2007\/02\/14\/was-wollen-die-muslimbruder_259","og_site_name":"J\u00f6rg Lau","article_published_time":"2007-02-14T08:31:18+00:00","og_image":[{"url":"https:\/\/blog.zeit.de\/joerglau\/files\/2007\/02\/youssef-sidhom.jpg"}],"author":"J\u00f6rg Lau","twitter_card":"summary_large_image","twitter_misc":{"Geschrieben von":"J\u00f6rg Lau","Gesch\u00e4tzte Lesezeit":"1\u00a0Minute"},"schema":{"@context":"https:\/\/schema.org","@graph":[{"@type":"WebPage","@id":"https:\/\/blog.zeit.de\/joerglau\/2007\/02\/14\/was-wollen-die-muslimbruder_259","url":"https:\/\/blog.zeit.de\/joerglau\/2007\/02\/14\/was-wollen-die-muslimbruder_259","name":"Was wollen die Muslimbr\u00fcder? - J\u00f6rg Lau","isPartOf":{"@id":"https:\/\/blog.zeit.de\/joerglau\/#website"},"datePublished":"2007-02-14T08:31:18+00:00","dateModified":"2007-02-14T08:31:18+00:00","author":{"@id":"https:\/\/blog.zeit.de\/joerglau\/#\/schema\/person\/55f0be9bfac24815791fbc852b042f57"},"breadcrumb":{"@id":"https:\/\/blog.zeit.de\/joerglau\/2007\/02\/14\/was-wollen-die-muslimbruder_259#breadcrumb"},"inLanguage":"de","potentialAction":[{"@type":"ReadAction","target":["https:\/\/blog.zeit.de\/joerglau\/2007\/02\/14\/was-wollen-die-muslimbruder_259"]}]},{"@type":"BreadcrumbList","@id":"https:\/\/blog.zeit.de\/joerglau\/2007\/02\/14\/was-wollen-die-muslimbruder_259#breadcrumb","itemListElement":[{"@type":"ListItem","position":1,"name":"Startseite","item":"https:\/\/blog.zeit.de\/joerglau"},{"@type":"ListItem","position":2,"name":"Was wollen die Muslimbr\u00fcder?"}]},{"@type":"WebSite","@id":"https:\/\/blog.zeit.de\/joerglau\/#website","url":"https:\/\/blog.zeit.de\/joerglau\/","name":"J\u00f6rg Lau","description":"Ein Blog \u00fcber Religion und Politik","potentialAction":[{"@type":"SearchAction","target":{"@type":"EntryPoint","urlTemplate":"https:\/\/blog.zeit.de\/joerglau\/?s={search_term_string}"},"query-input":"required name=search_term_string"}],"inLanguage":"de"},{"@type":"Person","@id":"https:\/\/blog.zeit.de\/joerglau\/#\/schema\/person\/55f0be9bfac24815791fbc852b042f57","name":"J\u00f6rg Lau","image":{"@type":"ImageObject","inLanguage":"de","@id":"https:\/\/blog.zeit.de\/joerglau\/#\/schema\/person\/image\/","url":"https:\/\/secure.gravatar.com\/avatar\/a5fe39bf4f5335b8bac36eefa0b41467221b1598bfea5f05159a0199e391eed0?s=96&d=mm&r=g","contentUrl":"https:\/\/secure.gravatar.com\/avatar\/a5fe39bf4f5335b8bac36eefa0b41467221b1598bfea5f05159a0199e391eed0?s=96&d=mm&r=g","caption":"J\u00f6rg Lau"},"url":"https:\/\/blog.zeit.de\/joerglau\/author\/joerg-lau"}]}},"jetpack_featured_media_url":"","jetpack_sharing_enabled":true,"jetpack_shortlink":"https:\/\/wp.me\/pG02W-4b","_links":{"self":[{"href":"https:\/\/blog.zeit.de\/joerglau\/wp-json\/wp\/v2\/posts\/259","targetHints":{"allow":["GET"]}}],"collection":[{"href":"https:\/\/blog.zeit.de\/joerglau\/wp-json\/wp\/v2\/posts"}],"about":[{"href":"https:\/\/blog.zeit.de\/joerglau\/wp-json\/wp\/v2\/types\/post"}],"author":[{"embeddable":true,"href":"https:\/\/blog.zeit.de\/joerglau\/wp-json\/wp\/v2\/users\/54"}],"replies":[{"embeddable":true,"href":"https:\/\/blog.zeit.de\/joerglau\/wp-json\/wp\/v2\/comments?post=259"}],"version-history":[{"count":0,"href":"https:\/\/blog.zeit.de\/joerglau\/wp-json\/wp\/v2\/posts\/259\/revisions"}],"wp:attachment":[{"href":"https:\/\/blog.zeit.de\/joerglau\/wp-json\/wp\/v2\/media?parent=259"}],"wp:term":[{"taxonomy":"category","embeddable":true,"href":"https:\/\/blog.zeit.de\/joerglau\/wp-json\/wp\/v2\/categories?post=259"},{"taxonomy":"post_tag","embeddable":true,"href":"https:\/\/blog.zeit.de\/joerglau\/wp-json\/wp\/v2\/tags?post=259"}],"curies":[{"name":"wp","href":"https:\/\/api.w.org\/{rel}","templated":true}]}}