{"id":2590,"date":"2009-06-15T23:29:16","date_gmt":"2009-06-15T21:29:16","guid":{"rendered":"http:\/\/blog.zeit.de\/joerglau\/?p=2590"},"modified":"2009-06-15T23:29:16","modified_gmt":"2009-06-15T21:29:16","slug":"where-is-my-vote","status":"publish","type":"post","link":"https:\/\/blog.zeit.de\/joerglau\/2009\/06\/15\/where-is-my-vote_2590","title":{"rendered":"Where is my vote?"},"content":{"rendered":"<p><a href=\"https:\/\/blog.zeit.de\/joerglau\/files\/2009\/06\/bild-5.png\"><img loading=\"lazy\" decoding=\"async\" class=\"alignnone size-full wp-image-2589\" title=\"bild-5\" src=\"https:\/\/blog.zeit.de\/joerglau\/files\/2009\/06\/bild-5.png\" alt=\"\" width=\"450\" height=\"449\" srcset=\"https:\/\/blog.zeit.de\/joerglau\/files\/2009\/06\/bild-5.png 599w, https:\/\/blog.zeit.de\/joerglau\/files\/2009\/06\/bild-5-150x150.png 150w, https:\/\/blog.zeit.de\/joerglau\/files\/2009\/06\/bild-5-300x299.png 300w\" sizes=\"auto, (max-width: 450px) 100vw, 450px\" \/><\/a><\/p>\n<p>Die Frage aller Fragen im Iran. Mit diesem Logo liefen viele heute auf den Demos herum. Manche riefen auch: &#8222;Ahmadi, wo sind Deine 24 Millionen?&#8220; Angesichts der Masse von Menschen auf den Strassen &#8211; nicht nur in Teheran, auch in den anderen Zentren der Islamischen Republik wie Kerman, Schiraz, Maschhad &#8211; eine schlagende Formel.<\/p>\n<p>Die Islamische Republik ist zwar ein tyrannisches Regime. Aber weil sie aus einer breit getragenen Revolution hervorgegangen ist, die immer noch die Legtimationsgrundlage darstellt, darf sie das Volk nicht verlieren. Das unterscheidet Iran von unfreien Gesellschaften der Region wie \u00c4gypten oder Syrien, in denen solche Szenen, wie wir sie dieser Tage sehen, undenkbar w\u00e4ren.<\/p>\n<p>Auch heute Nacht wieder waren die Allahu akbar Rufe zu h\u00f6ren \u00fcber den D\u00e4chern. F\u00fcr die Regierenden muss das schauerlich klingen &#8211; denn mit diesen Rufen hatte auch Chomeinis Revolution gegen den Schah begonnen.<\/p>\n<p>F\u00fcr morgen ist zu einem Generalstreik aufgerufen.<\/p>\n<p>p.s. Hilfreiche Websites: <a href=\"http:\/\/andrewsullivan.theatlantic.com\/\">Andrew Sullivans Blog<\/a> (in Weltmeisterform!) und <a href=\"http:\/\/thr.contralaguerra.org\/\">Tehranbureau<\/a>.<\/p>\n","protected":false},"excerpt":{"rendered":"<p>Die Frage aller Fragen im Iran. Mit diesem Logo liefen viele heute auf den Demos herum. Manche riefen auch: &#8222;Ahmadi, wo sind Deine 24 Millionen?&#8220; Angesichts der Masse von Menschen auf den Strassen &#8211; nicht nur in Teheran, auch in den anderen Zentren der Islamischen Republik wie Kerman, Schiraz, Maschhad &#8211; eine schlagende Formel. Die [&hellip;]<\/p>\n","protected":false},"author":54,"featured_media":0,"comment_status":"open","ping_status":"closed","sticky":false,"template":"","format":"standard","meta":{"jetpack_post_was_ever_published":false,"footnotes":""},"categories":[166,170],"tags":[],"class_list":["post-2590","post","type-post","status-publish","format-standard","hentry","category-iran","category-menschenrechte"],"yoast_head":"<!-- This site is optimized with the Yoast SEO plugin v21.0 - https:\/\/yoast.com\/wordpress\/plugins\/seo\/ -->\n<title>Where is my vote? - J\u00f6rg Lau<\/title>\n<meta name=\"robots\" content=\"index, follow, max-snippet:-1, max-image-preview:large, max-video-preview:-1\" \/>\n<link rel=\"canonical\" href=\"https:\/\/blog.zeit.de\/joerglau\/2009\/06\/15\/where-is-my-vote_2590\" \/>\n<meta property=\"og:locale\" content=\"de_DE\" \/>\n<meta property=\"og:type\" content=\"article\" \/>\n<meta property=\"og:title\" content=\"Where is my vote? - J\u00f6rg Lau\" \/>\n<meta property=\"og:description\" content=\"Die Frage aller Fragen im Iran. Mit diesem Logo liefen viele heute auf den Demos herum. Manche riefen auch: &#8222;Ahmadi, wo sind Deine 24 Millionen?&#8220; Angesichts der Masse von Menschen auf den Strassen &#8211; nicht nur in Teheran, auch in den anderen Zentren der Islamischen Republik wie Kerman, Schiraz, Maschhad &#8211; eine schlagende Formel. Die [&hellip;]\" \/>\n<meta property=\"og:url\" content=\"https:\/\/blog.zeit.de\/joerglau\/2009\/06\/15\/where-is-my-vote_2590\" \/>\n<meta property=\"og:site_name\" content=\"J\u00f6rg Lau\" \/>\n<meta property=\"article:published_time\" content=\"2009-06-15T21:29:16+00:00\" \/>\n<meta property=\"og:image\" content=\"https:\/\/blog.zeit.de\/joerglau\/files\/2009\/06\/bild-5.png\" \/>\n<meta name=\"author\" content=\"J\u00f6rg Lau\" \/>\n<meta name=\"twitter:card\" content=\"summary_large_image\" \/>\n<meta name=\"twitter:label1\" content=\"Geschrieben von\" \/>\n\t<meta name=\"twitter:data1\" content=\"J\u00f6rg Lau\" \/>\n\t<meta name=\"twitter:label2\" content=\"Gesch\u00e4tzte Lesezeit\" \/>\n\t<meta name=\"twitter:data2\" content=\"1\u00a0Minute\" \/>\n<script type=\"application\/ld+json\" class=\"yoast-schema-graph\">{\"@context\":\"https:\/\/schema.org\",\"@graph\":[{\"@type\":\"WebPage\",\"@id\":\"https:\/\/blog.zeit.de\/joerglau\/2009\/06\/15\/where-is-my-vote_2590\",\"url\":\"https:\/\/blog.zeit.de\/joerglau\/2009\/06\/15\/where-is-my-vote_2590\",\"name\":\"Where is my vote? - J\u00f6rg Lau\",\"isPartOf\":{\"@id\":\"https:\/\/blog.zeit.de\/joerglau\/#website\"},\"datePublished\":\"2009-06-15T21:29:16+00:00\",\"dateModified\":\"2009-06-15T21:29:16+00:00\",\"author\":{\"@id\":\"https:\/\/blog.zeit.de\/joerglau\/#\/schema\/person\/55f0be9bfac24815791fbc852b042f57\"},\"breadcrumb\":{\"@id\":\"https:\/\/blog.zeit.de\/joerglau\/2009\/06\/15\/where-is-my-vote_2590#breadcrumb\"},\"inLanguage\":\"de\",\"potentialAction\":[{\"@type\":\"ReadAction\",\"target\":[\"https:\/\/blog.zeit.de\/joerglau\/2009\/06\/15\/where-is-my-vote_2590\"]}]},{\"@type\":\"BreadcrumbList\",\"@id\":\"https:\/\/blog.zeit.de\/joerglau\/2009\/06\/15\/where-is-my-vote_2590#breadcrumb\",\"itemListElement\":[{\"@type\":\"ListItem\",\"position\":1,\"name\":\"Startseite\",\"item\":\"https:\/\/blog.zeit.de\/joerglau\"},{\"@type\":\"ListItem\",\"position\":2,\"name\":\"Where is my vote?\"}]},{\"@type\":\"WebSite\",\"@id\":\"https:\/\/blog.zeit.de\/joerglau\/#website\",\"url\":\"https:\/\/blog.zeit.de\/joerglau\/\",\"name\":\"J\u00f6rg Lau\",\"description\":\"Ein Blog \u00fcber Religion und Politik\",\"potentialAction\":[{\"@type\":\"SearchAction\",\"target\":{\"@type\":\"EntryPoint\",\"urlTemplate\":\"https:\/\/blog.zeit.de\/joerglau\/?s={search_term_string}\"},\"query-input\":\"required name=search_term_string\"}],\"inLanguage\":\"de\"},{\"@type\":\"Person\",\"@id\":\"https:\/\/blog.zeit.de\/joerglau\/#\/schema\/person\/55f0be9bfac24815791fbc852b042f57\",\"name\":\"J\u00f6rg Lau\",\"image\":{\"@type\":\"ImageObject\",\"inLanguage\":\"de\",\"@id\":\"https:\/\/blog.zeit.de\/joerglau\/#\/schema\/person\/image\/\",\"url\":\"https:\/\/secure.gravatar.com\/avatar\/a5fe39bf4f5335b8bac36eefa0b41467221b1598bfea5f05159a0199e391eed0?s=96&d=mm&r=g\",\"contentUrl\":\"https:\/\/secure.gravatar.com\/avatar\/a5fe39bf4f5335b8bac36eefa0b41467221b1598bfea5f05159a0199e391eed0?s=96&d=mm&r=g\",\"caption\":\"J\u00f6rg Lau\"},\"url\":\"https:\/\/blog.zeit.de\/joerglau\/author\/joerg-lau\"}]}<\/script>\n<!-- \/ Yoast SEO plugin. -->","yoast_head_json":{"title":"Where is my vote? - J\u00f6rg Lau","robots":{"index":"index","follow":"follow","max-snippet":"max-snippet:-1","max-image-preview":"max-image-preview:large","max-video-preview":"max-video-preview:-1"},"canonical":"https:\/\/blog.zeit.de\/joerglau\/2009\/06\/15\/where-is-my-vote_2590","og_locale":"de_DE","og_type":"article","og_title":"Where is my vote? - J\u00f6rg Lau","og_description":"Die Frage aller Fragen im Iran. Mit diesem Logo liefen viele heute auf den Demos herum. Manche riefen auch: &#8222;Ahmadi, wo sind Deine 24 Millionen?&#8220; Angesichts der Masse von Menschen auf den Strassen &#8211; nicht nur in Teheran, auch in den anderen Zentren der Islamischen Republik wie Kerman, Schiraz, Maschhad &#8211; eine schlagende Formel. Die [&hellip;]","og_url":"https:\/\/blog.zeit.de\/joerglau\/2009\/06\/15\/where-is-my-vote_2590","og_site_name":"J\u00f6rg Lau","article_published_time":"2009-06-15T21:29:16+00:00","og_image":[{"url":"https:\/\/blog.zeit.de\/joerglau\/files\/2009\/06\/bild-5.png"}],"author":"J\u00f6rg Lau","twitter_card":"summary_large_image","twitter_misc":{"Geschrieben von":"J\u00f6rg Lau","Gesch\u00e4tzte Lesezeit":"1\u00a0Minute"},"schema":{"@context":"https:\/\/schema.org","@graph":[{"@type":"WebPage","@id":"https:\/\/blog.zeit.de\/joerglau\/2009\/06\/15\/where-is-my-vote_2590","url":"https:\/\/blog.zeit.de\/joerglau\/2009\/06\/15\/where-is-my-vote_2590","name":"Where is my vote? - J\u00f6rg Lau","isPartOf":{"@id":"https:\/\/blog.zeit.de\/joerglau\/#website"},"datePublished":"2009-06-15T21:29:16+00:00","dateModified":"2009-06-15T21:29:16+00:00","author":{"@id":"https:\/\/blog.zeit.de\/joerglau\/#\/schema\/person\/55f0be9bfac24815791fbc852b042f57"},"breadcrumb":{"@id":"https:\/\/blog.zeit.de\/joerglau\/2009\/06\/15\/where-is-my-vote_2590#breadcrumb"},"inLanguage":"de","potentialAction":[{"@type":"ReadAction","target":["https:\/\/blog.zeit.de\/joerglau\/2009\/06\/15\/where-is-my-vote_2590"]}]},{"@type":"BreadcrumbList","@id":"https:\/\/blog.zeit.de\/joerglau\/2009\/06\/15\/where-is-my-vote_2590#breadcrumb","itemListElement":[{"@type":"ListItem","position":1,"name":"Startseite","item":"https:\/\/blog.zeit.de\/joerglau"},{"@type":"ListItem","position":2,"name":"Where is my vote?"}]},{"@type":"WebSite","@id":"https:\/\/blog.zeit.de\/joerglau\/#website","url":"https:\/\/blog.zeit.de\/joerglau\/","name":"J\u00f6rg Lau","description":"Ein Blog \u00fcber Religion und Politik","potentialAction":[{"@type":"SearchAction","target":{"@type":"EntryPoint","urlTemplate":"https:\/\/blog.zeit.de\/joerglau\/?s={search_term_string}"},"query-input":"required name=search_term_string"}],"inLanguage":"de"},{"@type":"Person","@id":"https:\/\/blog.zeit.de\/joerglau\/#\/schema\/person\/55f0be9bfac24815791fbc852b042f57","name":"J\u00f6rg Lau","image":{"@type":"ImageObject","inLanguage":"de","@id":"https:\/\/blog.zeit.de\/joerglau\/#\/schema\/person\/image\/","url":"https:\/\/secure.gravatar.com\/avatar\/a5fe39bf4f5335b8bac36eefa0b41467221b1598bfea5f05159a0199e391eed0?s=96&d=mm&r=g","contentUrl":"https:\/\/secure.gravatar.com\/avatar\/a5fe39bf4f5335b8bac36eefa0b41467221b1598bfea5f05159a0199e391eed0?s=96&d=mm&r=g","caption":"J\u00f6rg Lau"},"url":"https:\/\/blog.zeit.de\/joerglau\/author\/joerg-lau"}]}},"jetpack_featured_media_url":"","jetpack_sharing_enabled":true,"jetpack_shortlink":"https:\/\/wp.me\/pG02W-FM","_links":{"self":[{"href":"https:\/\/blog.zeit.de\/joerglau\/wp-json\/wp\/v2\/posts\/2590","targetHints":{"allow":["GET"]}}],"collection":[{"href":"https:\/\/blog.zeit.de\/joerglau\/wp-json\/wp\/v2\/posts"}],"about":[{"href":"https:\/\/blog.zeit.de\/joerglau\/wp-json\/wp\/v2\/types\/post"}],"author":[{"embeddable":true,"href":"https:\/\/blog.zeit.de\/joerglau\/wp-json\/wp\/v2\/users\/54"}],"replies":[{"embeddable":true,"href":"https:\/\/blog.zeit.de\/joerglau\/wp-json\/wp\/v2\/comments?post=2590"}],"version-history":[{"count":0,"href":"https:\/\/blog.zeit.de\/joerglau\/wp-json\/wp\/v2\/posts\/2590\/revisions"}],"wp:attachment":[{"href":"https:\/\/blog.zeit.de\/joerglau\/wp-json\/wp\/v2\/media?parent=2590"}],"wp:term":[{"taxonomy":"category","embeddable":true,"href":"https:\/\/blog.zeit.de\/joerglau\/wp-json\/wp\/v2\/categories?post=2590"},{"taxonomy":"post_tag","embeddable":true,"href":"https:\/\/blog.zeit.de\/joerglau\/wp-json\/wp\/v2\/tags?post=2590"}],"curies":[{"name":"wp","href":"https:\/\/api.w.org\/{rel}","templated":true}]}}