{"id":260,"date":"2007-02-14T11:55:07","date_gmt":"2007-02-14T09:55:07","guid":{"rendered":"http:\/\/blog.zeit.de\/joerglau\/2007\/02\/14\/wie-ich-lernte-das-kopftuch-zu-lieben_260"},"modified":"2007-02-14T11:55:07","modified_gmt":"2007-02-14T09:55:07","slug":"wie-ich-lernte-das-kopftuch-zu-lieben","status":"publish","type":"post","link":"https:\/\/blog.zeit.de\/joerglau\/2007\/02\/14\/wie-ich-lernte-das-kopftuch-zu-lieben_260","title":{"rendered":"Wie ich lernte, das Kopftuch zu lieben"},"content":{"rendered":"<p>Islamonline hat neben &#8222;Livin Sharia&#8220; nun eine neue Sektion namens <a href=\"http:\/\/www.islamonline.net\/servlet\/Satellite?c=Article_C&#038;cid=1165994071770&#038;pagename=Zone-English-Discover_Islam%2FDIELayout\">&#8222;Living Islam&#8220;<\/a>, die sich speziell an Konvertiten richtet und dr\u00e4ngende Fragen beantwortet:<\/p>\n<p>Soll ich weiter meine Eltern zu Weihnachten besuchen?<\/p>\n<p>Wo darf ich als Muslima baden?<\/p>\n<p>Ist Bergsteigen <em>haram<\/em>?<\/p>\n<p>Interessant auch diese <a href=\"http:\/\/www.islamonline.net\/servlet\/Satellite?cid=1119503544946&#038;pagename=IslamOnline-English-Ask_Scholar%2FFatwaE%2FFatwaEAskTheScholar\">Fatwa zum Valentinstag<\/a>: Wenn so etwas n\u00f6tig ist, dann steht es um die Reinheit des Glaubens offenbar nicht so gut. Zitat:<\/p>\n<blockquote><p><font color=\"#000000\"> Islam does recognize happy occasions that bring people closer to one another, and add spice to their lives. However, Islam goes against blindly imitating the West regarding a special occasion such as Valentine\u2019s Day. Hence, commemorating that special day known as the Valentine\u2019s Day is an innovation or <em>bid`ah<\/em> that has no religious backing. Every innovation of that kind is rejected, as far as Islam is concerned. Islam requires all Muslims to love one another all over the whole year, and reducing the whole year to a single day is totally rejected.<\/font><br \/>\n<font color=\"#000000\"> <\/font><br \/>\n<font color=\"#000000\"> Hence, we Muslims ought not to follow in the footsteps of such innovations and superstitions that are common in what is known as the Valentine\u2019s Day. No doubt that there are many irreligious practices that occur on that day, and those practices are capable of dissuading people from the true meanings of love and altruism to the extent that the celebration is reduced to a moral decline.<\/font><\/p><\/blockquote>\n<table width=\"259\" cellspacing=\"0\" cellpadding=\"0\" border=\"0\" style=\"height: 1px\">\n<tr>\n<td valign=\"top\" bgcolor=\"#f0f0f0\"><\/td>\n<td valign=\"top\" align=\"right\" style=\"width: 15px\"><\/td>\n<\/tr>\n<\/table>\n<table width=\"79\" cellspacing=\"0\" cellpadding=\"0\" border=\"0\" style=\"height: 1px\">\n<tr>\n<td valign=\"top\" align=\"left\" style=\"width: 15px\"><img loading=\"lazy\" decoding=\"async\" width=\"15\" height=\"1\" border=\"0\" src=\"http:\/\/www.islamonline.net\/servlet\/trick.gif\" \/><\/td>\n<td valign=\"top\" bgcolor=\"#f0f0f0\">\n<table width=\"2\" cellspacing=\"0\" cellpadding=\"0\" border=\"0\" style=\"height: 15px\">\n<tr>\n<td bgcolor=\"#b4b4b4\" align=\"left\" style=\"width: 150px\"><\/td>\n<td bgcolor=\"#f0f0f0\" style=\"width: 70%\"><img loading=\"lazy\" decoding=\"async\" width=\"1\" height=\"15\" border=\"0\" src=\"http:\/\/www.islamonline.net\/servlet\/trick.gif\" \/><\/td>\n<\/tr>\n<\/table>\n<\/td>\n<\/tr>\n<\/table>\n","protected":false},"excerpt":{"rendered":"<p>Islamonline hat neben &#8222;Livin Sharia&#8220; nun eine neue Sektion namens &#8222;Living Islam&#8220;, die sich speziell an Konvertiten richtet und dr\u00e4ngende Fragen beantwortet: Soll ich weiter meine Eltern zu Weihnachten besuchen? Wo darf ich als Muslima baden? Ist Bergsteigen haram? Interessant auch diese Fatwa zum Valentinstag: Wenn so etwas n\u00f6tig ist, dann steht es um die [&hellip;]<\/p>\n","protected":false},"author":54,"featured_media":0,"comment_status":"open","ping_status":"closed","sticky":false,"template":"","format":"standard","meta":{"jetpack_post_was_ever_published":false,"footnotes":""},"categories":[157,164],"tags":[],"class_list":["post-260","post","type-post","status-publish","format-standard","hentry","category-die-freunde-und-die-feinde-des-islams","category-integration-und-frauenrechte"],"yoast_head":"<!-- This site is optimized with the Yoast SEO plugin v21.0 - https:\/\/yoast.com\/wordpress\/plugins\/seo\/ -->\n<title>Wie ich lernte, das Kopftuch zu lieben - J\u00f6rg Lau<\/title>\n<meta name=\"robots\" content=\"index, follow, max-snippet:-1, max-image-preview:large, max-video-preview:-1\" \/>\n<link rel=\"canonical\" href=\"https:\/\/blog.zeit.de\/joerglau\/2007\/02\/14\/wie-ich-lernte-das-kopftuch-zu-lieben_260\" \/>\n<meta property=\"og:locale\" content=\"de_DE\" \/>\n<meta property=\"og:type\" content=\"article\" \/>\n<meta property=\"og:title\" content=\"Wie ich lernte, das Kopftuch zu lieben - J\u00f6rg Lau\" \/>\n<meta property=\"og:description\" content=\"Islamonline hat neben &#8222;Livin Sharia&#8220; nun eine neue Sektion namens &#8222;Living Islam&#8220;, die sich speziell an Konvertiten richtet und dr\u00e4ngende Fragen beantwortet: Soll ich weiter meine Eltern zu Weihnachten besuchen? Wo darf ich als Muslima baden? Ist Bergsteigen haram? Interessant auch diese Fatwa zum Valentinstag: Wenn so etwas n\u00f6tig ist, dann steht es um die [&hellip;]\" \/>\n<meta property=\"og:url\" content=\"https:\/\/blog.zeit.de\/joerglau\/2007\/02\/14\/wie-ich-lernte-das-kopftuch-zu-lieben_260\" \/>\n<meta property=\"og:site_name\" content=\"J\u00f6rg Lau\" \/>\n<meta property=\"article:published_time\" content=\"2007-02-14T09:55:07+00:00\" \/>\n<meta property=\"og:image\" content=\"http:\/\/www.islamonline.net\/servlet\/trick.gif\" \/>\n<meta name=\"author\" content=\"J\u00f6rg Lau\" \/>\n<meta name=\"twitter:card\" content=\"summary_large_image\" \/>\n<meta name=\"twitter:label1\" content=\"Geschrieben von\" \/>\n\t<meta name=\"twitter:data1\" content=\"J\u00f6rg Lau\" \/>\n\t<meta name=\"twitter:label2\" content=\"Gesch\u00e4tzte Lesezeit\" \/>\n\t<meta name=\"twitter:data2\" content=\"1\u00a0Minute\" \/>\n<script type=\"application\/ld+json\" class=\"yoast-schema-graph\">{\"@context\":\"https:\/\/schema.org\",\"@graph\":[{\"@type\":\"WebPage\",\"@id\":\"https:\/\/blog.zeit.de\/joerglau\/2007\/02\/14\/wie-ich-lernte-das-kopftuch-zu-lieben_260\",\"url\":\"https:\/\/blog.zeit.de\/joerglau\/2007\/02\/14\/wie-ich-lernte-das-kopftuch-zu-lieben_260\",\"name\":\"Wie ich lernte, das Kopftuch zu lieben - J\u00f6rg Lau\",\"isPartOf\":{\"@id\":\"https:\/\/blog.zeit.de\/joerglau\/#website\"},\"datePublished\":\"2007-02-14T09:55:07+00:00\",\"dateModified\":\"2007-02-14T09:55:07+00:00\",\"author\":{\"@id\":\"https:\/\/blog.zeit.de\/joerglau\/#\/schema\/person\/55f0be9bfac24815791fbc852b042f57\"},\"breadcrumb\":{\"@id\":\"https:\/\/blog.zeit.de\/joerglau\/2007\/02\/14\/wie-ich-lernte-das-kopftuch-zu-lieben_260#breadcrumb\"},\"inLanguage\":\"de\",\"potentialAction\":[{\"@type\":\"ReadAction\",\"target\":[\"https:\/\/blog.zeit.de\/joerglau\/2007\/02\/14\/wie-ich-lernte-das-kopftuch-zu-lieben_260\"]}]},{\"@type\":\"BreadcrumbList\",\"@id\":\"https:\/\/blog.zeit.de\/joerglau\/2007\/02\/14\/wie-ich-lernte-das-kopftuch-zu-lieben_260#breadcrumb\",\"itemListElement\":[{\"@type\":\"ListItem\",\"position\":1,\"name\":\"Startseite\",\"item\":\"https:\/\/blog.zeit.de\/joerglau\"},{\"@type\":\"ListItem\",\"position\":2,\"name\":\"Wie ich lernte, das Kopftuch zu lieben\"}]},{\"@type\":\"WebSite\",\"@id\":\"https:\/\/blog.zeit.de\/joerglau\/#website\",\"url\":\"https:\/\/blog.zeit.de\/joerglau\/\",\"name\":\"J\u00f6rg Lau\",\"description\":\"Ein Blog \u00fcber Religion und Politik\",\"potentialAction\":[{\"@type\":\"SearchAction\",\"target\":{\"@type\":\"EntryPoint\",\"urlTemplate\":\"https:\/\/blog.zeit.de\/joerglau\/?s={search_term_string}\"},\"query-input\":\"required name=search_term_string\"}],\"inLanguage\":\"de\"},{\"@type\":\"Person\",\"@id\":\"https:\/\/blog.zeit.de\/joerglau\/#\/schema\/person\/55f0be9bfac24815791fbc852b042f57\",\"name\":\"J\u00f6rg Lau\",\"image\":{\"@type\":\"ImageObject\",\"inLanguage\":\"de\",\"@id\":\"https:\/\/blog.zeit.de\/joerglau\/#\/schema\/person\/image\/\",\"url\":\"https:\/\/secure.gravatar.com\/avatar\/a5fe39bf4f5335b8bac36eefa0b41467221b1598bfea5f05159a0199e391eed0?s=96&d=mm&r=g\",\"contentUrl\":\"https:\/\/secure.gravatar.com\/avatar\/a5fe39bf4f5335b8bac36eefa0b41467221b1598bfea5f05159a0199e391eed0?s=96&d=mm&r=g\",\"caption\":\"J\u00f6rg Lau\"},\"url\":\"https:\/\/blog.zeit.de\/joerglau\/author\/joerg-lau\"}]}<\/script>\n<!-- \/ Yoast SEO plugin. -->","yoast_head_json":{"title":"Wie ich lernte, das Kopftuch zu lieben - J\u00f6rg Lau","robots":{"index":"index","follow":"follow","max-snippet":"max-snippet:-1","max-image-preview":"max-image-preview:large","max-video-preview":"max-video-preview:-1"},"canonical":"https:\/\/blog.zeit.de\/joerglau\/2007\/02\/14\/wie-ich-lernte-das-kopftuch-zu-lieben_260","og_locale":"de_DE","og_type":"article","og_title":"Wie ich lernte, das Kopftuch zu lieben - J\u00f6rg Lau","og_description":"Islamonline hat neben &#8222;Livin Sharia&#8220; nun eine neue Sektion namens &#8222;Living Islam&#8220;, die sich speziell an Konvertiten richtet und dr\u00e4ngende Fragen beantwortet: Soll ich weiter meine Eltern zu Weihnachten besuchen? Wo darf ich als Muslima baden? Ist Bergsteigen haram? Interessant auch diese Fatwa zum Valentinstag: Wenn so etwas n\u00f6tig ist, dann steht es um die [&hellip;]","og_url":"https:\/\/blog.zeit.de\/joerglau\/2007\/02\/14\/wie-ich-lernte-das-kopftuch-zu-lieben_260","og_site_name":"J\u00f6rg Lau","article_published_time":"2007-02-14T09:55:07+00:00","og_image":[{"url":"http:\/\/www.islamonline.net\/servlet\/trick.gif"}],"author":"J\u00f6rg Lau","twitter_card":"summary_large_image","twitter_misc":{"Geschrieben von":"J\u00f6rg Lau","Gesch\u00e4tzte Lesezeit":"1\u00a0Minute"},"schema":{"@context":"https:\/\/schema.org","@graph":[{"@type":"WebPage","@id":"https:\/\/blog.zeit.de\/joerglau\/2007\/02\/14\/wie-ich-lernte-das-kopftuch-zu-lieben_260","url":"https:\/\/blog.zeit.de\/joerglau\/2007\/02\/14\/wie-ich-lernte-das-kopftuch-zu-lieben_260","name":"Wie ich lernte, das Kopftuch zu lieben - J\u00f6rg Lau","isPartOf":{"@id":"https:\/\/blog.zeit.de\/joerglau\/#website"},"datePublished":"2007-02-14T09:55:07+00:00","dateModified":"2007-02-14T09:55:07+00:00","author":{"@id":"https:\/\/blog.zeit.de\/joerglau\/#\/schema\/person\/55f0be9bfac24815791fbc852b042f57"},"breadcrumb":{"@id":"https:\/\/blog.zeit.de\/joerglau\/2007\/02\/14\/wie-ich-lernte-das-kopftuch-zu-lieben_260#breadcrumb"},"inLanguage":"de","potentialAction":[{"@type":"ReadAction","target":["https:\/\/blog.zeit.de\/joerglau\/2007\/02\/14\/wie-ich-lernte-das-kopftuch-zu-lieben_260"]}]},{"@type":"BreadcrumbList","@id":"https:\/\/blog.zeit.de\/joerglau\/2007\/02\/14\/wie-ich-lernte-das-kopftuch-zu-lieben_260#breadcrumb","itemListElement":[{"@type":"ListItem","position":1,"name":"Startseite","item":"https:\/\/blog.zeit.de\/joerglau"},{"@type":"ListItem","position":2,"name":"Wie ich lernte, das Kopftuch zu lieben"}]},{"@type":"WebSite","@id":"https:\/\/blog.zeit.de\/joerglau\/#website","url":"https:\/\/blog.zeit.de\/joerglau\/","name":"J\u00f6rg Lau","description":"Ein Blog \u00fcber Religion und Politik","potentialAction":[{"@type":"SearchAction","target":{"@type":"EntryPoint","urlTemplate":"https:\/\/blog.zeit.de\/joerglau\/?s={search_term_string}"},"query-input":"required name=search_term_string"}],"inLanguage":"de"},{"@type":"Person","@id":"https:\/\/blog.zeit.de\/joerglau\/#\/schema\/person\/55f0be9bfac24815791fbc852b042f57","name":"J\u00f6rg Lau","image":{"@type":"ImageObject","inLanguage":"de","@id":"https:\/\/blog.zeit.de\/joerglau\/#\/schema\/person\/image\/","url":"https:\/\/secure.gravatar.com\/avatar\/a5fe39bf4f5335b8bac36eefa0b41467221b1598bfea5f05159a0199e391eed0?s=96&d=mm&r=g","contentUrl":"https:\/\/secure.gravatar.com\/avatar\/a5fe39bf4f5335b8bac36eefa0b41467221b1598bfea5f05159a0199e391eed0?s=96&d=mm&r=g","caption":"J\u00f6rg Lau"},"url":"https:\/\/blog.zeit.de\/joerglau\/author\/joerg-lau"}]}},"jetpack_featured_media_url":"","jetpack_sharing_enabled":true,"jetpack_shortlink":"https:\/\/wp.me\/pG02W-4c","_links":{"self":[{"href":"https:\/\/blog.zeit.de\/joerglau\/wp-json\/wp\/v2\/posts\/260","targetHints":{"allow":["GET"]}}],"collection":[{"href":"https:\/\/blog.zeit.de\/joerglau\/wp-json\/wp\/v2\/posts"}],"about":[{"href":"https:\/\/blog.zeit.de\/joerglau\/wp-json\/wp\/v2\/types\/post"}],"author":[{"embeddable":true,"href":"https:\/\/blog.zeit.de\/joerglau\/wp-json\/wp\/v2\/users\/54"}],"replies":[{"embeddable":true,"href":"https:\/\/blog.zeit.de\/joerglau\/wp-json\/wp\/v2\/comments?post=260"}],"version-history":[{"count":0,"href":"https:\/\/blog.zeit.de\/joerglau\/wp-json\/wp\/v2\/posts\/260\/revisions"}],"wp:attachment":[{"href":"https:\/\/blog.zeit.de\/joerglau\/wp-json\/wp\/v2\/media?parent=260"}],"wp:term":[{"taxonomy":"category","embeddable":true,"href":"https:\/\/blog.zeit.de\/joerglau\/wp-json\/wp\/v2\/categories?post=260"},{"taxonomy":"post_tag","embeddable":true,"href":"https:\/\/blog.zeit.de\/joerglau\/wp-json\/wp\/v2\/tags?post=260"}],"curies":[{"name":"wp","href":"https:\/\/api.w.org\/{rel}","templated":true}]}}