{"id":2652,"date":"2009-06-21T13:19:14","date_gmt":"2009-06-21T11:19:14","guid":{"rendered":"http:\/\/blog.zeit.de\/joerglau\/?p=2652"},"modified":"2009-06-21T13:19:14","modified_gmt":"2009-06-21T11:19:14","slug":"die-revolution-der-frauen-im-iran","status":"publish","type":"post","link":"https:\/\/blog.zeit.de\/joerglau\/2009\/06\/21\/die-revolution-der-frauen-im-iran_2652","title":{"rendered":"Die Revolution der Frauen im Iran"},"content":{"rendered":"<p>Bewegendes St\u00fcck von <a href=\"http:\/\/www.nytimes.com\/2009\/06\/21\/opinion\/21tehran.html?_r=1\">Roger Cohen in der NYT<\/a>:<\/p>\n<p><em>I don\u2019t know where this uprising is leading. I do know some police units are wavering. That commander talking about his family was not alone. There were other policemen complaining about the unruly Basijis. Some security forces just stood and watched. \u201cAll together, all together, don\u2019t be scared,\u201d the crowd shouted.<\/em><\/p>\n<p><em>I also know that <a title=\"More news and information about Iran.\" href=\"http:\/\/topics.nytimes.com\/top\/news\/international\/countriesandterritories\/iran\/index.html?inline=nyt-geo\">Iran<\/a>\u2019s women stand in the vanguard. For days now, I\u2019ve seen them urging less courageous men on. I\u2019ve seen them get beaten and return to the fray. \u201cWhy are you sitting there?\u201d one shouted at a couple of men perched on the sidewalk on Saturday. \u201cGet up! Get up!\u201d <\/em><\/p>\n<p><em>Another green-eyed woman, Mahin, aged 52, staggered into an alley clutching her face and in tears. Then, against the urging of those around her, she limped back into the crowd moving west toward Freedom Square. Cries of \u201cDeath to the dictator!\u201d and \u201cWe want liberty!\u201d accompanied her.<\/em><\/p>\n","protected":false},"excerpt":{"rendered":"<p>Bewegendes St\u00fcck von Roger Cohen in der NYT: I don\u2019t know where this uprising is leading. I do know some police units are wavering. That commander talking about his family was not alone. There were other policemen complaining about the unruly Basijis. Some security forces just stood and watched. \u201cAll together, all together, don\u2019t be [&hellip;]<\/p>\n","protected":false},"author":54,"featured_media":0,"comment_status":"open","ping_status":"closed","sticky":false,"template":"","format":"standard","meta":{"jetpack_post_was_ever_published":false,"footnotes":""},"categories":[166],"tags":[],"class_list":["post-2652","post","type-post","status-publish","format-standard","hentry","category-iran"],"yoast_head":"<!-- This site is optimized with the Yoast SEO plugin v21.0 - https:\/\/yoast.com\/wordpress\/plugins\/seo\/ -->\n<title>Die Revolution der Frauen im Iran - J\u00f6rg Lau<\/title>\n<meta name=\"robots\" content=\"index, follow, max-snippet:-1, max-image-preview:large, max-video-preview:-1\" \/>\n<link rel=\"canonical\" href=\"https:\/\/blog.zeit.de\/joerglau\/2009\/06\/21\/die-revolution-der-frauen-im-iran_2652\" \/>\n<meta property=\"og:locale\" content=\"de_DE\" \/>\n<meta property=\"og:type\" content=\"article\" \/>\n<meta property=\"og:title\" content=\"Die Revolution der Frauen im Iran - J\u00f6rg Lau\" \/>\n<meta property=\"og:description\" content=\"Bewegendes St\u00fcck von Roger Cohen in der NYT: I don\u2019t know where this uprising is leading. I do know some police units are wavering. That commander talking about his family was not alone. There were other policemen complaining about the unruly Basijis. Some security forces just stood and watched. \u201cAll together, all together, don\u2019t be [&hellip;]\" \/>\n<meta property=\"og:url\" content=\"https:\/\/blog.zeit.de\/joerglau\/2009\/06\/21\/die-revolution-der-frauen-im-iran_2652\" \/>\n<meta property=\"og:site_name\" content=\"J\u00f6rg Lau\" \/>\n<meta property=\"article:published_time\" content=\"2009-06-21T11:19:14+00:00\" \/>\n<meta name=\"author\" content=\"J\u00f6rg Lau\" \/>\n<meta name=\"twitter:card\" content=\"summary_large_image\" \/>\n<meta name=\"twitter:label1\" content=\"Geschrieben von\" \/>\n\t<meta name=\"twitter:data1\" content=\"J\u00f6rg Lau\" \/>\n\t<meta name=\"twitter:label2\" content=\"Gesch\u00e4tzte Lesezeit\" \/>\n\t<meta name=\"twitter:data2\" content=\"1\u00a0Minute\" \/>\n<script type=\"application\/ld+json\" class=\"yoast-schema-graph\">{\"@context\":\"https:\/\/schema.org\",\"@graph\":[{\"@type\":\"WebPage\",\"@id\":\"https:\/\/blog.zeit.de\/joerglau\/2009\/06\/21\/die-revolution-der-frauen-im-iran_2652\",\"url\":\"https:\/\/blog.zeit.de\/joerglau\/2009\/06\/21\/die-revolution-der-frauen-im-iran_2652\",\"name\":\"Die Revolution der Frauen im Iran - J\u00f6rg Lau\",\"isPartOf\":{\"@id\":\"https:\/\/blog.zeit.de\/joerglau\/#website\"},\"datePublished\":\"2009-06-21T11:19:14+00:00\",\"dateModified\":\"2009-06-21T11:19:14+00:00\",\"author\":{\"@id\":\"https:\/\/blog.zeit.de\/joerglau\/#\/schema\/person\/55f0be9bfac24815791fbc852b042f57\"},\"breadcrumb\":{\"@id\":\"https:\/\/blog.zeit.de\/joerglau\/2009\/06\/21\/die-revolution-der-frauen-im-iran_2652#breadcrumb\"},\"inLanguage\":\"de\",\"potentialAction\":[{\"@type\":\"ReadAction\",\"target\":[\"https:\/\/blog.zeit.de\/joerglau\/2009\/06\/21\/die-revolution-der-frauen-im-iran_2652\"]}]},{\"@type\":\"BreadcrumbList\",\"@id\":\"https:\/\/blog.zeit.de\/joerglau\/2009\/06\/21\/die-revolution-der-frauen-im-iran_2652#breadcrumb\",\"itemListElement\":[{\"@type\":\"ListItem\",\"position\":1,\"name\":\"Startseite\",\"item\":\"https:\/\/blog.zeit.de\/joerglau\"},{\"@type\":\"ListItem\",\"position\":2,\"name\":\"Die Revolution der Frauen im Iran\"}]},{\"@type\":\"WebSite\",\"@id\":\"https:\/\/blog.zeit.de\/joerglau\/#website\",\"url\":\"https:\/\/blog.zeit.de\/joerglau\/\",\"name\":\"J\u00f6rg Lau\",\"description\":\"Ein Blog \u00fcber Religion und Politik\",\"potentialAction\":[{\"@type\":\"SearchAction\",\"target\":{\"@type\":\"EntryPoint\",\"urlTemplate\":\"https:\/\/blog.zeit.de\/joerglau\/?s={search_term_string}\"},\"query-input\":\"required name=search_term_string\"}],\"inLanguage\":\"de\"},{\"@type\":\"Person\",\"@id\":\"https:\/\/blog.zeit.de\/joerglau\/#\/schema\/person\/55f0be9bfac24815791fbc852b042f57\",\"name\":\"J\u00f6rg Lau\",\"image\":{\"@type\":\"ImageObject\",\"inLanguage\":\"de\",\"@id\":\"https:\/\/blog.zeit.de\/joerglau\/#\/schema\/person\/image\/\",\"url\":\"https:\/\/secure.gravatar.com\/avatar\/a5fe39bf4f5335b8bac36eefa0b41467221b1598bfea5f05159a0199e391eed0?s=96&d=mm&r=g\",\"contentUrl\":\"https:\/\/secure.gravatar.com\/avatar\/a5fe39bf4f5335b8bac36eefa0b41467221b1598bfea5f05159a0199e391eed0?s=96&d=mm&r=g\",\"caption\":\"J\u00f6rg Lau\"},\"url\":\"https:\/\/blog.zeit.de\/joerglau\/author\/joerg-lau\"}]}<\/script>\n<!-- \/ Yoast SEO plugin. -->","yoast_head_json":{"title":"Die Revolution der Frauen im Iran - J\u00f6rg Lau","robots":{"index":"index","follow":"follow","max-snippet":"max-snippet:-1","max-image-preview":"max-image-preview:large","max-video-preview":"max-video-preview:-1"},"canonical":"https:\/\/blog.zeit.de\/joerglau\/2009\/06\/21\/die-revolution-der-frauen-im-iran_2652","og_locale":"de_DE","og_type":"article","og_title":"Die Revolution der Frauen im Iran - J\u00f6rg Lau","og_description":"Bewegendes St\u00fcck von Roger Cohen in der NYT: I don\u2019t know where this uprising is leading. I do know some police units are wavering. That commander talking about his family was not alone. There were other policemen complaining about the unruly Basijis. Some security forces just stood and watched. \u201cAll together, all together, don\u2019t be [&hellip;]","og_url":"https:\/\/blog.zeit.de\/joerglau\/2009\/06\/21\/die-revolution-der-frauen-im-iran_2652","og_site_name":"J\u00f6rg Lau","article_published_time":"2009-06-21T11:19:14+00:00","author":"J\u00f6rg Lau","twitter_card":"summary_large_image","twitter_misc":{"Geschrieben von":"J\u00f6rg Lau","Gesch\u00e4tzte Lesezeit":"1\u00a0Minute"},"schema":{"@context":"https:\/\/schema.org","@graph":[{"@type":"WebPage","@id":"https:\/\/blog.zeit.de\/joerglau\/2009\/06\/21\/die-revolution-der-frauen-im-iran_2652","url":"https:\/\/blog.zeit.de\/joerglau\/2009\/06\/21\/die-revolution-der-frauen-im-iran_2652","name":"Die Revolution der Frauen im Iran - J\u00f6rg Lau","isPartOf":{"@id":"https:\/\/blog.zeit.de\/joerglau\/#website"},"datePublished":"2009-06-21T11:19:14+00:00","dateModified":"2009-06-21T11:19:14+00:00","author":{"@id":"https:\/\/blog.zeit.de\/joerglau\/#\/schema\/person\/55f0be9bfac24815791fbc852b042f57"},"breadcrumb":{"@id":"https:\/\/blog.zeit.de\/joerglau\/2009\/06\/21\/die-revolution-der-frauen-im-iran_2652#breadcrumb"},"inLanguage":"de","potentialAction":[{"@type":"ReadAction","target":["https:\/\/blog.zeit.de\/joerglau\/2009\/06\/21\/die-revolution-der-frauen-im-iran_2652"]}]},{"@type":"BreadcrumbList","@id":"https:\/\/blog.zeit.de\/joerglau\/2009\/06\/21\/die-revolution-der-frauen-im-iran_2652#breadcrumb","itemListElement":[{"@type":"ListItem","position":1,"name":"Startseite","item":"https:\/\/blog.zeit.de\/joerglau"},{"@type":"ListItem","position":2,"name":"Die Revolution der Frauen im Iran"}]},{"@type":"WebSite","@id":"https:\/\/blog.zeit.de\/joerglau\/#website","url":"https:\/\/blog.zeit.de\/joerglau\/","name":"J\u00f6rg Lau","description":"Ein Blog \u00fcber Religion und Politik","potentialAction":[{"@type":"SearchAction","target":{"@type":"EntryPoint","urlTemplate":"https:\/\/blog.zeit.de\/joerglau\/?s={search_term_string}"},"query-input":"required name=search_term_string"}],"inLanguage":"de"},{"@type":"Person","@id":"https:\/\/blog.zeit.de\/joerglau\/#\/schema\/person\/55f0be9bfac24815791fbc852b042f57","name":"J\u00f6rg Lau","image":{"@type":"ImageObject","inLanguage":"de","@id":"https:\/\/blog.zeit.de\/joerglau\/#\/schema\/person\/image\/","url":"https:\/\/secure.gravatar.com\/avatar\/a5fe39bf4f5335b8bac36eefa0b41467221b1598bfea5f05159a0199e391eed0?s=96&d=mm&r=g","contentUrl":"https:\/\/secure.gravatar.com\/avatar\/a5fe39bf4f5335b8bac36eefa0b41467221b1598bfea5f05159a0199e391eed0?s=96&d=mm&r=g","caption":"J\u00f6rg Lau"},"url":"https:\/\/blog.zeit.de\/joerglau\/author\/joerg-lau"}]}},"jetpack_featured_media_url":"","jetpack_sharing_enabled":true,"jetpack_shortlink":"https:\/\/wp.me\/pG02W-GM","_links":{"self":[{"href":"https:\/\/blog.zeit.de\/joerglau\/wp-json\/wp\/v2\/posts\/2652","targetHints":{"allow":["GET"]}}],"collection":[{"href":"https:\/\/blog.zeit.de\/joerglau\/wp-json\/wp\/v2\/posts"}],"about":[{"href":"https:\/\/blog.zeit.de\/joerglau\/wp-json\/wp\/v2\/types\/post"}],"author":[{"embeddable":true,"href":"https:\/\/blog.zeit.de\/joerglau\/wp-json\/wp\/v2\/users\/54"}],"replies":[{"embeddable":true,"href":"https:\/\/blog.zeit.de\/joerglau\/wp-json\/wp\/v2\/comments?post=2652"}],"version-history":[{"count":0,"href":"https:\/\/blog.zeit.de\/joerglau\/wp-json\/wp\/v2\/posts\/2652\/revisions"}],"wp:attachment":[{"href":"https:\/\/blog.zeit.de\/joerglau\/wp-json\/wp\/v2\/media?parent=2652"}],"wp:term":[{"taxonomy":"category","embeddable":true,"href":"https:\/\/blog.zeit.de\/joerglau\/wp-json\/wp\/v2\/categories?post=2652"},{"taxonomy":"post_tag","embeddable":true,"href":"https:\/\/blog.zeit.de\/joerglau\/wp-json\/wp\/v2\/tags?post=2652"}],"curies":[{"name":"wp","href":"https:\/\/api.w.org\/{rel}","templated":true}]}}