{"id":2658,"date":"2009-06-23T19:52:20","date_gmt":"2009-06-23T17:52:20","guid":{"rendered":"http:\/\/blog.zeit.de\/joerglau\/?p=2658"},"modified":"2009-06-23T19:52:20","modified_gmt":"2009-06-23T17:52:20","slug":"obama-verscharft-den-ton-gegen-iran","status":"publish","type":"post","link":"https:\/\/blog.zeit.de\/joerglau\/2009\/06\/23\/obama-verscharft-den-ton-gegen-iran_2658","title":{"rendered":"Obama versch\u00e4rft den Ton gegen Iran"},"content":{"rendered":"<p>Dpa meldet, dass\u00a0 Barack Obama die \u00abungerechten Aktionen\u00bb der iranischen Staatsgewalt gegen Demonstranten scharf verurteilt habe:  \u00abDie USA und die internationale Gemeinschaft sind ersch\u00fcttert und emp\u00f6rt \u00fcber die Drohungen, Misshandlungen und Gefangennahmen der letzten Tage\u00bb im Iran, sagte Obama am Dienstag zu Beginn einer Pressekonferenz im Wei\u00dfen Haus in Washington.<br \/>\nEntscheidungen \u00fcber die k\u00fcnftige US-Politik gegen\u00fcber dem Iran h\u00e4nge allerdings von der Entwicklung ab, die derzeit noch ungewiss sei.<\/p>\n<p>Die USA respektierten die Souver\u00e4nit\u00e4t der Islamischen Republik des Irans und h\u00e4tten keine Absicht, sich in die internen Angelegenheiten einzumischen. Aber die USA verurteilten \u00abGewalt gegen unschuldige Zivilisten\u00bb, gleich wo sie sich in der Welt ereigneten. Die Vorw\u00fcrfe Teherans \u00fcber eine angebliche amerikanische Einmischung in den Konflikt seien \u00abfalsch und absurd\u00bb.<\/p>\n<p>Die F\u00fchrung des Irans versuche mit \u00abeiner alten Strategie\u00bb und der Schaffung von S\u00fcndenb\u00f6cken davon abzulenken, dass das iranische Volk um seine Zukunft ringe, sagte Obama weiter. Es gehe darum, den \u00abMut und die W\u00fcrde der iranischen Volkes\u00bb zu bezeugen. Im Iran w\u00fcrden derzeit \u00abinternationale Normen und Prinzipien\u00bb \u00fcber Gewalt und den Umgang mit friedlichen Oppositionellen verletzt.<\/p>\n<p>\u00abDas iranische Volk hat ein universelles Recht auf Versammlungs- und Redefreiheit\u00bb, sagte der US-Pr\u00e4sident. Keine Politik der \u00abeisernen Faust\u00bb d\u00fcrfe heute ein Volk daran hindern, seinen Willen<br \/>\nauszudr\u00fccken. Auch die Versuche Teherans, Journalisten auszuweisen und zu zensieren, k\u00f6nnten dank Handys und Computer nicht verhindern, dass die Welt von der Ereignissen erfahre. Obama wehrte sich gegen den Vorwurf, er habe zu sp\u00e4t auf die Ereignisse im Iran reagiert. Er habe fr\u00fch auf die \u00abuniversellen B\u00fcrgerrechte\u00bb verwiesen.<\/p>\n<p>Obama verwies erneut darauf, dass es ein zentrales Sicherheitsinteresse der USA sei, dass der Iran keine Atommacht werde. Noch habe Teheran die Wahl, den Weg zu wachsender Isolation zu verlassen; allerdings seien die j\u00fcngsten Entwicklungen aus US-Sicht wenig ermutigend.<\/p>\n<p>Und ich finde, dieser Ton ist sehr angemessen. Es war richtig, die Opposition nicht durch eine zu fr\u00fche Einmischung zu delegitimieren.<br \/>\nJetzt ist allerdings die Zeit f\u00fcr klarere Worte gekommen &#8211; und vielleicht bald auch f\u00fcr Taten, also konsequente Isloation und Bestrafung des Regimes.<\/p>\n","protected":false},"excerpt":{"rendered":"<p>Dpa meldet, dass\u00a0 Barack Obama die \u00abungerechten Aktionen\u00bb der iranischen Staatsgewalt gegen Demonstranten scharf verurteilt habe: \u00abDie USA und die internationale Gemeinschaft sind ersch\u00fcttert und emp\u00f6rt \u00fcber die Drohungen, Misshandlungen und Gefangennahmen der letzten Tage\u00bb im Iran, sagte Obama am Dienstag zu Beginn einer Pressekonferenz im Wei\u00dfen Haus in Washington. Entscheidungen \u00fcber die k\u00fcnftige US-Politik [&hellip;]<\/p>\n","protected":false},"author":54,"featured_media":0,"comment_status":"open","ping_status":"closed","sticky":false,"template":"","format":"standard","meta":{"jetpack_post_was_ever_published":false,"footnotes":""},"categories":[166],"tags":[],"class_list":["post-2658","post","type-post","status-publish","format-standard","hentry","category-iran"],"yoast_head":"<!-- This site is optimized with the Yoast SEO plugin v21.0 - https:\/\/yoast.com\/wordpress\/plugins\/seo\/ -->\n<title>Obama versch\u00e4rft den Ton gegen Iran - J\u00f6rg Lau<\/title>\n<meta name=\"robots\" content=\"index, follow, max-snippet:-1, max-image-preview:large, max-video-preview:-1\" \/>\n<link rel=\"canonical\" href=\"https:\/\/blog.zeit.de\/joerglau\/2009\/06\/23\/obama-verscharft-den-ton-gegen-iran_2658\" \/>\n<meta property=\"og:locale\" content=\"de_DE\" \/>\n<meta property=\"og:type\" content=\"article\" \/>\n<meta property=\"og:title\" content=\"Obama versch\u00e4rft den Ton gegen Iran - J\u00f6rg Lau\" \/>\n<meta property=\"og:description\" content=\"Dpa meldet, dass\u00a0 Barack Obama die \u00abungerechten Aktionen\u00bb der iranischen Staatsgewalt gegen Demonstranten scharf verurteilt habe: \u00abDie USA und die internationale Gemeinschaft sind ersch\u00fcttert und emp\u00f6rt \u00fcber die Drohungen, Misshandlungen und Gefangennahmen der letzten Tage\u00bb im Iran, sagte Obama am Dienstag zu Beginn einer Pressekonferenz im Wei\u00dfen Haus in Washington. Entscheidungen \u00fcber die k\u00fcnftige US-Politik [&hellip;]\" \/>\n<meta property=\"og:url\" content=\"https:\/\/blog.zeit.de\/joerglau\/2009\/06\/23\/obama-verscharft-den-ton-gegen-iran_2658\" \/>\n<meta property=\"og:site_name\" content=\"J\u00f6rg Lau\" \/>\n<meta property=\"article:published_time\" content=\"2009-06-23T17:52:20+00:00\" \/>\n<meta name=\"author\" content=\"J\u00f6rg Lau\" \/>\n<meta name=\"twitter:card\" content=\"summary_large_image\" \/>\n<meta name=\"twitter:label1\" content=\"Geschrieben von\" \/>\n\t<meta name=\"twitter:data1\" content=\"J\u00f6rg Lau\" \/>\n\t<meta name=\"twitter:label2\" content=\"Gesch\u00e4tzte Lesezeit\" \/>\n\t<meta name=\"twitter:data2\" content=\"2\u00a0Minuten\" \/>\n<script type=\"application\/ld+json\" class=\"yoast-schema-graph\">{\"@context\":\"https:\/\/schema.org\",\"@graph\":[{\"@type\":\"WebPage\",\"@id\":\"https:\/\/blog.zeit.de\/joerglau\/2009\/06\/23\/obama-verscharft-den-ton-gegen-iran_2658\",\"url\":\"https:\/\/blog.zeit.de\/joerglau\/2009\/06\/23\/obama-verscharft-den-ton-gegen-iran_2658\",\"name\":\"Obama versch\u00e4rft den Ton gegen Iran - J\u00f6rg Lau\",\"isPartOf\":{\"@id\":\"https:\/\/blog.zeit.de\/joerglau\/#website\"},\"datePublished\":\"2009-06-23T17:52:20+00:00\",\"dateModified\":\"2009-06-23T17:52:20+00:00\",\"author\":{\"@id\":\"https:\/\/blog.zeit.de\/joerglau\/#\/schema\/person\/55f0be9bfac24815791fbc852b042f57\"},\"breadcrumb\":{\"@id\":\"https:\/\/blog.zeit.de\/joerglau\/2009\/06\/23\/obama-verscharft-den-ton-gegen-iran_2658#breadcrumb\"},\"inLanguage\":\"de\",\"potentialAction\":[{\"@type\":\"ReadAction\",\"target\":[\"https:\/\/blog.zeit.de\/joerglau\/2009\/06\/23\/obama-verscharft-den-ton-gegen-iran_2658\"]}]},{\"@type\":\"BreadcrumbList\",\"@id\":\"https:\/\/blog.zeit.de\/joerglau\/2009\/06\/23\/obama-verscharft-den-ton-gegen-iran_2658#breadcrumb\",\"itemListElement\":[{\"@type\":\"ListItem\",\"position\":1,\"name\":\"Startseite\",\"item\":\"https:\/\/blog.zeit.de\/joerglau\"},{\"@type\":\"ListItem\",\"position\":2,\"name\":\"Obama versch\u00e4rft den Ton gegen Iran\"}]},{\"@type\":\"WebSite\",\"@id\":\"https:\/\/blog.zeit.de\/joerglau\/#website\",\"url\":\"https:\/\/blog.zeit.de\/joerglau\/\",\"name\":\"J\u00f6rg Lau\",\"description\":\"Ein Blog \u00fcber Religion und Politik\",\"potentialAction\":[{\"@type\":\"SearchAction\",\"target\":{\"@type\":\"EntryPoint\",\"urlTemplate\":\"https:\/\/blog.zeit.de\/joerglau\/?s={search_term_string}\"},\"query-input\":\"required name=search_term_string\"}],\"inLanguage\":\"de\"},{\"@type\":\"Person\",\"@id\":\"https:\/\/blog.zeit.de\/joerglau\/#\/schema\/person\/55f0be9bfac24815791fbc852b042f57\",\"name\":\"J\u00f6rg Lau\",\"image\":{\"@type\":\"ImageObject\",\"inLanguage\":\"de\",\"@id\":\"https:\/\/blog.zeit.de\/joerglau\/#\/schema\/person\/image\/\",\"url\":\"https:\/\/secure.gravatar.com\/avatar\/a5fe39bf4f5335b8bac36eefa0b41467221b1598bfea5f05159a0199e391eed0?s=96&d=mm&r=g\",\"contentUrl\":\"https:\/\/secure.gravatar.com\/avatar\/a5fe39bf4f5335b8bac36eefa0b41467221b1598bfea5f05159a0199e391eed0?s=96&d=mm&r=g\",\"caption\":\"J\u00f6rg Lau\"},\"url\":\"https:\/\/blog.zeit.de\/joerglau\/author\/joerg-lau\"}]}<\/script>\n<!-- \/ Yoast SEO plugin. -->","yoast_head_json":{"title":"Obama versch\u00e4rft den Ton gegen Iran - J\u00f6rg Lau","robots":{"index":"index","follow":"follow","max-snippet":"max-snippet:-1","max-image-preview":"max-image-preview:large","max-video-preview":"max-video-preview:-1"},"canonical":"https:\/\/blog.zeit.de\/joerglau\/2009\/06\/23\/obama-verscharft-den-ton-gegen-iran_2658","og_locale":"de_DE","og_type":"article","og_title":"Obama versch\u00e4rft den Ton gegen Iran - J\u00f6rg Lau","og_description":"Dpa meldet, dass\u00a0 Barack Obama die \u00abungerechten Aktionen\u00bb der iranischen Staatsgewalt gegen Demonstranten scharf verurteilt habe: \u00abDie USA und die internationale Gemeinschaft sind ersch\u00fcttert und emp\u00f6rt \u00fcber die Drohungen, Misshandlungen und Gefangennahmen der letzten Tage\u00bb im Iran, sagte Obama am Dienstag zu Beginn einer Pressekonferenz im Wei\u00dfen Haus in Washington. Entscheidungen \u00fcber die k\u00fcnftige US-Politik [&hellip;]","og_url":"https:\/\/blog.zeit.de\/joerglau\/2009\/06\/23\/obama-verscharft-den-ton-gegen-iran_2658","og_site_name":"J\u00f6rg Lau","article_published_time":"2009-06-23T17:52:20+00:00","author":"J\u00f6rg Lau","twitter_card":"summary_large_image","twitter_misc":{"Geschrieben von":"J\u00f6rg Lau","Gesch\u00e4tzte Lesezeit":"2\u00a0Minuten"},"schema":{"@context":"https:\/\/schema.org","@graph":[{"@type":"WebPage","@id":"https:\/\/blog.zeit.de\/joerglau\/2009\/06\/23\/obama-verscharft-den-ton-gegen-iran_2658","url":"https:\/\/blog.zeit.de\/joerglau\/2009\/06\/23\/obama-verscharft-den-ton-gegen-iran_2658","name":"Obama versch\u00e4rft den Ton gegen Iran - J\u00f6rg Lau","isPartOf":{"@id":"https:\/\/blog.zeit.de\/joerglau\/#website"},"datePublished":"2009-06-23T17:52:20+00:00","dateModified":"2009-06-23T17:52:20+00:00","author":{"@id":"https:\/\/blog.zeit.de\/joerglau\/#\/schema\/person\/55f0be9bfac24815791fbc852b042f57"},"breadcrumb":{"@id":"https:\/\/blog.zeit.de\/joerglau\/2009\/06\/23\/obama-verscharft-den-ton-gegen-iran_2658#breadcrumb"},"inLanguage":"de","potentialAction":[{"@type":"ReadAction","target":["https:\/\/blog.zeit.de\/joerglau\/2009\/06\/23\/obama-verscharft-den-ton-gegen-iran_2658"]}]},{"@type":"BreadcrumbList","@id":"https:\/\/blog.zeit.de\/joerglau\/2009\/06\/23\/obama-verscharft-den-ton-gegen-iran_2658#breadcrumb","itemListElement":[{"@type":"ListItem","position":1,"name":"Startseite","item":"https:\/\/blog.zeit.de\/joerglau"},{"@type":"ListItem","position":2,"name":"Obama versch\u00e4rft den Ton gegen Iran"}]},{"@type":"WebSite","@id":"https:\/\/blog.zeit.de\/joerglau\/#website","url":"https:\/\/blog.zeit.de\/joerglau\/","name":"J\u00f6rg Lau","description":"Ein Blog \u00fcber Religion und Politik","potentialAction":[{"@type":"SearchAction","target":{"@type":"EntryPoint","urlTemplate":"https:\/\/blog.zeit.de\/joerglau\/?s={search_term_string}"},"query-input":"required name=search_term_string"}],"inLanguage":"de"},{"@type":"Person","@id":"https:\/\/blog.zeit.de\/joerglau\/#\/schema\/person\/55f0be9bfac24815791fbc852b042f57","name":"J\u00f6rg Lau","image":{"@type":"ImageObject","inLanguage":"de","@id":"https:\/\/blog.zeit.de\/joerglau\/#\/schema\/person\/image\/","url":"https:\/\/secure.gravatar.com\/avatar\/a5fe39bf4f5335b8bac36eefa0b41467221b1598bfea5f05159a0199e391eed0?s=96&d=mm&r=g","contentUrl":"https:\/\/secure.gravatar.com\/avatar\/a5fe39bf4f5335b8bac36eefa0b41467221b1598bfea5f05159a0199e391eed0?s=96&d=mm&r=g","caption":"J\u00f6rg Lau"},"url":"https:\/\/blog.zeit.de\/joerglau\/author\/joerg-lau"}]}},"jetpack_featured_media_url":"","jetpack_sharing_enabled":true,"jetpack_shortlink":"https:\/\/wp.me\/pG02W-GS","_links":{"self":[{"href":"https:\/\/blog.zeit.de\/joerglau\/wp-json\/wp\/v2\/posts\/2658","targetHints":{"allow":["GET"]}}],"collection":[{"href":"https:\/\/blog.zeit.de\/joerglau\/wp-json\/wp\/v2\/posts"}],"about":[{"href":"https:\/\/blog.zeit.de\/joerglau\/wp-json\/wp\/v2\/types\/post"}],"author":[{"embeddable":true,"href":"https:\/\/blog.zeit.de\/joerglau\/wp-json\/wp\/v2\/users\/54"}],"replies":[{"embeddable":true,"href":"https:\/\/blog.zeit.de\/joerglau\/wp-json\/wp\/v2\/comments?post=2658"}],"version-history":[{"count":0,"href":"https:\/\/blog.zeit.de\/joerglau\/wp-json\/wp\/v2\/posts\/2658\/revisions"}],"wp:attachment":[{"href":"https:\/\/blog.zeit.de\/joerglau\/wp-json\/wp\/v2\/media?parent=2658"}],"wp:term":[{"taxonomy":"category","embeddable":true,"href":"https:\/\/blog.zeit.de\/joerglau\/wp-json\/wp\/v2\/categories?post=2658"},{"taxonomy":"post_tag","embeddable":true,"href":"https:\/\/blog.zeit.de\/joerglau\/wp-json\/wp\/v2\/tags?post=2658"}],"curies":[{"name":"wp","href":"https:\/\/api.w.org\/{rel}","templated":true}]}}