{"id":2671,"date":"2009-06-25T11:30:37","date_gmt":"2009-06-25T09:30:37","guid":{"rendered":"http:\/\/blog.zeit.de\/joerglau\/?p=2671"},"modified":"2009-06-25T11:30:37","modified_gmt":"2009-06-25T09:30:37","slug":"gott-ist-gros","status":"publish","type":"post","link":"https:\/\/blog.zeit.de\/joerglau\/2009\/06\/25\/gott-ist-gros_2671","title":{"rendered":"&#8222;Gott ist gro\u00df&#8220;"},"content":{"rendered":"<p>Etwas hat sich ver\u00e4ndert im Iran. Es sind Risse im Geb\u00e4lk des Systems sichtbar geworden, die eines Tages zu seinem Einsturz f\u00fchren k\u00f6nnen.<br \/>\nUnd es hat sich auch etwas am Bild des Iran in der Welt ver\u00e4ndert. Nun steht nicht mehr nur &#8222;der Irre von Teheran&#8220; f\u00fcr dieses Land, sondern auch die Menschen, die sich immer noch nicht, nach 30 Jahren Diktatur, an Stiefel im Genick gew\u00f6hnen m\u00f6gen.<br \/>\nSo schreibt <a href=\"http:\/\/www.haaretz.com\/hasen\/spages\/1093996.html\">Bradley Burston in Ha&#8217;aretz<\/a>: &#8222;Ich h\u00e4tte mir nie vorstellen k\u00f6nnen, dass ich den Iran (im Fussball) unterst\u00fctzen w\u00fcrde.&#8220; Er bezieht sich dabei auf die gr\u00fcnen B\u00e4nder, die die Spieler des Iran beim Spiel gegen Korea getragen hatten, um die Opposition zu unterst\u00fctzen:<\/p>\n<p><em>Now, though, the people in Tehran&#8217;s streets have made it possible to begin to see past Ahmadinejad. I have to get used to Iran not as a cartoon bully, but as my neighbor. Not because they will go nuclear &#8211; though nuclear they may well go. But because it is a nation of people, as we are, not pawns in an increasingly obsolete revolution.<\/p>\n<p>It often seems that fundamentalism is the curse of the Middle East. In Israel, in Palestine, in Lebanon, in Iraq and Iran, it appears at first glance that it is fundamentalism that keeps peace at bay, that it has cursed Israel with settlements and faith-based racism; that it has cursed the Palestinians with anti-Jewish incitement and dated ideology which has kept statehood a practical impossibility; that it makes Hezbollah worship weaponry over all else; and that it has has spurred brother Muslims, Shi&#8217;ites and Sunnis in Iraq, to suicide bomb each other&#8217;s mosques, and each other.<\/p>\n<p>But this view is too simple. It fails to take into account the fact that it is not religion per se, but its unholy marriage with politics, that yields the excesses that rob people of their freedom, dignity, and a future of peace. When fundamentalism becomes revolution, the truth that is in religion, becomes the first casualty.<\/em><\/p>\n<p>Und so sah es gestern in Teheran aus, man achte auf die Rufe der Menschen. &#8222;Allahu akbar&#8220; &#8211; das kann auch heissen: Schert euch zum Teufel, verdammte Mullahs.<\/p>\n<div><iframe loading=\"lazy\" src=\"http:\/\/www.huffingtonpost.com\/video\/video_1247.html?1245892399\" width=\"420\" height=\"340\" frameborder=\"0\" border=\"0\" cellspacing=\"0\" scrolling=\"no\" marginwidth=\"0\" marginheight=\"0\" style=\"border:0px;overflow: hidden;\"><\/iframe><\/div>\n","protected":false},"excerpt":{"rendered":"<p>Etwas hat sich ver\u00e4ndert im Iran. Es sind Risse im Geb\u00e4lk des Systems sichtbar geworden, die eines Tages zu seinem Einsturz f\u00fchren k\u00f6nnen. Und es hat sich auch etwas am Bild des Iran in der Welt ver\u00e4ndert. Nun steht nicht mehr nur &#8222;der Irre von Teheran&#8220; f\u00fcr dieses Land, sondern auch die Menschen, die sich [&hellip;]<\/p>\n","protected":false},"author":54,"featured_media":0,"comment_status":"open","ping_status":"closed","sticky":false,"template":"","format":"standard","meta":{"jetpack_post_was_ever_published":false,"footnotes":""},"categories":[166],"tags":[],"class_list":["post-2671","post","type-post","status-publish","format-standard","hentry","category-iran"],"yoast_head":"<!-- This site is optimized with the Yoast SEO plugin v21.0 - https:\/\/yoast.com\/wordpress\/plugins\/seo\/ -->\n<title>&quot;Gott ist gro\u00df&quot; - J\u00f6rg Lau<\/title>\n<meta name=\"robots\" content=\"index, follow, max-snippet:-1, max-image-preview:large, max-video-preview:-1\" \/>\n<link rel=\"canonical\" href=\"https:\/\/blog.zeit.de\/joerglau\/2009\/06\/25\/gott-ist-gros_2671\" \/>\n<meta property=\"og:locale\" content=\"de_DE\" \/>\n<meta property=\"og:type\" content=\"article\" \/>\n<meta property=\"og:title\" content=\"&quot;Gott ist gro\u00df&quot; - J\u00f6rg Lau\" \/>\n<meta property=\"og:description\" content=\"Etwas hat sich ver\u00e4ndert im Iran. Es sind Risse im Geb\u00e4lk des Systems sichtbar geworden, die eines Tages zu seinem Einsturz f\u00fchren k\u00f6nnen. Und es hat sich auch etwas am Bild des Iran in der Welt ver\u00e4ndert. Nun steht nicht mehr nur &#8222;der Irre von Teheran&#8220; f\u00fcr dieses Land, sondern auch die Menschen, die sich [&hellip;]\" \/>\n<meta property=\"og:url\" content=\"https:\/\/blog.zeit.de\/joerglau\/2009\/06\/25\/gott-ist-gros_2671\" \/>\n<meta property=\"og:site_name\" content=\"J\u00f6rg Lau\" \/>\n<meta property=\"article:published_time\" content=\"2009-06-25T09:30:37+00:00\" \/>\n<meta name=\"author\" content=\"J\u00f6rg Lau\" \/>\n<meta name=\"twitter:card\" content=\"summary_large_image\" \/>\n<meta name=\"twitter:label1\" content=\"Geschrieben von\" \/>\n\t<meta name=\"twitter:data1\" content=\"J\u00f6rg Lau\" \/>\n\t<meta name=\"twitter:label2\" content=\"Gesch\u00e4tzte Lesezeit\" \/>\n\t<meta name=\"twitter:data2\" content=\"2\u00a0Minuten\" \/>\n<script type=\"application\/ld+json\" class=\"yoast-schema-graph\">{\"@context\":\"https:\/\/schema.org\",\"@graph\":[{\"@type\":\"WebPage\",\"@id\":\"https:\/\/blog.zeit.de\/joerglau\/2009\/06\/25\/gott-ist-gros_2671\",\"url\":\"https:\/\/blog.zeit.de\/joerglau\/2009\/06\/25\/gott-ist-gros_2671\",\"name\":\"\\\"Gott ist gro\u00df\\\" - J\u00f6rg Lau\",\"isPartOf\":{\"@id\":\"https:\/\/blog.zeit.de\/joerglau\/#website\"},\"datePublished\":\"2009-06-25T09:30:37+00:00\",\"dateModified\":\"2009-06-25T09:30:37+00:00\",\"author\":{\"@id\":\"https:\/\/blog.zeit.de\/joerglau\/#\/schema\/person\/55f0be9bfac24815791fbc852b042f57\"},\"breadcrumb\":{\"@id\":\"https:\/\/blog.zeit.de\/joerglau\/2009\/06\/25\/gott-ist-gros_2671#breadcrumb\"},\"inLanguage\":\"de\",\"potentialAction\":[{\"@type\":\"ReadAction\",\"target\":[\"https:\/\/blog.zeit.de\/joerglau\/2009\/06\/25\/gott-ist-gros_2671\"]}]},{\"@type\":\"BreadcrumbList\",\"@id\":\"https:\/\/blog.zeit.de\/joerglau\/2009\/06\/25\/gott-ist-gros_2671#breadcrumb\",\"itemListElement\":[{\"@type\":\"ListItem\",\"position\":1,\"name\":\"Startseite\",\"item\":\"https:\/\/blog.zeit.de\/joerglau\"},{\"@type\":\"ListItem\",\"position\":2,\"name\":\"&#8222;Gott ist gro\u00df&#8220;\"}]},{\"@type\":\"WebSite\",\"@id\":\"https:\/\/blog.zeit.de\/joerglau\/#website\",\"url\":\"https:\/\/blog.zeit.de\/joerglau\/\",\"name\":\"J\u00f6rg Lau\",\"description\":\"Ein Blog \u00fcber Religion und Politik\",\"potentialAction\":[{\"@type\":\"SearchAction\",\"target\":{\"@type\":\"EntryPoint\",\"urlTemplate\":\"https:\/\/blog.zeit.de\/joerglau\/?s={search_term_string}\"},\"query-input\":\"required name=search_term_string\"}],\"inLanguage\":\"de\"},{\"@type\":\"Person\",\"@id\":\"https:\/\/blog.zeit.de\/joerglau\/#\/schema\/person\/55f0be9bfac24815791fbc852b042f57\",\"name\":\"J\u00f6rg Lau\",\"image\":{\"@type\":\"ImageObject\",\"inLanguage\":\"de\",\"@id\":\"https:\/\/blog.zeit.de\/joerglau\/#\/schema\/person\/image\/\",\"url\":\"https:\/\/secure.gravatar.com\/avatar\/a5fe39bf4f5335b8bac36eefa0b41467221b1598bfea5f05159a0199e391eed0?s=96&d=mm&r=g\",\"contentUrl\":\"https:\/\/secure.gravatar.com\/avatar\/a5fe39bf4f5335b8bac36eefa0b41467221b1598bfea5f05159a0199e391eed0?s=96&d=mm&r=g\",\"caption\":\"J\u00f6rg Lau\"},\"url\":\"https:\/\/blog.zeit.de\/joerglau\/author\/joerg-lau\"}]}<\/script>\n<!-- \/ Yoast SEO plugin. -->","yoast_head_json":{"title":"\"Gott ist gro\u00df\" - J\u00f6rg Lau","robots":{"index":"index","follow":"follow","max-snippet":"max-snippet:-1","max-image-preview":"max-image-preview:large","max-video-preview":"max-video-preview:-1"},"canonical":"https:\/\/blog.zeit.de\/joerglau\/2009\/06\/25\/gott-ist-gros_2671","og_locale":"de_DE","og_type":"article","og_title":"\"Gott ist gro\u00df\" - J\u00f6rg Lau","og_description":"Etwas hat sich ver\u00e4ndert im Iran. Es sind Risse im Geb\u00e4lk des Systems sichtbar geworden, die eines Tages zu seinem Einsturz f\u00fchren k\u00f6nnen. Und es hat sich auch etwas am Bild des Iran in der Welt ver\u00e4ndert. Nun steht nicht mehr nur &#8222;der Irre von Teheran&#8220; f\u00fcr dieses Land, sondern auch die Menschen, die sich [&hellip;]","og_url":"https:\/\/blog.zeit.de\/joerglau\/2009\/06\/25\/gott-ist-gros_2671","og_site_name":"J\u00f6rg Lau","article_published_time":"2009-06-25T09:30:37+00:00","author":"J\u00f6rg Lau","twitter_card":"summary_large_image","twitter_misc":{"Geschrieben von":"J\u00f6rg Lau","Gesch\u00e4tzte Lesezeit":"2\u00a0Minuten"},"schema":{"@context":"https:\/\/schema.org","@graph":[{"@type":"WebPage","@id":"https:\/\/blog.zeit.de\/joerglau\/2009\/06\/25\/gott-ist-gros_2671","url":"https:\/\/blog.zeit.de\/joerglau\/2009\/06\/25\/gott-ist-gros_2671","name":"\"Gott ist gro\u00df\" - J\u00f6rg Lau","isPartOf":{"@id":"https:\/\/blog.zeit.de\/joerglau\/#website"},"datePublished":"2009-06-25T09:30:37+00:00","dateModified":"2009-06-25T09:30:37+00:00","author":{"@id":"https:\/\/blog.zeit.de\/joerglau\/#\/schema\/person\/55f0be9bfac24815791fbc852b042f57"},"breadcrumb":{"@id":"https:\/\/blog.zeit.de\/joerglau\/2009\/06\/25\/gott-ist-gros_2671#breadcrumb"},"inLanguage":"de","potentialAction":[{"@type":"ReadAction","target":["https:\/\/blog.zeit.de\/joerglau\/2009\/06\/25\/gott-ist-gros_2671"]}]},{"@type":"BreadcrumbList","@id":"https:\/\/blog.zeit.de\/joerglau\/2009\/06\/25\/gott-ist-gros_2671#breadcrumb","itemListElement":[{"@type":"ListItem","position":1,"name":"Startseite","item":"https:\/\/blog.zeit.de\/joerglau"},{"@type":"ListItem","position":2,"name":"&#8222;Gott ist gro\u00df&#8220;"}]},{"@type":"WebSite","@id":"https:\/\/blog.zeit.de\/joerglau\/#website","url":"https:\/\/blog.zeit.de\/joerglau\/","name":"J\u00f6rg Lau","description":"Ein Blog \u00fcber Religion und Politik","potentialAction":[{"@type":"SearchAction","target":{"@type":"EntryPoint","urlTemplate":"https:\/\/blog.zeit.de\/joerglau\/?s={search_term_string}"},"query-input":"required name=search_term_string"}],"inLanguage":"de"},{"@type":"Person","@id":"https:\/\/blog.zeit.de\/joerglau\/#\/schema\/person\/55f0be9bfac24815791fbc852b042f57","name":"J\u00f6rg Lau","image":{"@type":"ImageObject","inLanguage":"de","@id":"https:\/\/blog.zeit.de\/joerglau\/#\/schema\/person\/image\/","url":"https:\/\/secure.gravatar.com\/avatar\/a5fe39bf4f5335b8bac36eefa0b41467221b1598bfea5f05159a0199e391eed0?s=96&d=mm&r=g","contentUrl":"https:\/\/secure.gravatar.com\/avatar\/a5fe39bf4f5335b8bac36eefa0b41467221b1598bfea5f05159a0199e391eed0?s=96&d=mm&r=g","caption":"J\u00f6rg Lau"},"url":"https:\/\/blog.zeit.de\/joerglau\/author\/joerg-lau"}]}},"jetpack_featured_media_url":"","jetpack_sharing_enabled":true,"jetpack_shortlink":"https:\/\/wp.me\/pG02W-H5","_links":{"self":[{"href":"https:\/\/blog.zeit.de\/joerglau\/wp-json\/wp\/v2\/posts\/2671","targetHints":{"allow":["GET"]}}],"collection":[{"href":"https:\/\/blog.zeit.de\/joerglau\/wp-json\/wp\/v2\/posts"}],"about":[{"href":"https:\/\/blog.zeit.de\/joerglau\/wp-json\/wp\/v2\/types\/post"}],"author":[{"embeddable":true,"href":"https:\/\/blog.zeit.de\/joerglau\/wp-json\/wp\/v2\/users\/54"}],"replies":[{"embeddable":true,"href":"https:\/\/blog.zeit.de\/joerglau\/wp-json\/wp\/v2\/comments?post=2671"}],"version-history":[{"count":0,"href":"https:\/\/blog.zeit.de\/joerglau\/wp-json\/wp\/v2\/posts\/2671\/revisions"}],"wp:attachment":[{"href":"https:\/\/blog.zeit.de\/joerglau\/wp-json\/wp\/v2\/media?parent=2671"}],"wp:term":[{"taxonomy":"category","embeddable":true,"href":"https:\/\/blog.zeit.de\/joerglau\/wp-json\/wp\/v2\/categories?post=2671"},{"taxonomy":"post_tag","embeddable":true,"href":"https:\/\/blog.zeit.de\/joerglau\/wp-json\/wp\/v2\/tags?post=2671"}],"curies":[{"name":"wp","href":"https:\/\/api.w.org\/{rel}","templated":true}]}}