{"id":2682,"date":"2009-06-25T22:50:50","date_gmt":"2009-06-25T20:50:50","guid":{"rendered":"http:\/\/blog.zeit.de\/joerglau\/?p=2682"},"modified":"2009-06-25T22:50:50","modified_gmt":"2009-06-25T20:50:50","slug":"mein-deutschland-versteht-ihr-nicht","status":"publish","type":"post","link":"https:\/\/blog.zeit.de\/joerglau\/2009\/06\/25\/mein-deutschland-versteht-ihr-nicht_2682","title":{"rendered":"&#8222;Mein Deutschland&#8220; versteht ihr nicht"},"content":{"rendered":"<p><em>Mitblogger Mattes gibt zu Bedenken:<\/em><\/p>\n<p>\u201cMein Deutschland\u201d ist kein geographischer sondern ein sozialer Ort.<\/p>\n<p>Er ist dort wo die Erfahrungen der Menschen nicht von Politik, Erziehung, Unterhaltung, Kommunikation oder Kunst dominiert sind. Die Menschen besch\u00e4ftigen sich hier damit, wie man Maschinen und Softwaresysteme entwirft und baut, wie man eine Produktions- oder Logistikkette organisiert oder wie man Gesch\u00e4fte f\u00fchrt.<\/p>\n<p>Diese Menschen sehen auf das was Sie schreiben und was die Politik tut aus dem Blickwinkel Ihrer Erfahrung, und die (Perspektive) unterscheidet sich in deutlich von Ihrem Softskilluniversum.<\/p>\n<p>Wenn in der Technik ein Fehler passiert, ist hinterher meistens klar, wer verantwortlich ist und was er falsch gemacht hat. Das bedingt eine gewisse Abneigung gegen unkontrollierte Experimente. Ein Bauingenieur wird keine Elemente ohne baurechtliche Zulassung verbauen, ein Chemiker keine ungepr\u00fcften Rohstoffe in eine hunderte Millionen teure Produktionsanlage einspeisen.<\/p>\n<p>Eine meiner Aufgaben ist es, Experten zusammen zu bringen um technische Probleme zu l\u00f6sen. Glauben Sie ernsthaft, ich k\u00f6nnte mich in dieser Rolle verhalten wie unsere Politiker? Welche Reaktion w\u00fcrden Sie von mir erwarten wenn jemand zu mir kommt und sagt: \u201cIch m\u00f6chte gerne Mitglied dieses Teams werden, denn die Leute in dieser Truppe haben die beste Arbeit. Ich kann zwar nichts, was ihr brauchen k\u00f6nnt und eigentlich will ich auch gar nicht Teil des Teams werden, aber nehmt mich, gebt mir alle Rechte und dann sehen wir schon wie es weitergeht\u201d. Alleine die Vorstellung ist absurd!<\/p>\n<p>Das Problem dabei ist, dass die Menschen, denen es geht wir mir, sich Ihnen, der Presse, den Meinungsmachern und Multiplikatoren, nicht verst\u00e4ndlich machen k\u00f6nnen, denn sie beherrschen den Jargon nicht und haben in Ihren Kreisen keine \u201ccredibility\u201d.<\/p>\n<p>Ich unterstelle Sch\u00e4uble, dass er die besten Absichten hat, aber er hat keine Vergleichswerte, er experimentiert und die Menschen sehen das.<\/p>\n<p>Sie sehen, dass ihr Arbeitgeber Deutschkurse organisiert und sogar die Kosten tragen wil,l und die Kurse werden mangels Teilnahme abgesagt.<br \/>\nSie h\u00f6ren, dass im Semester des \u00c4ltesten unter fast 200 Studenten (naturwissenschafliches Fach) kein einziger T\u00fcrke ist, und fragen sich, wo die Bereicherung herkommen soll.<br \/>\nSie stellen mit frustrierter \u00dcberraschung fest, dass der Wert von Omas H\u00e4uschen in der Altstadt rapide verf\u00e4llt. weil es inzwischen in einem halben Ghetto liegt.<br \/>\nInzwischen kennt selbst in den Kleinst\u00e4dten jeder F\u00e4lle von angedrohter oder ausge\u00fcbter Gewalt im unmittelbaren Umfeld.<\/p>\n<p>Dadurch dass man irgendwelche Thesen oder Hoffnungen gebetsm\u00fchlenartig wiederholt, kann man diese Menschen gegen die wahrgenommenen Fakten nicht \u00fcberzeugen.<\/p>\n<p>\u00dcbrigens erh\u00f6ht man auch nicht seine Glaubw\u00fcrdigkeit, indem man sich von irgendwelchen Scheichs d\u00fcpieren l\u00e4sst, am wenigsten bei den Scheichs selbst.<\/p>\n","protected":false},"excerpt":{"rendered":"<p>Mitblogger Mattes gibt zu Bedenken: \u201cMein Deutschland\u201d ist kein geographischer sondern ein sozialer Ort. Er ist dort wo die Erfahrungen der Menschen nicht von Politik, Erziehung, Unterhaltung, Kommunikation oder Kunst dominiert sind. Die Menschen besch\u00e4ftigen sich hier damit, wie man Maschinen und Softwaresysteme entwirft und baut, wie man eine Produktions- oder Logistikkette organisiert oder wie [&hellip;]<\/p>\n","protected":false},"author":54,"featured_media":0,"comment_status":"open","ping_status":"closed","sticky":false,"template":"","format":"standard","meta":{"jetpack_post_was_ever_published":false,"footnotes":""},"categories":[158],"tags":[],"class_list":["post-2682","post","type-post","status-publish","format-standard","hentry","category-dissens-des-tages"],"yoast_head":"<!-- This site is optimized with the Yoast SEO plugin v21.0 - https:\/\/yoast.com\/wordpress\/plugins\/seo\/ -->\n<title>&quot;Mein Deutschland&quot; versteht ihr nicht - J\u00f6rg Lau<\/title>\n<meta name=\"robots\" content=\"index, follow, max-snippet:-1, max-image-preview:large, max-video-preview:-1\" \/>\n<link rel=\"canonical\" href=\"https:\/\/blog.zeit.de\/joerglau\/2009\/06\/25\/mein-deutschland-versteht-ihr-nicht_2682\" \/>\n<meta property=\"og:locale\" content=\"de_DE\" \/>\n<meta property=\"og:type\" content=\"article\" \/>\n<meta property=\"og:title\" content=\"&quot;Mein Deutschland&quot; versteht ihr nicht - J\u00f6rg Lau\" \/>\n<meta property=\"og:description\" content=\"Mitblogger Mattes gibt zu Bedenken: \u201cMein Deutschland\u201d ist kein geographischer sondern ein sozialer Ort. Er ist dort wo die Erfahrungen der Menschen nicht von Politik, Erziehung, Unterhaltung, Kommunikation oder Kunst dominiert sind. Die Menschen besch\u00e4ftigen sich hier damit, wie man Maschinen und Softwaresysteme entwirft und baut, wie man eine Produktions- oder Logistikkette organisiert oder wie [&hellip;]\" \/>\n<meta property=\"og:url\" content=\"https:\/\/blog.zeit.de\/joerglau\/2009\/06\/25\/mein-deutschland-versteht-ihr-nicht_2682\" \/>\n<meta property=\"og:site_name\" content=\"J\u00f6rg Lau\" \/>\n<meta property=\"article:published_time\" content=\"2009-06-25T20:50:50+00:00\" \/>\n<meta name=\"author\" content=\"J\u00f6rg Lau\" \/>\n<meta name=\"twitter:card\" content=\"summary_large_image\" \/>\n<meta name=\"twitter:label1\" content=\"Geschrieben von\" \/>\n\t<meta name=\"twitter:data1\" content=\"J\u00f6rg Lau\" \/>\n\t<meta name=\"twitter:label2\" content=\"Gesch\u00e4tzte Lesezeit\" \/>\n\t<meta name=\"twitter:data2\" content=\"2\u00a0Minuten\" \/>\n<script type=\"application\/ld+json\" class=\"yoast-schema-graph\">{\"@context\":\"https:\/\/schema.org\",\"@graph\":[{\"@type\":\"WebPage\",\"@id\":\"https:\/\/blog.zeit.de\/joerglau\/2009\/06\/25\/mein-deutschland-versteht-ihr-nicht_2682\",\"url\":\"https:\/\/blog.zeit.de\/joerglau\/2009\/06\/25\/mein-deutschland-versteht-ihr-nicht_2682\",\"name\":\"\\\"Mein Deutschland\\\" versteht ihr nicht - J\u00f6rg Lau\",\"isPartOf\":{\"@id\":\"https:\/\/blog.zeit.de\/joerglau\/#website\"},\"datePublished\":\"2009-06-25T20:50:50+00:00\",\"dateModified\":\"2009-06-25T20:50:50+00:00\",\"author\":{\"@id\":\"https:\/\/blog.zeit.de\/joerglau\/#\/schema\/person\/55f0be9bfac24815791fbc852b042f57\"},\"breadcrumb\":{\"@id\":\"https:\/\/blog.zeit.de\/joerglau\/2009\/06\/25\/mein-deutschland-versteht-ihr-nicht_2682#breadcrumb\"},\"inLanguage\":\"de\",\"potentialAction\":[{\"@type\":\"ReadAction\",\"target\":[\"https:\/\/blog.zeit.de\/joerglau\/2009\/06\/25\/mein-deutschland-versteht-ihr-nicht_2682\"]}]},{\"@type\":\"BreadcrumbList\",\"@id\":\"https:\/\/blog.zeit.de\/joerglau\/2009\/06\/25\/mein-deutschland-versteht-ihr-nicht_2682#breadcrumb\",\"itemListElement\":[{\"@type\":\"ListItem\",\"position\":1,\"name\":\"Startseite\",\"item\":\"https:\/\/blog.zeit.de\/joerglau\"},{\"@type\":\"ListItem\",\"position\":2,\"name\":\"&#8222;Mein Deutschland&#8220; versteht ihr nicht\"}]},{\"@type\":\"WebSite\",\"@id\":\"https:\/\/blog.zeit.de\/joerglau\/#website\",\"url\":\"https:\/\/blog.zeit.de\/joerglau\/\",\"name\":\"J\u00f6rg Lau\",\"description\":\"Ein Blog \u00fcber Religion und Politik\",\"potentialAction\":[{\"@type\":\"SearchAction\",\"target\":{\"@type\":\"EntryPoint\",\"urlTemplate\":\"https:\/\/blog.zeit.de\/joerglau\/?s={search_term_string}\"},\"query-input\":\"required name=search_term_string\"}],\"inLanguage\":\"de\"},{\"@type\":\"Person\",\"@id\":\"https:\/\/blog.zeit.de\/joerglau\/#\/schema\/person\/55f0be9bfac24815791fbc852b042f57\",\"name\":\"J\u00f6rg Lau\",\"image\":{\"@type\":\"ImageObject\",\"inLanguage\":\"de\",\"@id\":\"https:\/\/blog.zeit.de\/joerglau\/#\/schema\/person\/image\/\",\"url\":\"https:\/\/secure.gravatar.com\/avatar\/a5fe39bf4f5335b8bac36eefa0b41467221b1598bfea5f05159a0199e391eed0?s=96&d=mm&r=g\",\"contentUrl\":\"https:\/\/secure.gravatar.com\/avatar\/a5fe39bf4f5335b8bac36eefa0b41467221b1598bfea5f05159a0199e391eed0?s=96&d=mm&r=g\",\"caption\":\"J\u00f6rg Lau\"},\"url\":\"https:\/\/blog.zeit.de\/joerglau\/author\/joerg-lau\"}]}<\/script>\n<!-- \/ Yoast SEO plugin. -->","yoast_head_json":{"title":"\"Mein Deutschland\" versteht ihr nicht - J\u00f6rg Lau","robots":{"index":"index","follow":"follow","max-snippet":"max-snippet:-1","max-image-preview":"max-image-preview:large","max-video-preview":"max-video-preview:-1"},"canonical":"https:\/\/blog.zeit.de\/joerglau\/2009\/06\/25\/mein-deutschland-versteht-ihr-nicht_2682","og_locale":"de_DE","og_type":"article","og_title":"\"Mein Deutschland\" versteht ihr nicht - J\u00f6rg Lau","og_description":"Mitblogger Mattes gibt zu Bedenken: \u201cMein Deutschland\u201d ist kein geographischer sondern ein sozialer Ort. Er ist dort wo die Erfahrungen der Menschen nicht von Politik, Erziehung, Unterhaltung, Kommunikation oder Kunst dominiert sind. Die Menschen besch\u00e4ftigen sich hier damit, wie man Maschinen und Softwaresysteme entwirft und baut, wie man eine Produktions- oder Logistikkette organisiert oder wie [&hellip;]","og_url":"https:\/\/blog.zeit.de\/joerglau\/2009\/06\/25\/mein-deutschland-versteht-ihr-nicht_2682","og_site_name":"J\u00f6rg Lau","article_published_time":"2009-06-25T20:50:50+00:00","author":"J\u00f6rg Lau","twitter_card":"summary_large_image","twitter_misc":{"Geschrieben von":"J\u00f6rg Lau","Gesch\u00e4tzte Lesezeit":"2\u00a0Minuten"},"schema":{"@context":"https:\/\/schema.org","@graph":[{"@type":"WebPage","@id":"https:\/\/blog.zeit.de\/joerglau\/2009\/06\/25\/mein-deutschland-versteht-ihr-nicht_2682","url":"https:\/\/blog.zeit.de\/joerglau\/2009\/06\/25\/mein-deutschland-versteht-ihr-nicht_2682","name":"\"Mein Deutschland\" versteht ihr nicht - J\u00f6rg Lau","isPartOf":{"@id":"https:\/\/blog.zeit.de\/joerglau\/#website"},"datePublished":"2009-06-25T20:50:50+00:00","dateModified":"2009-06-25T20:50:50+00:00","author":{"@id":"https:\/\/blog.zeit.de\/joerglau\/#\/schema\/person\/55f0be9bfac24815791fbc852b042f57"},"breadcrumb":{"@id":"https:\/\/blog.zeit.de\/joerglau\/2009\/06\/25\/mein-deutschland-versteht-ihr-nicht_2682#breadcrumb"},"inLanguage":"de","potentialAction":[{"@type":"ReadAction","target":["https:\/\/blog.zeit.de\/joerglau\/2009\/06\/25\/mein-deutschland-versteht-ihr-nicht_2682"]}]},{"@type":"BreadcrumbList","@id":"https:\/\/blog.zeit.de\/joerglau\/2009\/06\/25\/mein-deutschland-versteht-ihr-nicht_2682#breadcrumb","itemListElement":[{"@type":"ListItem","position":1,"name":"Startseite","item":"https:\/\/blog.zeit.de\/joerglau"},{"@type":"ListItem","position":2,"name":"&#8222;Mein Deutschland&#8220; versteht ihr nicht"}]},{"@type":"WebSite","@id":"https:\/\/blog.zeit.de\/joerglau\/#website","url":"https:\/\/blog.zeit.de\/joerglau\/","name":"J\u00f6rg Lau","description":"Ein Blog \u00fcber Religion und Politik","potentialAction":[{"@type":"SearchAction","target":{"@type":"EntryPoint","urlTemplate":"https:\/\/blog.zeit.de\/joerglau\/?s={search_term_string}"},"query-input":"required name=search_term_string"}],"inLanguage":"de"},{"@type":"Person","@id":"https:\/\/blog.zeit.de\/joerglau\/#\/schema\/person\/55f0be9bfac24815791fbc852b042f57","name":"J\u00f6rg Lau","image":{"@type":"ImageObject","inLanguage":"de","@id":"https:\/\/blog.zeit.de\/joerglau\/#\/schema\/person\/image\/","url":"https:\/\/secure.gravatar.com\/avatar\/a5fe39bf4f5335b8bac36eefa0b41467221b1598bfea5f05159a0199e391eed0?s=96&d=mm&r=g","contentUrl":"https:\/\/secure.gravatar.com\/avatar\/a5fe39bf4f5335b8bac36eefa0b41467221b1598bfea5f05159a0199e391eed0?s=96&d=mm&r=g","caption":"J\u00f6rg Lau"},"url":"https:\/\/blog.zeit.de\/joerglau\/author\/joerg-lau"}]}},"jetpack_featured_media_url":"","jetpack_sharing_enabled":true,"jetpack_shortlink":"https:\/\/wp.me\/pG02W-Hg","_links":{"self":[{"href":"https:\/\/blog.zeit.de\/joerglau\/wp-json\/wp\/v2\/posts\/2682","targetHints":{"allow":["GET"]}}],"collection":[{"href":"https:\/\/blog.zeit.de\/joerglau\/wp-json\/wp\/v2\/posts"}],"about":[{"href":"https:\/\/blog.zeit.de\/joerglau\/wp-json\/wp\/v2\/types\/post"}],"author":[{"embeddable":true,"href":"https:\/\/blog.zeit.de\/joerglau\/wp-json\/wp\/v2\/users\/54"}],"replies":[{"embeddable":true,"href":"https:\/\/blog.zeit.de\/joerglau\/wp-json\/wp\/v2\/comments?post=2682"}],"version-history":[{"count":0,"href":"https:\/\/blog.zeit.de\/joerglau\/wp-json\/wp\/v2\/posts\/2682\/revisions"}],"wp:attachment":[{"href":"https:\/\/blog.zeit.de\/joerglau\/wp-json\/wp\/v2\/media?parent=2682"}],"wp:term":[{"taxonomy":"category","embeddable":true,"href":"https:\/\/blog.zeit.de\/joerglau\/wp-json\/wp\/v2\/categories?post=2682"},{"taxonomy":"post_tag","embeddable":true,"href":"https:\/\/blog.zeit.de\/joerglau\/wp-json\/wp\/v2\/tags?post=2682"}],"curies":[{"name":"wp","href":"https:\/\/api.w.org\/{rel}","templated":true}]}}