{"id":2698,"date":"2009-06-29T11:48:37","date_gmt":"2009-06-29T09:48:37","guid":{"rendered":"http:\/\/blog.zeit.de\/joerglau\/?p=2698"},"modified":"2009-06-29T11:48:37","modified_gmt":"2009-06-29T09:48:37","slug":"der-protest-im-iran-geht-weiter","status":"publish","type":"post","link":"https:\/\/blog.zeit.de\/joerglau\/2009\/06\/29\/der-protest-im-iran-geht-weiter_2698","title":{"rendered":"Der Protest im Iran geht weiter"},"content":{"rendered":"<p>Eine Szene von gestern bei der Ghoba Moschee in Teheran, wo eine Trauerfeier f\u00fcr die Opfer der Unruhen abgehalten wurde (zu der Mussawi aufgerufen hatte, aber nicht selber erschien). Die Menge ruft &#8222;Oh Hussein. Mir Hussein.&#8220; Ersteres bezieht sich auf den schiitischen M\u00e4rtyrer Hussein, den Enkel des Propheten. Zweites auf den unterlegenen Kandidaten Mir Hussein Mussawi.<\/p>\n<p><object width=\"425\" height=\"344\"><param name=\"movie\" value=\"http:\/\/www.youtube.com\/v\/5v-OOpUbkm8&#038;color1=0xb1b1b1&#038;color2=0xcfcfcf&#038;hl=en&#038;feature=player_embedded&#038;fs=1\"><\/param><param name=\"allowFullScreen\" value=\"true\"><\/param><param name=\"allowScriptAccess\" value=\"always\"><\/param><\/object><\/p>\n","protected":false},"excerpt":{"rendered":"<p>Eine Szene von gestern bei der Ghoba Moschee in Teheran, wo eine Trauerfeier f\u00fcr die Opfer der Unruhen abgehalten wurde (zu der Mussawi aufgerufen hatte, aber nicht selber erschien). Die Menge ruft &#8222;Oh Hussein. Mir Hussein.&#8220; Ersteres bezieht sich auf den schiitischen M\u00e4rtyrer Hussein, den Enkel des Propheten. Zweites auf den unterlegenen Kandidaten Mir Hussein [&hellip;]<\/p>\n","protected":false},"author":54,"featured_media":0,"comment_status":"open","ping_status":"closed","sticky":false,"template":"","format":"standard","meta":{"jetpack_post_was_ever_published":false,"footnotes":""},"categories":[166],"tags":[],"class_list":["post-2698","post","type-post","status-publish","format-standard","hentry","category-iran"],"yoast_head":"<!-- This site is optimized with the Yoast SEO plugin v21.0 - https:\/\/yoast.com\/wordpress\/plugins\/seo\/ -->\n<title>Der Protest im Iran geht weiter - J\u00f6rg Lau<\/title>\n<meta name=\"robots\" content=\"index, follow, max-snippet:-1, max-image-preview:large, max-video-preview:-1\" \/>\n<link rel=\"canonical\" href=\"https:\/\/blog.zeit.de\/joerglau\/2009\/06\/29\/der-protest-im-iran-geht-weiter_2698\" \/>\n<meta property=\"og:locale\" content=\"de_DE\" \/>\n<meta property=\"og:type\" content=\"article\" \/>\n<meta property=\"og:title\" content=\"Der Protest im Iran geht weiter - J\u00f6rg Lau\" \/>\n<meta property=\"og:description\" content=\"Eine Szene von gestern bei der Ghoba Moschee in Teheran, wo eine Trauerfeier f\u00fcr die Opfer der Unruhen abgehalten wurde (zu der Mussawi aufgerufen hatte, aber nicht selber erschien). Die Menge ruft &#8222;Oh Hussein. Mir Hussein.&#8220; Ersteres bezieht sich auf den schiitischen M\u00e4rtyrer Hussein, den Enkel des Propheten. Zweites auf den unterlegenen Kandidaten Mir Hussein [&hellip;]\" \/>\n<meta property=\"og:url\" content=\"https:\/\/blog.zeit.de\/joerglau\/2009\/06\/29\/der-protest-im-iran-geht-weiter_2698\" \/>\n<meta property=\"og:site_name\" content=\"J\u00f6rg Lau\" \/>\n<meta property=\"article:published_time\" content=\"2009-06-29T09:48:37+00:00\" \/>\n<meta name=\"author\" content=\"J\u00f6rg Lau\" \/>\n<meta name=\"twitter:card\" content=\"summary_large_image\" \/>\n<meta name=\"twitter:label1\" content=\"Geschrieben von\" \/>\n\t<meta name=\"twitter:data1\" content=\"J\u00f6rg Lau\" \/>\n<script type=\"application\/ld+json\" class=\"yoast-schema-graph\">{\"@context\":\"https:\/\/schema.org\",\"@graph\":[{\"@type\":\"WebPage\",\"@id\":\"https:\/\/blog.zeit.de\/joerglau\/2009\/06\/29\/der-protest-im-iran-geht-weiter_2698\",\"url\":\"https:\/\/blog.zeit.de\/joerglau\/2009\/06\/29\/der-protest-im-iran-geht-weiter_2698\",\"name\":\"Der Protest im Iran geht weiter - J\u00f6rg Lau\",\"isPartOf\":{\"@id\":\"https:\/\/blog.zeit.de\/joerglau\/#website\"},\"datePublished\":\"2009-06-29T09:48:37+00:00\",\"dateModified\":\"2009-06-29T09:48:37+00:00\",\"author\":{\"@id\":\"https:\/\/blog.zeit.de\/joerglau\/#\/schema\/person\/55f0be9bfac24815791fbc852b042f57\"},\"breadcrumb\":{\"@id\":\"https:\/\/blog.zeit.de\/joerglau\/2009\/06\/29\/der-protest-im-iran-geht-weiter_2698#breadcrumb\"},\"inLanguage\":\"de\",\"potentialAction\":[{\"@type\":\"ReadAction\",\"target\":[\"https:\/\/blog.zeit.de\/joerglau\/2009\/06\/29\/der-protest-im-iran-geht-weiter_2698\"]}]},{\"@type\":\"BreadcrumbList\",\"@id\":\"https:\/\/blog.zeit.de\/joerglau\/2009\/06\/29\/der-protest-im-iran-geht-weiter_2698#breadcrumb\",\"itemListElement\":[{\"@type\":\"ListItem\",\"position\":1,\"name\":\"Startseite\",\"item\":\"https:\/\/blog.zeit.de\/joerglau\"},{\"@type\":\"ListItem\",\"position\":2,\"name\":\"Der Protest im Iran geht weiter\"}]},{\"@type\":\"WebSite\",\"@id\":\"https:\/\/blog.zeit.de\/joerglau\/#website\",\"url\":\"https:\/\/blog.zeit.de\/joerglau\/\",\"name\":\"J\u00f6rg Lau\",\"description\":\"Ein Blog \u00fcber Religion und Politik\",\"potentialAction\":[{\"@type\":\"SearchAction\",\"target\":{\"@type\":\"EntryPoint\",\"urlTemplate\":\"https:\/\/blog.zeit.de\/joerglau\/?s={search_term_string}\"},\"query-input\":\"required name=search_term_string\"}],\"inLanguage\":\"de\"},{\"@type\":\"Person\",\"@id\":\"https:\/\/blog.zeit.de\/joerglau\/#\/schema\/person\/55f0be9bfac24815791fbc852b042f57\",\"name\":\"J\u00f6rg Lau\",\"image\":{\"@type\":\"ImageObject\",\"inLanguage\":\"de\",\"@id\":\"https:\/\/blog.zeit.de\/joerglau\/#\/schema\/person\/image\/\",\"url\":\"https:\/\/secure.gravatar.com\/avatar\/a5fe39bf4f5335b8bac36eefa0b41467221b1598bfea5f05159a0199e391eed0?s=96&d=mm&r=g\",\"contentUrl\":\"https:\/\/secure.gravatar.com\/avatar\/a5fe39bf4f5335b8bac36eefa0b41467221b1598bfea5f05159a0199e391eed0?s=96&d=mm&r=g\",\"caption\":\"J\u00f6rg Lau\"},\"url\":\"https:\/\/blog.zeit.de\/joerglau\/author\/joerg-lau\"}]}<\/script>\n<!-- \/ Yoast SEO plugin. -->","yoast_head_json":{"title":"Der Protest im Iran geht weiter - J\u00f6rg Lau","robots":{"index":"index","follow":"follow","max-snippet":"max-snippet:-1","max-image-preview":"max-image-preview:large","max-video-preview":"max-video-preview:-1"},"canonical":"https:\/\/blog.zeit.de\/joerglau\/2009\/06\/29\/der-protest-im-iran-geht-weiter_2698","og_locale":"de_DE","og_type":"article","og_title":"Der Protest im Iran geht weiter - J\u00f6rg Lau","og_description":"Eine Szene von gestern bei der Ghoba Moschee in Teheran, wo eine Trauerfeier f\u00fcr die Opfer der Unruhen abgehalten wurde (zu der Mussawi aufgerufen hatte, aber nicht selber erschien). Die Menge ruft &#8222;Oh Hussein. Mir Hussein.&#8220; Ersteres bezieht sich auf den schiitischen M\u00e4rtyrer Hussein, den Enkel des Propheten. Zweites auf den unterlegenen Kandidaten Mir Hussein [&hellip;]","og_url":"https:\/\/blog.zeit.de\/joerglau\/2009\/06\/29\/der-protest-im-iran-geht-weiter_2698","og_site_name":"J\u00f6rg Lau","article_published_time":"2009-06-29T09:48:37+00:00","author":"J\u00f6rg Lau","twitter_card":"summary_large_image","twitter_misc":{"Geschrieben von":"J\u00f6rg Lau"},"schema":{"@context":"https:\/\/schema.org","@graph":[{"@type":"WebPage","@id":"https:\/\/blog.zeit.de\/joerglau\/2009\/06\/29\/der-protest-im-iran-geht-weiter_2698","url":"https:\/\/blog.zeit.de\/joerglau\/2009\/06\/29\/der-protest-im-iran-geht-weiter_2698","name":"Der Protest im Iran geht weiter - J\u00f6rg Lau","isPartOf":{"@id":"https:\/\/blog.zeit.de\/joerglau\/#website"},"datePublished":"2009-06-29T09:48:37+00:00","dateModified":"2009-06-29T09:48:37+00:00","author":{"@id":"https:\/\/blog.zeit.de\/joerglau\/#\/schema\/person\/55f0be9bfac24815791fbc852b042f57"},"breadcrumb":{"@id":"https:\/\/blog.zeit.de\/joerglau\/2009\/06\/29\/der-protest-im-iran-geht-weiter_2698#breadcrumb"},"inLanguage":"de","potentialAction":[{"@type":"ReadAction","target":["https:\/\/blog.zeit.de\/joerglau\/2009\/06\/29\/der-protest-im-iran-geht-weiter_2698"]}]},{"@type":"BreadcrumbList","@id":"https:\/\/blog.zeit.de\/joerglau\/2009\/06\/29\/der-protest-im-iran-geht-weiter_2698#breadcrumb","itemListElement":[{"@type":"ListItem","position":1,"name":"Startseite","item":"https:\/\/blog.zeit.de\/joerglau"},{"@type":"ListItem","position":2,"name":"Der Protest im Iran geht weiter"}]},{"@type":"WebSite","@id":"https:\/\/blog.zeit.de\/joerglau\/#website","url":"https:\/\/blog.zeit.de\/joerglau\/","name":"J\u00f6rg Lau","description":"Ein Blog \u00fcber Religion und Politik","potentialAction":[{"@type":"SearchAction","target":{"@type":"EntryPoint","urlTemplate":"https:\/\/blog.zeit.de\/joerglau\/?s={search_term_string}"},"query-input":"required name=search_term_string"}],"inLanguage":"de"},{"@type":"Person","@id":"https:\/\/blog.zeit.de\/joerglau\/#\/schema\/person\/55f0be9bfac24815791fbc852b042f57","name":"J\u00f6rg Lau","image":{"@type":"ImageObject","inLanguage":"de","@id":"https:\/\/blog.zeit.de\/joerglau\/#\/schema\/person\/image\/","url":"https:\/\/secure.gravatar.com\/avatar\/a5fe39bf4f5335b8bac36eefa0b41467221b1598bfea5f05159a0199e391eed0?s=96&d=mm&r=g","contentUrl":"https:\/\/secure.gravatar.com\/avatar\/a5fe39bf4f5335b8bac36eefa0b41467221b1598bfea5f05159a0199e391eed0?s=96&d=mm&r=g","caption":"J\u00f6rg Lau"},"url":"https:\/\/blog.zeit.de\/joerglau\/author\/joerg-lau"}]}},"jetpack_featured_media_url":"","jetpack_sharing_enabled":true,"jetpack_shortlink":"https:\/\/wp.me\/pG02W-Hw","_links":{"self":[{"href":"https:\/\/blog.zeit.de\/joerglau\/wp-json\/wp\/v2\/posts\/2698","targetHints":{"allow":["GET"]}}],"collection":[{"href":"https:\/\/blog.zeit.de\/joerglau\/wp-json\/wp\/v2\/posts"}],"about":[{"href":"https:\/\/blog.zeit.de\/joerglau\/wp-json\/wp\/v2\/types\/post"}],"author":[{"embeddable":true,"href":"https:\/\/blog.zeit.de\/joerglau\/wp-json\/wp\/v2\/users\/54"}],"replies":[{"embeddable":true,"href":"https:\/\/blog.zeit.de\/joerglau\/wp-json\/wp\/v2\/comments?post=2698"}],"version-history":[{"count":0,"href":"https:\/\/blog.zeit.de\/joerglau\/wp-json\/wp\/v2\/posts\/2698\/revisions"}],"wp:attachment":[{"href":"https:\/\/blog.zeit.de\/joerglau\/wp-json\/wp\/v2\/media?parent=2698"}],"wp:term":[{"taxonomy":"category","embeddable":true,"href":"https:\/\/blog.zeit.de\/joerglau\/wp-json\/wp\/v2\/categories?post=2698"},{"taxonomy":"post_tag","embeddable":true,"href":"https:\/\/blog.zeit.de\/joerglau\/wp-json\/wp\/v2\/tags?post=2698"}],"curies":[{"name":"wp","href":"https:\/\/api.w.org\/{rel}","templated":true}]}}