{"id":2731,"date":"2009-07-04T18:23:36","date_gmt":"2009-07-04T16:23:36","guid":{"rendered":"http:\/\/blog.zeit.de\/joerglau\/?p=2731"},"modified":"2009-07-04T18:23:36","modified_gmt":"2009-07-04T16:23:36","slug":"marjane-satrapi-nicht-ist-mehr-wie-es-war-im-iran","status":"publish","type":"post","link":"https:\/\/blog.zeit.de\/joerglau\/2009\/07\/04\/marjane-satrapi-nicht-ist-mehr-wie-es-war-im-iran_2731","title":{"rendered":"Marjane Satrapi: Nicht ist mehr wie es war im Iran!"},"content":{"rendered":"<p>Die gro\u00dfartige iranische Zeichnerin und Filmemacherin Marjane Satrapi lebt nun schon seit mehr als 10 Jahren im Exil. In der New York Times hat sie aufgeschrieben, was die Demonstrationen der Opposition in ihr ausl\u00f6sten. (Unten ein Trailer f\u00fcr ihren Film &#8222;Persepolis&#8220; &#8211; \u00fcber das Aufwachsen mit der Revolution &#8211; und gegen die Revolution &#8211; muss man gesehen haben!)<\/p>\n<p><em>The question much of the media asked before the election was: \u201cAre Iranians ready for democracy?\u201d<\/p>\n<p>\u201cYES!\u201d came the answer, loud and oh, so clear.<\/p>\n<p>With a voter turnout of 85 percent, they started to dream that change was possible.<\/p>\n<p>They started to believe \u201cYes they can,\u201d too.<\/p>\n<p>It\u2019s likely needless to remind you that this was not the first time Iranians showed how much they love freedom. Look only at the 20th century: They launched the Constitutional Revolution of 1906 (the first in Asia); nationalized the oil industry in 1951 (the first Middle Eastern country to do so); mounted the revolution of 1979; and engineered the student revolt of 1999. Which brings us to now, and that deafening cry for democracy.<\/p>\n<p>Almost 20 years ago, when I started studying art in Tehran, the very idea of \u201cpolitics\u201d was so frightening that we didn\u2019t even dare think about it. To talk about it? Beyond belief!<\/p>\n<p>To demonstrate in the streets against the president? Surreal!<\/p>\n<p>Criticize the supreme leader? Apocalyptic!<\/p>\n<p>Shouting \u201cDown with Khamenei\u201d? Death!<\/p>\n<p>Death, torture and prison are part of daily life for the youth of Iran. They are not like us, my friends and I at their age; they are not scared. They are not what we were.<\/p>\n<p>They hold hands and scream: \u201cDon\u2019t be afraid! Don\u2019t be afraid! We are together!\u201d<\/p>\n<p>They understand that no one will give them their rights; they must go get them.<\/p>\n<p>They understand that unlike the generation before them \u2014 my generation, for whom the dream was to leave Iran \u2014 the real dream is not to leave Iran but to fight for it, to free it, to love it and to reconstruct it.<\/p>\n<p>They hold hands and scream: \u201cWe will fight! We will die! But we won\u2019t be humiliated!\u201d<\/p>\n<p>They went out knowing that going to each demonstration meant signing their death warrants.<\/p>\n<p>Today I read somewhere that \u201cthe velvet revolution\u201d of Iran became the \u201cvelvet coup,\u201d with a little note of irony, but let me tell you something: This generation, with its hopes, dreams, anger and revolt, has forever changed the course of history. Nothing is going to be the same.<\/p>\n<p>From now on, nobody will judge Iranians by their so-called elected president.<\/p>\n<p>From now on, Iranians are fearless. They have regained their self-confidence.<\/p>\n<p>Despite all the dangers they said NO!<\/p>\n<p>And I\u2019m convinced this is just the beginning.<\/p>\n<p>From now on, I will always say: Once you leave your homeland, you can live anywhere. But I refuse to only die in Iran. I will one day live in Iran&#8230;or else my life will have had no meaning.<\/em><\/p>\n<p><object width=\"425\" height=\"344\"><param name=\"movie\" value=\"http:\/\/www.youtube.com\/v\/Qy0yWFXH1fY&#038;hl=de&#038;fs=1&#038;\"><\/param><param name=\"allowFullScreen\" value=\"true\"><\/param><param name=\"allowscriptaccess\" value=\"always\"><\/param><\/object><\/p>\n","protected":false},"excerpt":{"rendered":"<p>Die gro\u00dfartige iranische Zeichnerin und Filmemacherin Marjane Satrapi lebt nun schon seit mehr als 10 Jahren im Exil. In der New York Times hat sie aufgeschrieben, was die Demonstrationen der Opposition in ihr ausl\u00f6sten. (Unten ein Trailer f\u00fcr ihren Film &#8222;Persepolis&#8220; &#8211; \u00fcber das Aufwachsen mit der Revolution &#8211; und gegen die Revolution &#8211; muss [&hellip;]<\/p>\n","protected":false},"author":54,"featured_media":0,"comment_status":"open","ping_status":"closed","sticky":false,"template":"","format":"standard","meta":{"jetpack_post_was_ever_published":false,"footnotes":""},"categories":[166],"tags":[],"class_list":["post-2731","post","type-post","status-publish","format-standard","hentry","category-iran"],"yoast_head":"<!-- This site is optimized with the Yoast SEO plugin v21.0 - https:\/\/yoast.com\/wordpress\/plugins\/seo\/ -->\n<title>Marjane Satrapi: Nicht ist mehr wie es war im Iran! - J\u00f6rg Lau<\/title>\n<meta name=\"robots\" content=\"index, follow, max-snippet:-1, max-image-preview:large, max-video-preview:-1\" \/>\n<link rel=\"canonical\" href=\"https:\/\/blog.zeit.de\/joerglau\/2009\/07\/04\/marjane-satrapi-nicht-ist-mehr-wie-es-war-im-iran_2731\" \/>\n<meta property=\"og:locale\" content=\"de_DE\" \/>\n<meta property=\"og:type\" content=\"article\" \/>\n<meta property=\"og:title\" content=\"Marjane Satrapi: Nicht ist mehr wie es war im Iran! - J\u00f6rg Lau\" \/>\n<meta property=\"og:description\" content=\"Die gro\u00dfartige iranische Zeichnerin und Filmemacherin Marjane Satrapi lebt nun schon seit mehr als 10 Jahren im Exil. In der New York Times hat sie aufgeschrieben, was die Demonstrationen der Opposition in ihr ausl\u00f6sten. (Unten ein Trailer f\u00fcr ihren Film &#8222;Persepolis&#8220; &#8211; \u00fcber das Aufwachsen mit der Revolution &#8211; und gegen die Revolution &#8211; muss [&hellip;]\" \/>\n<meta property=\"og:url\" content=\"https:\/\/blog.zeit.de\/joerglau\/2009\/07\/04\/marjane-satrapi-nicht-ist-mehr-wie-es-war-im-iran_2731\" \/>\n<meta property=\"og:site_name\" content=\"J\u00f6rg Lau\" \/>\n<meta property=\"article:published_time\" content=\"2009-07-04T16:23:36+00:00\" \/>\n<meta name=\"author\" content=\"J\u00f6rg Lau\" \/>\n<meta name=\"twitter:card\" content=\"summary_large_image\" \/>\n<meta name=\"twitter:label1\" content=\"Geschrieben von\" \/>\n\t<meta name=\"twitter:data1\" content=\"J\u00f6rg Lau\" \/>\n\t<meta name=\"twitter:label2\" content=\"Gesch\u00e4tzte Lesezeit\" \/>\n\t<meta name=\"twitter:data2\" content=\"2\u00a0Minuten\" \/>\n<script type=\"application\/ld+json\" class=\"yoast-schema-graph\">{\"@context\":\"https:\/\/schema.org\",\"@graph\":[{\"@type\":\"WebPage\",\"@id\":\"https:\/\/blog.zeit.de\/joerglau\/2009\/07\/04\/marjane-satrapi-nicht-ist-mehr-wie-es-war-im-iran_2731\",\"url\":\"https:\/\/blog.zeit.de\/joerglau\/2009\/07\/04\/marjane-satrapi-nicht-ist-mehr-wie-es-war-im-iran_2731\",\"name\":\"Marjane Satrapi: Nicht ist mehr wie es war im Iran! - J\u00f6rg Lau\",\"isPartOf\":{\"@id\":\"https:\/\/blog.zeit.de\/joerglau\/#website\"},\"datePublished\":\"2009-07-04T16:23:36+00:00\",\"dateModified\":\"2009-07-04T16:23:36+00:00\",\"author\":{\"@id\":\"https:\/\/blog.zeit.de\/joerglau\/#\/schema\/person\/55f0be9bfac24815791fbc852b042f57\"},\"breadcrumb\":{\"@id\":\"https:\/\/blog.zeit.de\/joerglau\/2009\/07\/04\/marjane-satrapi-nicht-ist-mehr-wie-es-war-im-iran_2731#breadcrumb\"},\"inLanguage\":\"de\",\"potentialAction\":[{\"@type\":\"ReadAction\",\"target\":[\"https:\/\/blog.zeit.de\/joerglau\/2009\/07\/04\/marjane-satrapi-nicht-ist-mehr-wie-es-war-im-iran_2731\"]}]},{\"@type\":\"BreadcrumbList\",\"@id\":\"https:\/\/blog.zeit.de\/joerglau\/2009\/07\/04\/marjane-satrapi-nicht-ist-mehr-wie-es-war-im-iran_2731#breadcrumb\",\"itemListElement\":[{\"@type\":\"ListItem\",\"position\":1,\"name\":\"Startseite\",\"item\":\"https:\/\/blog.zeit.de\/joerglau\"},{\"@type\":\"ListItem\",\"position\":2,\"name\":\"Marjane Satrapi: Nicht ist mehr wie es war im Iran!\"}]},{\"@type\":\"WebSite\",\"@id\":\"https:\/\/blog.zeit.de\/joerglau\/#website\",\"url\":\"https:\/\/blog.zeit.de\/joerglau\/\",\"name\":\"J\u00f6rg Lau\",\"description\":\"Ein Blog \u00fcber Religion und Politik\",\"potentialAction\":[{\"@type\":\"SearchAction\",\"target\":{\"@type\":\"EntryPoint\",\"urlTemplate\":\"https:\/\/blog.zeit.de\/joerglau\/?s={search_term_string}\"},\"query-input\":\"required name=search_term_string\"}],\"inLanguage\":\"de\"},{\"@type\":\"Person\",\"@id\":\"https:\/\/blog.zeit.de\/joerglau\/#\/schema\/person\/55f0be9bfac24815791fbc852b042f57\",\"name\":\"J\u00f6rg Lau\",\"image\":{\"@type\":\"ImageObject\",\"inLanguage\":\"de\",\"@id\":\"https:\/\/blog.zeit.de\/joerglau\/#\/schema\/person\/image\/\",\"url\":\"https:\/\/secure.gravatar.com\/avatar\/a5fe39bf4f5335b8bac36eefa0b41467221b1598bfea5f05159a0199e391eed0?s=96&d=mm&r=g\",\"contentUrl\":\"https:\/\/secure.gravatar.com\/avatar\/a5fe39bf4f5335b8bac36eefa0b41467221b1598bfea5f05159a0199e391eed0?s=96&d=mm&r=g\",\"caption\":\"J\u00f6rg Lau\"},\"url\":\"https:\/\/blog.zeit.de\/joerglau\/author\/joerg-lau\"}]}<\/script>\n<!-- \/ Yoast SEO plugin. -->","yoast_head_json":{"title":"Marjane Satrapi: Nicht ist mehr wie es war im Iran! - J\u00f6rg Lau","robots":{"index":"index","follow":"follow","max-snippet":"max-snippet:-1","max-image-preview":"max-image-preview:large","max-video-preview":"max-video-preview:-1"},"canonical":"https:\/\/blog.zeit.de\/joerglau\/2009\/07\/04\/marjane-satrapi-nicht-ist-mehr-wie-es-war-im-iran_2731","og_locale":"de_DE","og_type":"article","og_title":"Marjane Satrapi: Nicht ist mehr wie es war im Iran! - J\u00f6rg Lau","og_description":"Die gro\u00dfartige iranische Zeichnerin und Filmemacherin Marjane Satrapi lebt nun schon seit mehr als 10 Jahren im Exil. In der New York Times hat sie aufgeschrieben, was die Demonstrationen der Opposition in ihr ausl\u00f6sten. (Unten ein Trailer f\u00fcr ihren Film &#8222;Persepolis&#8220; &#8211; \u00fcber das Aufwachsen mit der Revolution &#8211; und gegen die Revolution &#8211; muss [&hellip;]","og_url":"https:\/\/blog.zeit.de\/joerglau\/2009\/07\/04\/marjane-satrapi-nicht-ist-mehr-wie-es-war-im-iran_2731","og_site_name":"J\u00f6rg Lau","article_published_time":"2009-07-04T16:23:36+00:00","author":"J\u00f6rg Lau","twitter_card":"summary_large_image","twitter_misc":{"Geschrieben von":"J\u00f6rg Lau","Gesch\u00e4tzte Lesezeit":"2\u00a0Minuten"},"schema":{"@context":"https:\/\/schema.org","@graph":[{"@type":"WebPage","@id":"https:\/\/blog.zeit.de\/joerglau\/2009\/07\/04\/marjane-satrapi-nicht-ist-mehr-wie-es-war-im-iran_2731","url":"https:\/\/blog.zeit.de\/joerglau\/2009\/07\/04\/marjane-satrapi-nicht-ist-mehr-wie-es-war-im-iran_2731","name":"Marjane Satrapi: Nicht ist mehr wie es war im Iran! - J\u00f6rg Lau","isPartOf":{"@id":"https:\/\/blog.zeit.de\/joerglau\/#website"},"datePublished":"2009-07-04T16:23:36+00:00","dateModified":"2009-07-04T16:23:36+00:00","author":{"@id":"https:\/\/blog.zeit.de\/joerglau\/#\/schema\/person\/55f0be9bfac24815791fbc852b042f57"},"breadcrumb":{"@id":"https:\/\/blog.zeit.de\/joerglau\/2009\/07\/04\/marjane-satrapi-nicht-ist-mehr-wie-es-war-im-iran_2731#breadcrumb"},"inLanguage":"de","potentialAction":[{"@type":"ReadAction","target":["https:\/\/blog.zeit.de\/joerglau\/2009\/07\/04\/marjane-satrapi-nicht-ist-mehr-wie-es-war-im-iran_2731"]}]},{"@type":"BreadcrumbList","@id":"https:\/\/blog.zeit.de\/joerglau\/2009\/07\/04\/marjane-satrapi-nicht-ist-mehr-wie-es-war-im-iran_2731#breadcrumb","itemListElement":[{"@type":"ListItem","position":1,"name":"Startseite","item":"https:\/\/blog.zeit.de\/joerglau"},{"@type":"ListItem","position":2,"name":"Marjane Satrapi: Nicht ist mehr wie es war im Iran!"}]},{"@type":"WebSite","@id":"https:\/\/blog.zeit.de\/joerglau\/#website","url":"https:\/\/blog.zeit.de\/joerglau\/","name":"J\u00f6rg Lau","description":"Ein Blog \u00fcber Religion und Politik","potentialAction":[{"@type":"SearchAction","target":{"@type":"EntryPoint","urlTemplate":"https:\/\/blog.zeit.de\/joerglau\/?s={search_term_string}"},"query-input":"required name=search_term_string"}],"inLanguage":"de"},{"@type":"Person","@id":"https:\/\/blog.zeit.de\/joerglau\/#\/schema\/person\/55f0be9bfac24815791fbc852b042f57","name":"J\u00f6rg Lau","image":{"@type":"ImageObject","inLanguage":"de","@id":"https:\/\/blog.zeit.de\/joerglau\/#\/schema\/person\/image\/","url":"https:\/\/secure.gravatar.com\/avatar\/a5fe39bf4f5335b8bac36eefa0b41467221b1598bfea5f05159a0199e391eed0?s=96&d=mm&r=g","contentUrl":"https:\/\/secure.gravatar.com\/avatar\/a5fe39bf4f5335b8bac36eefa0b41467221b1598bfea5f05159a0199e391eed0?s=96&d=mm&r=g","caption":"J\u00f6rg Lau"},"url":"https:\/\/blog.zeit.de\/joerglau\/author\/joerg-lau"}]}},"jetpack_featured_media_url":"","jetpack_sharing_enabled":true,"jetpack_shortlink":"https:\/\/wp.me\/pG02W-I3","_links":{"self":[{"href":"https:\/\/blog.zeit.de\/joerglau\/wp-json\/wp\/v2\/posts\/2731","targetHints":{"allow":["GET"]}}],"collection":[{"href":"https:\/\/blog.zeit.de\/joerglau\/wp-json\/wp\/v2\/posts"}],"about":[{"href":"https:\/\/blog.zeit.de\/joerglau\/wp-json\/wp\/v2\/types\/post"}],"author":[{"embeddable":true,"href":"https:\/\/blog.zeit.de\/joerglau\/wp-json\/wp\/v2\/users\/54"}],"replies":[{"embeddable":true,"href":"https:\/\/blog.zeit.de\/joerglau\/wp-json\/wp\/v2\/comments?post=2731"}],"version-history":[{"count":0,"href":"https:\/\/blog.zeit.de\/joerglau\/wp-json\/wp\/v2\/posts\/2731\/revisions"}],"wp:attachment":[{"href":"https:\/\/blog.zeit.de\/joerglau\/wp-json\/wp\/v2\/media?parent=2731"}],"wp:term":[{"taxonomy":"category","embeddable":true,"href":"https:\/\/blog.zeit.de\/joerglau\/wp-json\/wp\/v2\/categories?post=2731"},{"taxonomy":"post_tag","embeddable":true,"href":"https:\/\/blog.zeit.de\/joerglau\/wp-json\/wp\/v2\/tags?post=2731"}],"curies":[{"name":"wp","href":"https:\/\/api.w.org\/{rel}","templated":true}]}}