{"id":2801,"date":"2009-08-05T12:29:11","date_gmt":"2009-08-05T10:29:11","guid":{"rendered":"http:\/\/blog.zeit.de\/joerglau\/?p=2801"},"modified":"2009-08-05T12:29:11","modified_gmt":"2009-08-05T10:29:11","slug":"zitat-des-tages","status":"publish","type":"post","link":"https:\/\/blog.zeit.de\/joerglau\/2009\/08\/05\/zitat-des-tages_2801","title":{"rendered":"Zitat des Tages"},"content":{"rendered":"<p>&#8222;Your army kills innocent people in Iraq and Afghanistan and Israel takes Palestinian land by force.&#8220;<\/p>\n<p>Die Armee, von der hier die Rede ist, ist die australische. Die Parallelisierung mit Israel ist bemerkenswert: Ein Blick in das geschlossene Weltbild des Dschihadisten.<\/p>\n<p>Dies sagte einer der mutma\u00dflichen Attent\u00e4ter, die gestern in Australien festgenommen worden waren, dem Haftrichter. Wissam Mahmoud Fattal, der zusammen mit vier anderen M\u00e4nnern geplant haben soll, eine Kaserne der australischen Armee zu \u00fcberfallen und dabei so viele Soldaten wie m\u00f6glich zu t\u00f6ten.<\/p>\n<p><a href=\"http:\/\/news.bbc.co.uk\/2\/hi\/asia-pacific\/8184683.stm\">BBC berichtet<\/a> auch, dass die M\u00e4nner sich um eine Fatwa bem\u00fcht haben, um die Aktion religi\u00f6s zu rechtfertigen. Ob sie dabei Erfolg hatten, wurde nicht mitgeteilt:<\/p>\n<p>&#8222;The men&#8217;s intention was to actually go into the [Holsworthy] army barracks and to kill as many soldiers as they could before they themselves were killed,&#8220; said Tony Negus, acting chief commissioner of the Australian Federal Police.<\/p>\n<p>The attack would have been the most serious terrorist attack on Australian soil, Mr Negus added.<\/p>\n<p>&#8222;Members of the group have been actively seeking a fatwa or religious ruling to justify a terror attack on Australia,&#8220; he said.<\/p>\n","protected":false},"excerpt":{"rendered":"<p>&#8222;Your army kills innocent people in Iraq and Afghanistan and Israel takes Palestinian land by force.&#8220; Die Armee, von der hier die Rede ist, ist die australische. Die Parallelisierung mit Israel ist bemerkenswert: Ein Blick in das geschlossene Weltbild des Dschihadisten. Dies sagte einer der mutma\u00dflichen Attent\u00e4ter, die gestern in Australien festgenommen worden waren, dem [&hellip;]<\/p>\n","protected":false},"author":54,"featured_media":0,"comment_status":"open","ping_status":"closed","sticky":false,"template":"","format":"standard","meta":{"jetpack_post_was_ever_published":false,"footnotes":""},"categories":[157,167],"tags":[],"class_list":["post-2801","post","type-post","status-publish","format-standard","hentry","category-die-freunde-und-die-feinde-des-islams","category-islamismus-und-terror"],"yoast_head":"<!-- This site is optimized with the Yoast SEO plugin v21.0 - https:\/\/yoast.com\/wordpress\/plugins\/seo\/ -->\n<title>Zitat des Tages - J\u00f6rg Lau<\/title>\n<meta name=\"robots\" content=\"index, follow, max-snippet:-1, max-image-preview:large, max-video-preview:-1\" \/>\n<link rel=\"canonical\" href=\"https:\/\/blog.zeit.de\/joerglau\/2009\/08\/05\/zitat-des-tages_2801\" \/>\n<meta property=\"og:locale\" content=\"de_DE\" \/>\n<meta property=\"og:type\" content=\"article\" \/>\n<meta property=\"og:title\" content=\"Zitat des Tages - J\u00f6rg Lau\" \/>\n<meta property=\"og:description\" content=\"&#8222;Your army kills innocent people in Iraq and Afghanistan and Israel takes Palestinian land by force.&#8220; Die Armee, von der hier die Rede ist, ist die australische. Die Parallelisierung mit Israel ist bemerkenswert: Ein Blick in das geschlossene Weltbild des Dschihadisten. Dies sagte einer der mutma\u00dflichen Attent\u00e4ter, die gestern in Australien festgenommen worden waren, dem [&hellip;]\" \/>\n<meta property=\"og:url\" content=\"https:\/\/blog.zeit.de\/joerglau\/2009\/08\/05\/zitat-des-tages_2801\" \/>\n<meta property=\"og:site_name\" content=\"J\u00f6rg Lau\" \/>\n<meta property=\"article:published_time\" content=\"2009-08-05T10:29:11+00:00\" \/>\n<meta name=\"author\" content=\"J\u00f6rg Lau\" \/>\n<meta name=\"twitter:card\" content=\"summary_large_image\" \/>\n<meta name=\"twitter:label1\" content=\"Geschrieben von\" \/>\n\t<meta name=\"twitter:data1\" content=\"J\u00f6rg Lau\" \/>\n\t<meta name=\"twitter:label2\" content=\"Gesch\u00e4tzte Lesezeit\" \/>\n\t<meta name=\"twitter:data2\" content=\"1\u00a0Minute\" \/>\n<script type=\"application\/ld+json\" class=\"yoast-schema-graph\">{\"@context\":\"https:\/\/schema.org\",\"@graph\":[{\"@type\":\"WebPage\",\"@id\":\"https:\/\/blog.zeit.de\/joerglau\/2009\/08\/05\/zitat-des-tages_2801\",\"url\":\"https:\/\/blog.zeit.de\/joerglau\/2009\/08\/05\/zitat-des-tages_2801\",\"name\":\"Zitat des Tages - J\u00f6rg Lau\",\"isPartOf\":{\"@id\":\"https:\/\/blog.zeit.de\/joerglau\/#website\"},\"datePublished\":\"2009-08-05T10:29:11+00:00\",\"dateModified\":\"2009-08-05T10:29:11+00:00\",\"author\":{\"@id\":\"https:\/\/blog.zeit.de\/joerglau\/#\/schema\/person\/55f0be9bfac24815791fbc852b042f57\"},\"breadcrumb\":{\"@id\":\"https:\/\/blog.zeit.de\/joerglau\/2009\/08\/05\/zitat-des-tages_2801#breadcrumb\"},\"inLanguage\":\"de\",\"potentialAction\":[{\"@type\":\"ReadAction\",\"target\":[\"https:\/\/blog.zeit.de\/joerglau\/2009\/08\/05\/zitat-des-tages_2801\"]}]},{\"@type\":\"BreadcrumbList\",\"@id\":\"https:\/\/blog.zeit.de\/joerglau\/2009\/08\/05\/zitat-des-tages_2801#breadcrumb\",\"itemListElement\":[{\"@type\":\"ListItem\",\"position\":1,\"name\":\"Startseite\",\"item\":\"https:\/\/blog.zeit.de\/joerglau\"},{\"@type\":\"ListItem\",\"position\":2,\"name\":\"Zitat des Tages\"}]},{\"@type\":\"WebSite\",\"@id\":\"https:\/\/blog.zeit.de\/joerglau\/#website\",\"url\":\"https:\/\/blog.zeit.de\/joerglau\/\",\"name\":\"J\u00f6rg Lau\",\"description\":\"Ein Blog \u00fcber Religion und Politik\",\"potentialAction\":[{\"@type\":\"SearchAction\",\"target\":{\"@type\":\"EntryPoint\",\"urlTemplate\":\"https:\/\/blog.zeit.de\/joerglau\/?s={search_term_string}\"},\"query-input\":\"required name=search_term_string\"}],\"inLanguage\":\"de\"},{\"@type\":\"Person\",\"@id\":\"https:\/\/blog.zeit.de\/joerglau\/#\/schema\/person\/55f0be9bfac24815791fbc852b042f57\",\"name\":\"J\u00f6rg Lau\",\"image\":{\"@type\":\"ImageObject\",\"inLanguage\":\"de\",\"@id\":\"https:\/\/blog.zeit.de\/joerglau\/#\/schema\/person\/image\/\",\"url\":\"https:\/\/secure.gravatar.com\/avatar\/a5fe39bf4f5335b8bac36eefa0b41467221b1598bfea5f05159a0199e391eed0?s=96&d=mm&r=g\",\"contentUrl\":\"https:\/\/secure.gravatar.com\/avatar\/a5fe39bf4f5335b8bac36eefa0b41467221b1598bfea5f05159a0199e391eed0?s=96&d=mm&r=g\",\"caption\":\"J\u00f6rg Lau\"},\"url\":\"https:\/\/blog.zeit.de\/joerglau\/author\/joerg-lau\"}]}<\/script>\n<!-- \/ Yoast SEO plugin. -->","yoast_head_json":{"title":"Zitat des Tages - J\u00f6rg Lau","robots":{"index":"index","follow":"follow","max-snippet":"max-snippet:-1","max-image-preview":"max-image-preview:large","max-video-preview":"max-video-preview:-1"},"canonical":"https:\/\/blog.zeit.de\/joerglau\/2009\/08\/05\/zitat-des-tages_2801","og_locale":"de_DE","og_type":"article","og_title":"Zitat des Tages - J\u00f6rg Lau","og_description":"&#8222;Your army kills innocent people in Iraq and Afghanistan and Israel takes Palestinian land by force.&#8220; Die Armee, von der hier die Rede ist, ist die australische. Die Parallelisierung mit Israel ist bemerkenswert: Ein Blick in das geschlossene Weltbild des Dschihadisten. Dies sagte einer der mutma\u00dflichen Attent\u00e4ter, die gestern in Australien festgenommen worden waren, dem [&hellip;]","og_url":"https:\/\/blog.zeit.de\/joerglau\/2009\/08\/05\/zitat-des-tages_2801","og_site_name":"J\u00f6rg Lau","article_published_time":"2009-08-05T10:29:11+00:00","author":"J\u00f6rg Lau","twitter_card":"summary_large_image","twitter_misc":{"Geschrieben von":"J\u00f6rg Lau","Gesch\u00e4tzte Lesezeit":"1\u00a0Minute"},"schema":{"@context":"https:\/\/schema.org","@graph":[{"@type":"WebPage","@id":"https:\/\/blog.zeit.de\/joerglau\/2009\/08\/05\/zitat-des-tages_2801","url":"https:\/\/blog.zeit.de\/joerglau\/2009\/08\/05\/zitat-des-tages_2801","name":"Zitat des Tages - J\u00f6rg Lau","isPartOf":{"@id":"https:\/\/blog.zeit.de\/joerglau\/#website"},"datePublished":"2009-08-05T10:29:11+00:00","dateModified":"2009-08-05T10:29:11+00:00","author":{"@id":"https:\/\/blog.zeit.de\/joerglau\/#\/schema\/person\/55f0be9bfac24815791fbc852b042f57"},"breadcrumb":{"@id":"https:\/\/blog.zeit.de\/joerglau\/2009\/08\/05\/zitat-des-tages_2801#breadcrumb"},"inLanguage":"de","potentialAction":[{"@type":"ReadAction","target":["https:\/\/blog.zeit.de\/joerglau\/2009\/08\/05\/zitat-des-tages_2801"]}]},{"@type":"BreadcrumbList","@id":"https:\/\/blog.zeit.de\/joerglau\/2009\/08\/05\/zitat-des-tages_2801#breadcrumb","itemListElement":[{"@type":"ListItem","position":1,"name":"Startseite","item":"https:\/\/blog.zeit.de\/joerglau"},{"@type":"ListItem","position":2,"name":"Zitat des Tages"}]},{"@type":"WebSite","@id":"https:\/\/blog.zeit.de\/joerglau\/#website","url":"https:\/\/blog.zeit.de\/joerglau\/","name":"J\u00f6rg Lau","description":"Ein Blog \u00fcber Religion und Politik","potentialAction":[{"@type":"SearchAction","target":{"@type":"EntryPoint","urlTemplate":"https:\/\/blog.zeit.de\/joerglau\/?s={search_term_string}"},"query-input":"required name=search_term_string"}],"inLanguage":"de"},{"@type":"Person","@id":"https:\/\/blog.zeit.de\/joerglau\/#\/schema\/person\/55f0be9bfac24815791fbc852b042f57","name":"J\u00f6rg Lau","image":{"@type":"ImageObject","inLanguage":"de","@id":"https:\/\/blog.zeit.de\/joerglau\/#\/schema\/person\/image\/","url":"https:\/\/secure.gravatar.com\/avatar\/a5fe39bf4f5335b8bac36eefa0b41467221b1598bfea5f05159a0199e391eed0?s=96&d=mm&r=g","contentUrl":"https:\/\/secure.gravatar.com\/avatar\/a5fe39bf4f5335b8bac36eefa0b41467221b1598bfea5f05159a0199e391eed0?s=96&d=mm&r=g","caption":"J\u00f6rg Lau"},"url":"https:\/\/blog.zeit.de\/joerglau\/author\/joerg-lau"}]}},"jetpack_featured_media_url":"","jetpack_sharing_enabled":true,"jetpack_shortlink":"https:\/\/wp.me\/pG02W-Jb","_links":{"self":[{"href":"https:\/\/blog.zeit.de\/joerglau\/wp-json\/wp\/v2\/posts\/2801","targetHints":{"allow":["GET"]}}],"collection":[{"href":"https:\/\/blog.zeit.de\/joerglau\/wp-json\/wp\/v2\/posts"}],"about":[{"href":"https:\/\/blog.zeit.de\/joerglau\/wp-json\/wp\/v2\/types\/post"}],"author":[{"embeddable":true,"href":"https:\/\/blog.zeit.de\/joerglau\/wp-json\/wp\/v2\/users\/54"}],"replies":[{"embeddable":true,"href":"https:\/\/blog.zeit.de\/joerglau\/wp-json\/wp\/v2\/comments?post=2801"}],"version-history":[{"count":0,"href":"https:\/\/blog.zeit.de\/joerglau\/wp-json\/wp\/v2\/posts\/2801\/revisions"}],"wp:attachment":[{"href":"https:\/\/blog.zeit.de\/joerglau\/wp-json\/wp\/v2\/media?parent=2801"}],"wp:term":[{"taxonomy":"category","embeddable":true,"href":"https:\/\/blog.zeit.de\/joerglau\/wp-json\/wp\/v2\/categories?post=2801"},{"taxonomy":"post_tag","embeddable":true,"href":"https:\/\/blog.zeit.de\/joerglau\/wp-json\/wp\/v2\/tags?post=2801"}],"curies":[{"name":"wp","href":"https:\/\/api.w.org\/{rel}","templated":true}]}}