{"id":2833,"date":"2009-08-09T16:33:25","date_gmt":"2009-08-09T14:33:25","guid":{"rendered":"http:\/\/blog.zeit.de\/joerglau\/?p=2833"},"modified":"2009-08-09T16:33:25","modified_gmt":"2009-08-09T14:33:25","slug":"iranischer-journalist-mit-hilfe-von-nokia-eingesperrt","status":"publish","type":"post","link":"https:\/\/blog.zeit.de\/joerglau\/2009\/08\/09\/iranischer-journalist-mit-hilfe-von-nokia-eingesperrt_2833","title":{"rendered":"Iranischer Journalist mit Hilfe von Nokia eingesperrt"},"content":{"rendered":"<p>Der k\u00fcrzlich <a href=\"https:\/\/blog.zeit.de\/joerglau\/2009\/08\/07\/iran-protest-geht-weiter_2824\">hier zitierte junge Blogger Mehdi Saharkhiz<\/a> hat sich in einem herzerweichenden Aufruf f\u00fcr seinen Vater eingesetzt, den bekannten Reform-Journalisten Issa Saharkhiz. Der 56j\u00e4hrige Issa Saharkhiz wurde am 4. Juli verhaftet, er wurde dabei geschlagen (mehrere Rippen wurden gebrochen), sein Verlag wurde durchsucht, Computer beschlagnahmt und seine B\u00fcros verw\u00fcstet.<br \/>\nSo lange die absto\u00dfenden Schauprozesse im Iran weitergehen und die Journalistenkollegen dort mit willk\u00fcrlichen Verhaftungen, Folter und Behinderung ihrer Arbeit rechnen m\u00fcssen, werde ich hier regelm\u00e4ssig der Tyrannei ein Gesicht zu geben versuchen &#8211; das Gesicht ihrer Opfer.<\/p>\n<p>\u00dcbrigens: In einem <a href=\"http:\/\/images.google.de\/imgres?imgurl=http:\/\/www.payvand.com\/news\/09\/jul\/Issa-Saharkhiz.jpg&amp;imgrefurl=http:\/\/www.payvand.com\/news\/09\/jul\/1240.html&amp;usg=__w79BLmskY9Dec4yn0YJZbCV-gj4=&amp;h=300&amp;w=400&amp;sz=23&amp;hl=de&amp;start=2&amp;um=1&amp;tbnid=f5ey6NgtoZ-1zM:&amp;tbnh=93&amp;tbnw=124&amp;prev=\/images%3Fq%3Dissa%2Bsahrkhiz%26hl%3Dde%26safe%3Doff%26client%3Dfirefox-a%26rls%3Dorg.mozilla:de:official%26sa%3DN%26um%3D1\">Gespr\u00e4ch mit seiner Familie<\/a> hat Issa Saharkhiz gesagt, er sei mit Hilfe der Nokia-Tracking-Technologie aufgesp\u00fcrt worden. Er ist somit auch das Gesicht der Schande dieses skandal\u00f6sen Konzerns, der den Mullahs Mittel zur Unterdr\u00fcckung der Opposition an die Hand gegeben hat.<\/p>\n<p>Dies ist Issa Saharkhiz, und unten folgt der Aufruf seines Sohnes:<\/p>\n<p><a href=\"https:\/\/blog.zeit.de\/joerglau\/files\/2009\/08\/issa-saharkhiz.jpg\"><img loading=\"lazy\" decoding=\"async\" class=\"alignnone size-full wp-image-2834\" title=\"issa-saharkhiz\" src=\"https:\/\/blog.zeit.de\/joerglau\/files\/2009\/08\/issa-saharkhiz.jpg\" alt=\"\" width=\"400\" height=\"300\" srcset=\"https:\/\/blog.zeit.de\/joerglau\/files\/2009\/08\/issa-saharkhiz.jpg 400w, https:\/\/blog.zeit.de\/joerglau\/files\/2009\/08\/issa-saharkhiz-300x225.jpg 300w\" sizes=\"auto, (max-width: 400px) 100vw, 400px\" \/><\/a><\/p>\n<p>&#8222;I am Mehdi Saharkhiz, Proud son of the journalist and political activist Isa Saharkhiz.\u00a0 He is in jail for speaking his mind in opposition to the dictators that hijacked the elections in Iran. He was kidnapped in a way that his ribs were broken, he is kept in solitary confinement in an undisclosed location. My dad dedicated his life in order to depose the Shah and help with the establishment of the Islamic Republic of Iran\u2014a republic that was supposed to be free and respect peoples\u2019 votes, voices, and opinions. My father spent years fighting Saddam whom had illegally entered Iran&#8217;s sovereign land and imposed a war against the Iranian people. He fought alongside his brother, my uncle, Saeed who was eventually killed in the war, and millions of other brave Iranians. He fought for my rights. He fought for the rights of Iranians. They rewarded him by putting him behind bars in solitary confinement&#8230;&#8220; (<a href=\"http:\/\/www.iranian.com\/main\/2009\/jul\/we-will-never-be-silent\">Mehr lesen<\/a>.)<\/p>\n<p>Hier ein <a href=\"http:\/\/www.iranhr.ch\/index\/news\/220-urgent-action-journalist-festgenommen.html\">Appell von Amnesty<\/a>.<\/p>\n<p>Hier die <a href=\"http:\/\/www.roozonline.com\/english\/author\/name\/issa_saharkhiz.html\">Texte von Saharkhiz auf Rooz Online<\/a>.<\/p>\n","protected":false},"excerpt":{"rendered":"<p>Der k\u00fcrzlich hier zitierte junge Blogger Mehdi Saharkhiz hat sich in einem herzerweichenden Aufruf f\u00fcr seinen Vater eingesetzt, den bekannten Reform-Journalisten Issa Saharkhiz. Der 56j\u00e4hrige Issa Saharkhiz wurde am 4. Juli verhaftet, er wurde dabei geschlagen (mehrere Rippen wurden gebrochen), sein Verlag wurde durchsucht, Computer beschlagnahmt und seine B\u00fcros verw\u00fcstet. So lange die absto\u00dfenden Schauprozesse [&hellip;]<\/p>\n","protected":false},"author":54,"featured_media":0,"comment_status":"open","ping_status":"closed","sticky":false,"template":"","format":"standard","meta":{"jetpack_post_was_ever_published":false,"footnotes":""},"categories":[166,170],"tags":[],"class_list":["post-2833","post","type-post","status-publish","format-standard","hentry","category-iran","category-menschenrechte"],"yoast_head":"<!-- This site is optimized with the Yoast SEO plugin v21.0 - https:\/\/yoast.com\/wordpress\/plugins\/seo\/ -->\n<title>Iranischer Journalist mit Hilfe von Nokia eingesperrt - J\u00f6rg Lau<\/title>\n<meta name=\"robots\" content=\"index, follow, max-snippet:-1, max-image-preview:large, max-video-preview:-1\" \/>\n<link rel=\"canonical\" href=\"https:\/\/blog.zeit.de\/joerglau\/2009\/08\/09\/iranischer-journalist-mit-hilfe-von-nokia-eingesperrt_2833\" \/>\n<meta property=\"og:locale\" content=\"de_DE\" \/>\n<meta property=\"og:type\" content=\"article\" \/>\n<meta property=\"og:title\" content=\"Iranischer Journalist mit Hilfe von Nokia eingesperrt - J\u00f6rg Lau\" \/>\n<meta property=\"og:description\" content=\"Der k\u00fcrzlich hier zitierte junge Blogger Mehdi Saharkhiz hat sich in einem herzerweichenden Aufruf f\u00fcr seinen Vater eingesetzt, den bekannten Reform-Journalisten Issa Saharkhiz. Der 56j\u00e4hrige Issa Saharkhiz wurde am 4. Juli verhaftet, er wurde dabei geschlagen (mehrere Rippen wurden gebrochen), sein Verlag wurde durchsucht, Computer beschlagnahmt und seine B\u00fcros verw\u00fcstet. So lange die absto\u00dfenden Schauprozesse [&hellip;]\" \/>\n<meta property=\"og:url\" content=\"https:\/\/blog.zeit.de\/joerglau\/2009\/08\/09\/iranischer-journalist-mit-hilfe-von-nokia-eingesperrt_2833\" \/>\n<meta property=\"og:site_name\" content=\"J\u00f6rg Lau\" \/>\n<meta property=\"article:published_time\" content=\"2009-08-09T14:33:25+00:00\" \/>\n<meta property=\"og:image\" content=\"https:\/\/blog.zeit.de\/joerglau\/files\/2009\/08\/issa-saharkhiz.jpg\" \/>\n<meta name=\"author\" content=\"J\u00f6rg Lau\" \/>\n<meta name=\"twitter:card\" content=\"summary_large_image\" \/>\n<meta name=\"twitter:label1\" content=\"Geschrieben von\" \/>\n\t<meta name=\"twitter:data1\" content=\"J\u00f6rg Lau\" \/>\n\t<meta name=\"twitter:label2\" content=\"Gesch\u00e4tzte Lesezeit\" \/>\n\t<meta name=\"twitter:data2\" content=\"2\u00a0Minuten\" \/>\n<script type=\"application\/ld+json\" class=\"yoast-schema-graph\">{\"@context\":\"https:\/\/schema.org\",\"@graph\":[{\"@type\":\"WebPage\",\"@id\":\"https:\/\/blog.zeit.de\/joerglau\/2009\/08\/09\/iranischer-journalist-mit-hilfe-von-nokia-eingesperrt_2833\",\"url\":\"https:\/\/blog.zeit.de\/joerglau\/2009\/08\/09\/iranischer-journalist-mit-hilfe-von-nokia-eingesperrt_2833\",\"name\":\"Iranischer Journalist mit Hilfe von Nokia eingesperrt - J\u00f6rg Lau\",\"isPartOf\":{\"@id\":\"https:\/\/blog.zeit.de\/joerglau\/#website\"},\"datePublished\":\"2009-08-09T14:33:25+00:00\",\"dateModified\":\"2009-08-09T14:33:25+00:00\",\"author\":{\"@id\":\"https:\/\/blog.zeit.de\/joerglau\/#\/schema\/person\/55f0be9bfac24815791fbc852b042f57\"},\"breadcrumb\":{\"@id\":\"https:\/\/blog.zeit.de\/joerglau\/2009\/08\/09\/iranischer-journalist-mit-hilfe-von-nokia-eingesperrt_2833#breadcrumb\"},\"inLanguage\":\"de\",\"potentialAction\":[{\"@type\":\"ReadAction\",\"target\":[\"https:\/\/blog.zeit.de\/joerglau\/2009\/08\/09\/iranischer-journalist-mit-hilfe-von-nokia-eingesperrt_2833\"]}]},{\"@type\":\"BreadcrumbList\",\"@id\":\"https:\/\/blog.zeit.de\/joerglau\/2009\/08\/09\/iranischer-journalist-mit-hilfe-von-nokia-eingesperrt_2833#breadcrumb\",\"itemListElement\":[{\"@type\":\"ListItem\",\"position\":1,\"name\":\"Startseite\",\"item\":\"https:\/\/blog.zeit.de\/joerglau\"},{\"@type\":\"ListItem\",\"position\":2,\"name\":\"Iranischer Journalist mit Hilfe von Nokia eingesperrt\"}]},{\"@type\":\"WebSite\",\"@id\":\"https:\/\/blog.zeit.de\/joerglau\/#website\",\"url\":\"https:\/\/blog.zeit.de\/joerglau\/\",\"name\":\"J\u00f6rg Lau\",\"description\":\"Ein Blog \u00fcber Religion und Politik\",\"potentialAction\":[{\"@type\":\"SearchAction\",\"target\":{\"@type\":\"EntryPoint\",\"urlTemplate\":\"https:\/\/blog.zeit.de\/joerglau\/?s={search_term_string}\"},\"query-input\":\"required name=search_term_string\"}],\"inLanguage\":\"de\"},{\"@type\":\"Person\",\"@id\":\"https:\/\/blog.zeit.de\/joerglau\/#\/schema\/person\/55f0be9bfac24815791fbc852b042f57\",\"name\":\"J\u00f6rg Lau\",\"image\":{\"@type\":\"ImageObject\",\"inLanguage\":\"de\",\"@id\":\"https:\/\/blog.zeit.de\/joerglau\/#\/schema\/person\/image\/\",\"url\":\"https:\/\/secure.gravatar.com\/avatar\/a5fe39bf4f5335b8bac36eefa0b41467221b1598bfea5f05159a0199e391eed0?s=96&d=mm&r=g\",\"contentUrl\":\"https:\/\/secure.gravatar.com\/avatar\/a5fe39bf4f5335b8bac36eefa0b41467221b1598bfea5f05159a0199e391eed0?s=96&d=mm&r=g\",\"caption\":\"J\u00f6rg Lau\"},\"url\":\"https:\/\/blog.zeit.de\/joerglau\/author\/joerg-lau\"}]}<\/script>\n<!-- \/ Yoast SEO plugin. -->","yoast_head_json":{"title":"Iranischer Journalist mit Hilfe von Nokia eingesperrt - J\u00f6rg Lau","robots":{"index":"index","follow":"follow","max-snippet":"max-snippet:-1","max-image-preview":"max-image-preview:large","max-video-preview":"max-video-preview:-1"},"canonical":"https:\/\/blog.zeit.de\/joerglau\/2009\/08\/09\/iranischer-journalist-mit-hilfe-von-nokia-eingesperrt_2833","og_locale":"de_DE","og_type":"article","og_title":"Iranischer Journalist mit Hilfe von Nokia eingesperrt - J\u00f6rg Lau","og_description":"Der k\u00fcrzlich hier zitierte junge Blogger Mehdi Saharkhiz hat sich in einem herzerweichenden Aufruf f\u00fcr seinen Vater eingesetzt, den bekannten Reform-Journalisten Issa Saharkhiz. Der 56j\u00e4hrige Issa Saharkhiz wurde am 4. Juli verhaftet, er wurde dabei geschlagen (mehrere Rippen wurden gebrochen), sein Verlag wurde durchsucht, Computer beschlagnahmt und seine B\u00fcros verw\u00fcstet. So lange die absto\u00dfenden Schauprozesse [&hellip;]","og_url":"https:\/\/blog.zeit.de\/joerglau\/2009\/08\/09\/iranischer-journalist-mit-hilfe-von-nokia-eingesperrt_2833","og_site_name":"J\u00f6rg Lau","article_published_time":"2009-08-09T14:33:25+00:00","og_image":[{"url":"https:\/\/blog.zeit.de\/joerglau\/files\/2009\/08\/issa-saharkhiz.jpg"}],"author":"J\u00f6rg Lau","twitter_card":"summary_large_image","twitter_misc":{"Geschrieben von":"J\u00f6rg Lau","Gesch\u00e4tzte Lesezeit":"2\u00a0Minuten"},"schema":{"@context":"https:\/\/schema.org","@graph":[{"@type":"WebPage","@id":"https:\/\/blog.zeit.de\/joerglau\/2009\/08\/09\/iranischer-journalist-mit-hilfe-von-nokia-eingesperrt_2833","url":"https:\/\/blog.zeit.de\/joerglau\/2009\/08\/09\/iranischer-journalist-mit-hilfe-von-nokia-eingesperrt_2833","name":"Iranischer Journalist mit Hilfe von Nokia eingesperrt - J\u00f6rg Lau","isPartOf":{"@id":"https:\/\/blog.zeit.de\/joerglau\/#website"},"datePublished":"2009-08-09T14:33:25+00:00","dateModified":"2009-08-09T14:33:25+00:00","author":{"@id":"https:\/\/blog.zeit.de\/joerglau\/#\/schema\/person\/55f0be9bfac24815791fbc852b042f57"},"breadcrumb":{"@id":"https:\/\/blog.zeit.de\/joerglau\/2009\/08\/09\/iranischer-journalist-mit-hilfe-von-nokia-eingesperrt_2833#breadcrumb"},"inLanguage":"de","potentialAction":[{"@type":"ReadAction","target":["https:\/\/blog.zeit.de\/joerglau\/2009\/08\/09\/iranischer-journalist-mit-hilfe-von-nokia-eingesperrt_2833"]}]},{"@type":"BreadcrumbList","@id":"https:\/\/blog.zeit.de\/joerglau\/2009\/08\/09\/iranischer-journalist-mit-hilfe-von-nokia-eingesperrt_2833#breadcrumb","itemListElement":[{"@type":"ListItem","position":1,"name":"Startseite","item":"https:\/\/blog.zeit.de\/joerglau"},{"@type":"ListItem","position":2,"name":"Iranischer Journalist mit Hilfe von Nokia eingesperrt"}]},{"@type":"WebSite","@id":"https:\/\/blog.zeit.de\/joerglau\/#website","url":"https:\/\/blog.zeit.de\/joerglau\/","name":"J\u00f6rg Lau","description":"Ein Blog \u00fcber Religion und Politik","potentialAction":[{"@type":"SearchAction","target":{"@type":"EntryPoint","urlTemplate":"https:\/\/blog.zeit.de\/joerglau\/?s={search_term_string}"},"query-input":"required name=search_term_string"}],"inLanguage":"de"},{"@type":"Person","@id":"https:\/\/blog.zeit.de\/joerglau\/#\/schema\/person\/55f0be9bfac24815791fbc852b042f57","name":"J\u00f6rg Lau","image":{"@type":"ImageObject","inLanguage":"de","@id":"https:\/\/blog.zeit.de\/joerglau\/#\/schema\/person\/image\/","url":"https:\/\/secure.gravatar.com\/avatar\/a5fe39bf4f5335b8bac36eefa0b41467221b1598bfea5f05159a0199e391eed0?s=96&d=mm&r=g","contentUrl":"https:\/\/secure.gravatar.com\/avatar\/a5fe39bf4f5335b8bac36eefa0b41467221b1598bfea5f05159a0199e391eed0?s=96&d=mm&r=g","caption":"J\u00f6rg Lau"},"url":"https:\/\/blog.zeit.de\/joerglau\/author\/joerg-lau"}]}},"jetpack_featured_media_url":"","jetpack_sharing_enabled":true,"jetpack_shortlink":"https:\/\/wp.me\/pG02W-JH","_links":{"self":[{"href":"https:\/\/blog.zeit.de\/joerglau\/wp-json\/wp\/v2\/posts\/2833","targetHints":{"allow":["GET"]}}],"collection":[{"href":"https:\/\/blog.zeit.de\/joerglau\/wp-json\/wp\/v2\/posts"}],"about":[{"href":"https:\/\/blog.zeit.de\/joerglau\/wp-json\/wp\/v2\/types\/post"}],"author":[{"embeddable":true,"href":"https:\/\/blog.zeit.de\/joerglau\/wp-json\/wp\/v2\/users\/54"}],"replies":[{"embeddable":true,"href":"https:\/\/blog.zeit.de\/joerglau\/wp-json\/wp\/v2\/comments?post=2833"}],"version-history":[{"count":0,"href":"https:\/\/blog.zeit.de\/joerglau\/wp-json\/wp\/v2\/posts\/2833\/revisions"}],"wp:attachment":[{"href":"https:\/\/blog.zeit.de\/joerglau\/wp-json\/wp\/v2\/media?parent=2833"}],"wp:term":[{"taxonomy":"category","embeddable":true,"href":"https:\/\/blog.zeit.de\/joerglau\/wp-json\/wp\/v2\/categories?post=2833"},{"taxonomy":"post_tag","embeddable":true,"href":"https:\/\/blog.zeit.de\/joerglau\/wp-json\/wp\/v2\/tags?post=2833"}],"curies":[{"name":"wp","href":"https:\/\/api.w.org\/{rel}","templated":true}]}}