{"id":287,"date":"2007-02-20T14:25:35","date_gmt":"2007-02-20T12:25:35","guid":{"rendered":"http:\/\/blog.zeit.de\/joerglau\/2007\/02\/20\/kritisches-zu-auden_287"},"modified":"2007-02-20T14:25:35","modified_gmt":"2007-02-20T12:25:35","slug":"kritisches-zu-auden","status":"publish","type":"post","link":"https:\/\/blog.zeit.de\/joerglau\/2007\/02\/20\/kritisches-zu-auden_287","title":{"rendered":"Kritisches zu Auden"},"content":{"rendered":"<p>Mitblogger und Kommentator Augs gibt angesichts meines Auden-Kults folgendes zu bedenken:<\/p>\n<blockquote><p>Gro\u00dfe Dichter sagen die Wahrheit, sehr h\u00e4ufig malgr\u00e9 eux. Ein bekanntes propagandistisches Gedicht von Auden (\u2019Spain 1937\u2032) endet so:<\/p>\n<p>To-day the inevitable increase in the chances of death;<br \/>\nthe conscious acceptance of guilt in the face of murder*;<br \/>\nto-day the expending of powers<br \/>\non the flat ephemeral pamphlet and the boring meeting.<\/p>\n<p>To-day the makeshift consolations; the shared cigarette;<br \/>\nthe cards in the candle-lit barn and the scraping concert,<br \/>\nthe masculine jokes; to-day the<br \/>\nfumbled and unsatisfactory embrace before hurting.<\/p>\n<p>The stars are dead; the animals will not look;<br \/>\nwe are let alone with our day, and the time is short and<br \/>\nhistory to the defeated<br \/>\nmay say Alas but cannot help or pardon.<\/p>\n<p>*Urspr\u00fcnglich \u201cthe conscious acceptance of necessary murder\u201d.<\/p>\n<p>Die Frage sei erlaubt: Auf wen oder was mag man heute Audens Hymne auf die k\u00e4mpfende, mordende Linke im spanischen B\u00fcrgerkrieg beziehen? <\/p><\/blockquote>\n","protected":false},"excerpt":{"rendered":"<p>Mitblogger und Kommentator Augs gibt angesichts meines Auden-Kults folgendes zu bedenken: Gro\u00dfe Dichter sagen die Wahrheit, sehr h\u00e4ufig malgr\u00e9 eux. Ein bekanntes propagandistisches Gedicht von Auden (\u2019Spain 1937\u2032) endet so: To-day the inevitable increase in the chances of death; the conscious acceptance of guilt in the face of murder*; to-day the expending of powers on [&hellip;]<\/p>\n","protected":false},"author":54,"featured_media":0,"comment_status":"open","ping_status":"closed","sticky":false,"template":"","format":"standard","meta":{"jetpack_post_was_ever_published":false,"footnotes":""},"categories":[155,156],"tags":[],"class_list":["post-287","post","type-post","status-publish","format-standard","hentry","category-debatte","category-dichtung"],"yoast_head":"<!-- This site is optimized with the Yoast SEO plugin v21.0 - https:\/\/yoast.com\/wordpress\/plugins\/seo\/ -->\n<title>Kritisches zu Auden - J\u00f6rg Lau<\/title>\n<meta name=\"robots\" content=\"index, follow, max-snippet:-1, max-image-preview:large, max-video-preview:-1\" \/>\n<link rel=\"canonical\" href=\"https:\/\/blog.zeit.de\/joerglau\/2007\/02\/20\/kritisches-zu-auden_287\" \/>\n<meta property=\"og:locale\" content=\"de_DE\" \/>\n<meta property=\"og:type\" content=\"article\" \/>\n<meta property=\"og:title\" content=\"Kritisches zu Auden - J\u00f6rg Lau\" \/>\n<meta property=\"og:description\" content=\"Mitblogger und Kommentator Augs gibt angesichts meines Auden-Kults folgendes zu bedenken: Gro\u00dfe Dichter sagen die Wahrheit, sehr h\u00e4ufig malgr\u00e9 eux. Ein bekanntes propagandistisches Gedicht von Auden (\u2019Spain 1937\u2032) endet so: To-day the inevitable increase in the chances of death; the conscious acceptance of guilt in the face of murder*; to-day the expending of powers on [&hellip;]\" \/>\n<meta property=\"og:url\" content=\"https:\/\/blog.zeit.de\/joerglau\/2007\/02\/20\/kritisches-zu-auden_287\" \/>\n<meta property=\"og:site_name\" content=\"J\u00f6rg Lau\" \/>\n<meta property=\"article:published_time\" content=\"2007-02-20T12:25:35+00:00\" \/>\n<meta name=\"author\" content=\"J\u00f6rg Lau\" \/>\n<meta name=\"twitter:card\" content=\"summary_large_image\" \/>\n<meta name=\"twitter:label1\" content=\"Geschrieben von\" \/>\n\t<meta name=\"twitter:data1\" content=\"J\u00f6rg Lau\" \/>\n\t<meta name=\"twitter:label2\" content=\"Gesch\u00e4tzte Lesezeit\" \/>\n\t<meta name=\"twitter:data2\" content=\"1\u00a0Minute\" \/>\n<script type=\"application\/ld+json\" class=\"yoast-schema-graph\">{\"@context\":\"https:\/\/schema.org\",\"@graph\":[{\"@type\":\"WebPage\",\"@id\":\"https:\/\/blog.zeit.de\/joerglau\/2007\/02\/20\/kritisches-zu-auden_287\",\"url\":\"https:\/\/blog.zeit.de\/joerglau\/2007\/02\/20\/kritisches-zu-auden_287\",\"name\":\"Kritisches zu Auden - J\u00f6rg Lau\",\"isPartOf\":{\"@id\":\"https:\/\/blog.zeit.de\/joerglau\/#website\"},\"datePublished\":\"2007-02-20T12:25:35+00:00\",\"dateModified\":\"2007-02-20T12:25:35+00:00\",\"author\":{\"@id\":\"https:\/\/blog.zeit.de\/joerglau\/#\/schema\/person\/55f0be9bfac24815791fbc852b042f57\"},\"breadcrumb\":{\"@id\":\"https:\/\/blog.zeit.de\/joerglau\/2007\/02\/20\/kritisches-zu-auden_287#breadcrumb\"},\"inLanguage\":\"de\",\"potentialAction\":[{\"@type\":\"ReadAction\",\"target\":[\"https:\/\/blog.zeit.de\/joerglau\/2007\/02\/20\/kritisches-zu-auden_287\"]}]},{\"@type\":\"BreadcrumbList\",\"@id\":\"https:\/\/blog.zeit.de\/joerglau\/2007\/02\/20\/kritisches-zu-auden_287#breadcrumb\",\"itemListElement\":[{\"@type\":\"ListItem\",\"position\":1,\"name\":\"Startseite\",\"item\":\"https:\/\/blog.zeit.de\/joerglau\"},{\"@type\":\"ListItem\",\"position\":2,\"name\":\"Kritisches zu Auden\"}]},{\"@type\":\"WebSite\",\"@id\":\"https:\/\/blog.zeit.de\/joerglau\/#website\",\"url\":\"https:\/\/blog.zeit.de\/joerglau\/\",\"name\":\"J\u00f6rg Lau\",\"description\":\"Ein Blog \u00fcber Religion und Politik\",\"potentialAction\":[{\"@type\":\"SearchAction\",\"target\":{\"@type\":\"EntryPoint\",\"urlTemplate\":\"https:\/\/blog.zeit.de\/joerglau\/?s={search_term_string}\"},\"query-input\":\"required name=search_term_string\"}],\"inLanguage\":\"de\"},{\"@type\":\"Person\",\"@id\":\"https:\/\/blog.zeit.de\/joerglau\/#\/schema\/person\/55f0be9bfac24815791fbc852b042f57\",\"name\":\"J\u00f6rg Lau\",\"image\":{\"@type\":\"ImageObject\",\"inLanguage\":\"de\",\"@id\":\"https:\/\/blog.zeit.de\/joerglau\/#\/schema\/person\/image\/\",\"url\":\"https:\/\/secure.gravatar.com\/avatar\/a5fe39bf4f5335b8bac36eefa0b41467221b1598bfea5f05159a0199e391eed0?s=96&d=mm&r=g\",\"contentUrl\":\"https:\/\/secure.gravatar.com\/avatar\/a5fe39bf4f5335b8bac36eefa0b41467221b1598bfea5f05159a0199e391eed0?s=96&d=mm&r=g\",\"caption\":\"J\u00f6rg Lau\"},\"url\":\"https:\/\/blog.zeit.de\/joerglau\/author\/joerg-lau\"}]}<\/script>\n<!-- \/ Yoast SEO plugin. -->","yoast_head_json":{"title":"Kritisches zu Auden - J\u00f6rg Lau","robots":{"index":"index","follow":"follow","max-snippet":"max-snippet:-1","max-image-preview":"max-image-preview:large","max-video-preview":"max-video-preview:-1"},"canonical":"https:\/\/blog.zeit.de\/joerglau\/2007\/02\/20\/kritisches-zu-auden_287","og_locale":"de_DE","og_type":"article","og_title":"Kritisches zu Auden - J\u00f6rg Lau","og_description":"Mitblogger und Kommentator Augs gibt angesichts meines Auden-Kults folgendes zu bedenken: Gro\u00dfe Dichter sagen die Wahrheit, sehr h\u00e4ufig malgr\u00e9 eux. Ein bekanntes propagandistisches Gedicht von Auden (\u2019Spain 1937\u2032) endet so: To-day the inevitable increase in the chances of death; the conscious acceptance of guilt in the face of murder*; to-day the expending of powers on [&hellip;]","og_url":"https:\/\/blog.zeit.de\/joerglau\/2007\/02\/20\/kritisches-zu-auden_287","og_site_name":"J\u00f6rg Lau","article_published_time":"2007-02-20T12:25:35+00:00","author":"J\u00f6rg Lau","twitter_card":"summary_large_image","twitter_misc":{"Geschrieben von":"J\u00f6rg Lau","Gesch\u00e4tzte Lesezeit":"1\u00a0Minute"},"schema":{"@context":"https:\/\/schema.org","@graph":[{"@type":"WebPage","@id":"https:\/\/blog.zeit.de\/joerglau\/2007\/02\/20\/kritisches-zu-auden_287","url":"https:\/\/blog.zeit.de\/joerglau\/2007\/02\/20\/kritisches-zu-auden_287","name":"Kritisches zu Auden - J\u00f6rg Lau","isPartOf":{"@id":"https:\/\/blog.zeit.de\/joerglau\/#website"},"datePublished":"2007-02-20T12:25:35+00:00","dateModified":"2007-02-20T12:25:35+00:00","author":{"@id":"https:\/\/blog.zeit.de\/joerglau\/#\/schema\/person\/55f0be9bfac24815791fbc852b042f57"},"breadcrumb":{"@id":"https:\/\/blog.zeit.de\/joerglau\/2007\/02\/20\/kritisches-zu-auden_287#breadcrumb"},"inLanguage":"de","potentialAction":[{"@type":"ReadAction","target":["https:\/\/blog.zeit.de\/joerglau\/2007\/02\/20\/kritisches-zu-auden_287"]}]},{"@type":"BreadcrumbList","@id":"https:\/\/blog.zeit.de\/joerglau\/2007\/02\/20\/kritisches-zu-auden_287#breadcrumb","itemListElement":[{"@type":"ListItem","position":1,"name":"Startseite","item":"https:\/\/blog.zeit.de\/joerglau"},{"@type":"ListItem","position":2,"name":"Kritisches zu Auden"}]},{"@type":"WebSite","@id":"https:\/\/blog.zeit.de\/joerglau\/#website","url":"https:\/\/blog.zeit.de\/joerglau\/","name":"J\u00f6rg Lau","description":"Ein Blog \u00fcber Religion und Politik","potentialAction":[{"@type":"SearchAction","target":{"@type":"EntryPoint","urlTemplate":"https:\/\/blog.zeit.de\/joerglau\/?s={search_term_string}"},"query-input":"required name=search_term_string"}],"inLanguage":"de"},{"@type":"Person","@id":"https:\/\/blog.zeit.de\/joerglau\/#\/schema\/person\/55f0be9bfac24815791fbc852b042f57","name":"J\u00f6rg Lau","image":{"@type":"ImageObject","inLanguage":"de","@id":"https:\/\/blog.zeit.de\/joerglau\/#\/schema\/person\/image\/","url":"https:\/\/secure.gravatar.com\/avatar\/a5fe39bf4f5335b8bac36eefa0b41467221b1598bfea5f05159a0199e391eed0?s=96&d=mm&r=g","contentUrl":"https:\/\/secure.gravatar.com\/avatar\/a5fe39bf4f5335b8bac36eefa0b41467221b1598bfea5f05159a0199e391eed0?s=96&d=mm&r=g","caption":"J\u00f6rg Lau"},"url":"https:\/\/blog.zeit.de\/joerglau\/author\/joerg-lau"}]}},"jetpack_featured_media_url":"","jetpack_sharing_enabled":true,"jetpack_shortlink":"https:\/\/wp.me\/pG02W-4D","_links":{"self":[{"href":"https:\/\/blog.zeit.de\/joerglau\/wp-json\/wp\/v2\/posts\/287","targetHints":{"allow":["GET"]}}],"collection":[{"href":"https:\/\/blog.zeit.de\/joerglau\/wp-json\/wp\/v2\/posts"}],"about":[{"href":"https:\/\/blog.zeit.de\/joerglau\/wp-json\/wp\/v2\/types\/post"}],"author":[{"embeddable":true,"href":"https:\/\/blog.zeit.de\/joerglau\/wp-json\/wp\/v2\/users\/54"}],"replies":[{"embeddable":true,"href":"https:\/\/blog.zeit.de\/joerglau\/wp-json\/wp\/v2\/comments?post=287"}],"version-history":[{"count":0,"href":"https:\/\/blog.zeit.de\/joerglau\/wp-json\/wp\/v2\/posts\/287\/revisions"}],"wp:attachment":[{"href":"https:\/\/blog.zeit.de\/joerglau\/wp-json\/wp\/v2\/media?parent=287"}],"wp:term":[{"taxonomy":"category","embeddable":true,"href":"https:\/\/blog.zeit.de\/joerglau\/wp-json\/wp\/v2\/categories?post=287"},{"taxonomy":"post_tag","embeddable":true,"href":"https:\/\/blog.zeit.de\/joerglau\/wp-json\/wp\/v2\/tags?post=287"}],"curies":[{"name":"wp","href":"https:\/\/api.w.org\/{rel}","templated":true}]}}